{"id":634134,"date":"2026-06-30T16:25:10","date_gmt":"2026-06-30T16:25:10","guid":{"rendered":"https:\/\/www.europesays.com\/es\/634134\/"},"modified":"2026-06-30T16:25:10","modified_gmt":"2026-06-30T16:25:10","slug":"mikel-landa-muy-decepcionado-se-resigna-a-no-poder-correr-el-tour-de-2026-txirrindularitza","status":"publish","type":"post","link":"https:\/\/www.europesays.com\/es\/634134\/","title":{"rendered":"Mikel Landa, \u00abmuy decepcionado\u00bb, se resigna a no poder correr el Tour de 2026 | Txirrindularitza"},"content":{"rendered":"<p>        <img decoding=\"async\" alt=\"Mikel Landa, en la v\u00edspera de su grave ca\u00edda en la Itzulia.\" loading=\"lazy\"   height=\"800\" width=\"1200\" src=\"https:\/\/www.europesays.com\/es\/wp-content\/uploads\/2026\/06\/Landa.jpg\"\/>Mikel Landa, en la v\u00edspera de su grave ca\u00edda en la Itzulia. (Aritz LOIOLA | FOKU)<\/p>\n<p>Era un secreto a voces que este martes ha tenido su amarga confirmaci\u00f3n: Mikel Landa, despu\u00e9s de perderse el Giro, tampoco estar\u00e1 en el Tour 2026. El escalador de Murgia ha mostrado su decepci\u00f3n por no poder disputar la ronda gala debido a su persistente lesi\u00f3n de espalda producida <a href=\"https:\/\/www.naiz.eus\/eu\/info\/noticia\/20260407\/paul-seixasek-astindua-eman-dio-itzuliko-tropelari-eta-aralarko-jauna-bihurtu-da\" rel=\"nofollow noopener\" target=\"_blank\">por una ca\u00edda en la \u00faltima edici\u00f3n de la Euskal Herriko Itzulia<\/a>, por lo que su equipo Soudal contar\u00e1 con el belga Tim Merlier como baza para buscar triunfos al sprint.<\/p>\n<p>Una ausencia notable la del alav\u00e9s, quinto en la general de la edici\u00f3n de 2024 en su primer a\u00f1o con el equipo y otras dos veces cuarto clasificado de la general. Landa iba a correr su octavo Tour, pero debido a una persistente lesi\u00f3n de espalda no estar\u00e1 presente en la salida, seg\u00fan ha informado el equipo.<\/p>\n<p>\u00abEstoy muy decepcionado porque no estar\u00e9 all\u00ed despu\u00e9s de haberme perdido ya el Giro. Ha sido un a\u00f1o dif\u00edcil hasta ahora, y despu\u00e9s de tener problemas en el Tour de Suiza, me di cuenta de que no tiene sentido intentar ir al Tour. Ahora es importante descansar y recuperarme, y espero estar en la salida de la Vuelta dentro de dos meses\u00bb, ha declarado Landa en declaraciones a la web de su equipo.<\/p>\n<p>La formaci\u00f3n del Soudal Quick Step lo van a componer estos ocho corredores: Pascal Eenkhoorn, Tim Merlier, Valentin Paret-Peintre, Jasper Stuyven, Dylan van Baarle, Bert Van Lerberghe, Ilan Van Wilder y Luis Vervaeke.<\/p>\n<p>La baza del equipo ser\u00e1 Tim Merlier. Los numerosos velocistas que participar\u00e1n en el Tour tendr\u00e1n al menos cinco oportunidades para luchar por la victoria y los muchos puntos que estas conllevan en la clasificaci\u00f3n del maillot verde.<\/p>\n<p>Este a\u00f1o habr\u00e1 un total de cinco finales en alto, incluyendo Orci\u00e8res-Merlette, donde Luis Oca\u00f1a logr\u00f3 una memorable victoria en 1971, y Alpe d&#8217;Huez, que se disputar\u00e1 en etapas consecutivas.\u00a0<\/p>\n<p>\n      Honi buruzko guztia:<br \/>\n      <a href=\"https:\/\/www.naiz.eus\/eu\/info_sek\/tour-2026\" rel=\"nofollow noopener\" target=\"_blank\">Tour 2026<\/a>\n    <\/p>\n","protected":false},"excerpt":{"rendered":"Mikel Landa, en la v\u00edspera de su grave ca\u00edda en la Itzulia. (Aritz LOIOLA | FOKU) Era un&hellip;\n","protected":false},"author":2,"featured_media":634135,"comment_status":"","ping_status":"","sticky":false,"template":"","format":"standard","meta":{"footnotes":""},"categories":[273],"tags":[3076,313,30597,312,5240,168,25,24,12049,5484,689,4233,117463,23,167,316],"class_list":["post-634134","post","type-post","status-publish","format-standard","has-post-thumbnail","category-ciclismo","tag-3076","tag-ciclismo","tag-correr","tag-cycling","tag-decepcionado","tag-deportes","tag-es","tag-espana","tag-landa","tag-mikel","tag-no","tag-poder","tag-resigna","tag-spain","tag-sports","tag-tour"],"share_on_mastodon":{"url":"https:\/\/pubeurope.com\/@es\/116839995056728760","error":""},"_links":{"self":[{"href":"https:\/\/www.europesays.com\/es\/wp-json\/wp\/v2\/posts\/634134","targetHints":{"allow":["GET"]}}],"collection":[{"href":"https:\/\/www.europesays.com\/es\/wp-json\/wp\/v2\/posts"}],"about":[{"href":"https:\/\/www.europesays.com\/es\/wp-json\/wp\/v2\/types\/post"}],"author":[{"embeddable":true,"href":"https:\/\/www.europesays.com\/es\/wp-json\/wp\/v2\/users\/2"}],"replies":[{"embeddable":true,"href":"https:\/\/www.europesays.com\/es\/wp-json\/wp\/v2\/comments?post=634134"}],"version-history":[{"count":0,"href":"https:\/\/www.europesays.com\/es\/wp-json\/wp\/v2\/posts\/634134\/revisions"}],"wp:featuredmedia":[{"embeddable":true,"href":"https:\/\/www.europesays.com\/es\/wp-json\/wp\/v2\/media\/634135"}],"wp:attachment":[{"href":"https:\/\/www.europesays.com\/es\/wp-json\/wp\/v2\/media?parent=634134"}],"wp:term":[{"taxonomy":"category","embeddable":true,"href":"https:\/\/www.europesays.com\/es\/wp-json\/wp\/v2\/categories?post=634134"},{"taxonomy":"post_tag","embeddable":true,"href":"https:\/\/www.europesays.com\/es\/wp-json\/wp\/v2\/tags?post=634134"}],"curies":[{"name":"wp","href":"https:\/\/api.w.org\/{rel}","templated":true}]}}