{"id":634175,"date":"2026-06-30T16:53:19","date_gmt":"2026-06-30T16:53:19","guid":{"rendered":"https:\/\/www.europesays.com\/es\/634175\/"},"modified":"2026-06-30T16:53:19","modified_gmt":"2026-06-30T16:53:19","slug":"marta-penate-derivada-a-oncologia-por-su-embarazo-ectopico-me-van-a-dar-quimioterapia","status":"publish","type":"post","link":"https:\/\/www.europesays.com\/es\/634175\/","title":{"rendered":"Marta Pe\u00f1ate, derivada a oncolog\u00eda por su embarazo ect\u00f3pico: \u00abMe van a dar quimioterapia\u00bb"},"content":{"rendered":"<p class=\"c-paragraph\">Contin\u00faan las complicaciones para <a href=\"https:\/\/www.20minutos.es\/tags\/personas\/marta-penate.html\" title=\"Marta Pe\u00f1ate\" rel=\"nofollow noopener\" target=\"_blank\">Marta Pe\u00f1ate<\/a> en su sue\u00f1o por ser madre a trav\u00e9s de la fecundaci\u00f3n in vitro (FIV). Tal y como ella inform\u00f3 hace unos d\u00edas en sus redes, la \u00faltima prueba a la que se someti\u00f3 dio positivo de embarazo en sangre, pero a los d\u00edas confirm\u00f3 que se trataba de un\u00a0<b><a href=\"https:\/\/www.20minutos.es\/gente\/nuevas-complicaciones-para-marta-penate-su-segundo-embarazo-ectopico-me-dijeron-que-puedo-soltar-medio-litro-sangre_6986584_0.html\" rel=\"nofollow noopener\" target=\"_blank\">embarazo ect\u00f3pico<\/a>,<\/b>\u00a0el segundo que padece.<\/p>\n<p class=\"c-paragraph\">\u00abLa beta, o sea, la hormona del embarazo, no ha bajado, ha subido, con lo cual la inyecci\u00f3n no ha funcionado\u00bb, explic\u00f3 la que fuera concursante de\u00a0Supervivientes\u00a0y\u00a0Gran Hermano,\u00a0quien sufri\u00f3 una hemorragia interna por la que tuvo que ir a urgencias.\u00a0<b>\u00abSi no me baja, me tienen que volver a pinchar\u00bb<\/b>, continu\u00f3 con su explicaci\u00f3n.<\/p>\n<p class=\"c-paragraph\">\u00ab<b>Pude soltar medio litro de sangre de golpe<\/b>\u00a0y es porque mi endometrio se ha dado cuenta de que no estoy embarazada. Pero sigo teniendo el quiste ah\u00ed, que es el embri\u00f3n. Se llama embarazo ect\u00f3pico cornual\u00bb, revel\u00f3.<\/p>\n<p class=\"c-paragraph\">Hace solo unas horas, la creadora de contenido ha actualizado su estado de salud, y tampoco ha trasladado buenas noticias al respecto.\u00a0No s\u00e9 c\u00f3mo empezar para que esto no parezca duro\u00bb, ha empezado explicando la canaria. \u00abEl embarazo ect\u00f3pico se ha complicado un poco y, dada la situaci\u00f3n, <b>se me han dado dos opciones: una, operarme con el riesgo de que se me pueda quitar el \u00fatero; y la otra opci\u00f3n es derivarme a oncolog\u00eda<\/b>\u00ab, ha explicado.<\/p>\n<p class=\"c-paragraph\">\u00abNo os asust\u00e9is\u00bb, les ha pedido a sus seguidores manteniendo la calma. \u00abDe entrada tengo que reconocer que cuando me dijeron esto a m\u00ed <b>me ech\u00e9 a llorar<\/b>, pero lo he entendido. Parece m\u00e1s fuerte de lo que es\u00bb, ha aclarado.<\/p>\n<p class=\"c-paragraph\">A continuaci\u00f3n, ha explicado los motivos por los que los profesionales han tomado esta decisi\u00f3n:\u00a0\u00abA m\u00ed me han pinchado metotrexato dos veces y no he conseguido nada con eso, y se me deriva a oncolog\u00eda, que es la opci\u00f3n que he decidido hacer. <b>\u00bfPor qu\u00e9 me tienen que poner dosis m\u00e1s altas de metotrexato? \u00bfQu\u00e9 es? Pues es quimioterapia<\/b>. Solamente me van a dar una o dos sesiones, no es m\u00e1s. Quiero explicar esto porque s\u00e9 que cuando hablan de oncolog\u00eda, quimioterapia, la gente se asusta. Yo me asust\u00e9. No es guay hacer todo esto. No es una quimioterapia larga. Hasta que se me reabsorba el embri\u00f3n o lo que sea\u00bb., ha expresado.<\/p>\n<p class=\"c-paragraph\">Adem\u00e1s, ha aclarado que no le va a producir \u00abefectos secundarios muy fuertes\u00bb: \u00ab<b>Lo m\u00e1s importante y es que yo estoy bien<\/b>. Me cost\u00f3 entenderlo, pero <b>mi salud no corre riesgo<\/b>. Soy feliz, estoy bien, y s\u00e9 que todo esto terminar\u00e1\u00bb.<\/p>\n<p class=\"c-paragraph\">\u00abSinceramente,\u00a0<b>mis ganas de ser madre pues han disminuido<\/b>, pero el tema de operarme y que puedan acabar quit\u00e1ndome el \u00fatero pues la quiero descartar. As\u00ed que me someto a ese tratamiento porque es la opci\u00f3n que he elegido. Hay t\u00e9rminos que asustan, pero, en ocasiones, hay que entender que es m\u00e1s el t\u00e9rmino que lo que es. He hablado con miles de m\u00e9dicos, he consultado, y todos me dicen que esa opci\u00f3n es la mejor por si en un futuro quiero volver a intentar ser madre. Operar mi \u00fatero es complicado\u00bb, ha concluido la televisiva.<\/p>\n","protected":false},"excerpt":{"rendered":"Contin\u00faan las complicaciones para Marta Pe\u00f1ate en su sue\u00f1o por ser madre a trav\u00e9s de la fecundaci\u00f3n in&hellip;\n","protected":false},"author":2,"featured_media":634176,"comment_status":"","ping_status":"","sticky":false,"template":"","format":"standard","meta":{"footnotes":""},"categories":[174],"tags":[255,117471,146,147,25,24,256,14494,3613,32154,5043,23],"class_list":["post-634175","post","type-post","status-publish","format-standard","has-post-thumbnail","category-famosos","tag-celebrities","tag-derivada","tag-entertainment","tag-entretenimiento","tag-es","tag-espana","tag-famosos","tag-marta","tag-oncologia","tag-penate","tag-por","tag-spain"],"share_on_mastodon":{"url":"https:\/\/pubeurope.com\/@es\/116840104502566349","error":""},"_links":{"self":[{"href":"https:\/\/www.europesays.com\/es\/wp-json\/wp\/v2\/posts\/634175","targetHints":{"allow":["GET"]}}],"collection":[{"href":"https:\/\/www.europesays.com\/es\/wp-json\/wp\/v2\/posts"}],"about":[{"href":"https:\/\/www.europesays.com\/es\/wp-json\/wp\/v2\/types\/post"}],"author":[{"embeddable":true,"href":"https:\/\/www.europesays.com\/es\/wp-json\/wp\/v2\/users\/2"}],"replies":[{"embeddable":true,"href":"https:\/\/www.europesays.com\/es\/wp-json\/wp\/v2\/comments?post=634175"}],"version-history":[{"count":0,"href":"https:\/\/www.europesays.com\/es\/wp-json\/wp\/v2\/posts\/634175\/revisions"}],"wp:featuredmedia":[{"embeddable":true,"href":"https:\/\/www.europesays.com\/es\/wp-json\/wp\/v2\/media\/634176"}],"wp:attachment":[{"href":"https:\/\/www.europesays.com\/es\/wp-json\/wp\/v2\/media?parent=634175"}],"wp:term":[{"taxonomy":"category","embeddable":true,"href":"https:\/\/www.europesays.com\/es\/wp-json\/wp\/v2\/categories?post=634175"},{"taxonomy":"post_tag","embeddable":true,"href":"https:\/\/www.europesays.com\/es\/wp-json\/wp\/v2\/tags?post=634175"}],"curies":[{"name":"wp","href":"https:\/\/api.w.org\/{rel}","templated":true}]}}