{"id":63421,"date":"2025-08-21T22:43:15","date_gmt":"2025-08-21T22:43:15","guid":{"rendered":"https:\/\/www.europesays.com\/es\/63421\/"},"modified":"2025-08-21T22:43:15","modified_gmt":"2025-08-21T22:43:15","slug":"galicia-miles-de-personas-exigen-en-galicia-la-dimision-de-alfonso-rueda-tras-su-gestion-de-los-incendios-forestales-el-salto","status":"publish","type":"post","link":"https:\/\/www.europesays.com\/es\/63421\/","title":{"rendered":"Galicia | Miles de personas exigen en Galicia la dimisi\u00f3n de Alfonso Rueda tras su gesti\u00f3n de los incendios forestales &#8211; El Salto"},"content":{"rendered":"<p>Miles de personas han salido a las calles en Galicia para exigir de forma tajante la dimisi\u00f3n del presidente de la Xunta, Alfonso Rueda, tras a\u00f1os aplicando una \u201cgesti\u00f3n forestal err\u00e1tica\u201d que, a juicio de los y las manifestantes es la principal causante de la enorme <a href=\"https:\/\/www.elsaltodiario.com\/galicia\/xunta-se-gasto-3-9-millones-campanas-publicidad-incendios-2020\" target=\"_blank\" rel=\"nofollow noopener\">ola de incendios forestales<\/a> que ha arrasado la provincia de Ourense y unas 90.000 hect\u00e1reas de territorio gallego.<\/p>\n<p>La Praza Maior de Ourense ciudad se convirti\u00f3, como era de esperar, en el escenario principal de una multitudinaria concentraci\u00f3n donde cientos de manifestantes alzaron su voz en defensa del futuro del monte gallego. Esta fue la segunda manifestaci\u00f3n en menos de una semana en la ciudad, lo que evidencia el creciente malestar ciudadano.<\/p>\n<p>Los asistentes expresaron su frustraci\u00f3n con la gesti\u00f3n auton\u00f3mica. Varios manifestantes admitieron sentirse \u201cdecepcionados y avergonzados\u201d con la respuesta de las autoridades, mientras que otros destacaron el \u201ccansancio\u201d de presenciar \u201cun a\u00f1o m\u00e1s\u201d c\u00f3mo \u201clos montes y aldeas arden sin que nadie tome una sola medida eficaz\u201d.\u00a0<\/p>\n<p>El ambiente se intensific\u00f3 con consignas como \u2018As\u00ed de duro, sen monte non hai futuro\u2019, \u2018Coa noas terra non se xoga\u2019 y \u2018A terra \u00e9 nosa e non da celulosa\u2019. Los manifestantes dirigieron sus cr\u00edticas directamente hacia el presidente de la Xunta, Alfonso Rueda, gritando \u201cGaliza arde, Rueda responsable\u2019 y \u2018Partido Popular inimigo do rural\u2019, mientras demandaban su dimisi\u00f3n.<\/p>\n<p>Cristina Campos dio lectura al manifiesto de la plataforma, donde se denunci\u00f3 que \u201cgran parte de los espacios se van a quedar te\u00f1idos de negro\u201d, describiendo la situaci\u00f3n como un \u201cPrestige de interior\u201d causado por las llamas, con m\u00e1s de 900.000 hect\u00e1reas devastadas.<\/p>\n<p>El documento plantea demandas concretas: la creaci\u00f3n de un servicio p\u00fablico de bomberos forestales \u201cprofesional y permanente\u201d con \u201cla dimensi\u00f3n necesaria para atender a la realidad existente\u201d, as\u00ed como una \u201cmoratoria indefinida\u201d a la plantaci\u00f3n de eucaliptos en Galicia.<\/p>\n<p>Miles de personas llenan el centro de Vigo<\/p>\n<p>La ciudad de Vigo tambi\u00e9n fue testigo de una importante movilizaci\u00f3n con m\u00e1s de mil participantes que marcharon desde la Farola de Urz\u00e1iz hasta la sede territorial de la Xunta. Los manifestantes corearon lemas como \u2018Goberne quen goberne, o monte non se vende\u2019.<\/p>\n<p>Dirigentes pol\u00edticos se suman al reclamo<\/p>\n<p>Entre los asistentes de la concentraci\u00f3n de Ourense se encontraba Ana Pont\u00f3n, portavoz nacional del Bloque Nacionalista Galego (BNG), acompa\u00f1ada de otros representantes pol\u00edticos del partido. Pont\u00f3n valor\u00f3 la movilizaci\u00f3n ciudadana, declarando: \u201cLo que estamos viendo en toda Galicia, primero, es el amor que tenemos por nuestra tierra\u201d. Tambi\u00e9n defendi\u00f3 a la \u201cciudadan\u00eda cr\u00edtica que est\u00e1 reclamando un cambio de rumbo respecto a las pol\u00edticas de la Xunta y tambi\u00e9n responsabilidades pol\u00edticas por una negligente gesti\u00f3n\u201d.<\/p>\n<p>La manifestaci\u00f3n de Vigo cont\u00f3 con la presencia de destacadas figuras pol\u00edticas, incluyendo a Yolanda D\u00edaz, vicepresidenta segunda del Gobierno y ministra de Trabajo, quien insisti\u00f3 en la necesidad de condiciones laborales \u201cdignas\u201d para los bomberos forestales, calificando como \u201cuna barbaridad\u201d que el servicio de extinci\u00f3n est\u00e9 \u201cen manos privadas\u201d.<\/p>\n<p>El diputado del BNG en el Congreso, N\u00e9stor Rego, critic\u00f3 la falta de pol\u00edticas preventivas y demand\u00f3 un \u201ccambio de modelo\u201d frente a la \u201cdesastrosa gesti\u00f3n\u201d de la crisis.\u00a0<\/p>\n<p>La ra\u00edz del problema seg\u00fan los manifestantes<\/p>\n<p>Crist\u00f3bal L\u00f3pez, portavoz de la plataforma organizadora, responsabiliz\u00f3 a la pol\u00edtica forestal auton\u00f3mica del \u201cdesastre ecol\u00f3gico, social y ambiental\u201d, se\u00f1alando la escasa prevenci\u00f3n y la permisividad ante la \u201ceucaliptizaci\u00f3n\u201d. Seg\u00fan su an\u00e1lisis, estas condiciones generan incendios de tal magnitud que se vuelven \u201cincontrolables\u201d, dejando como \u00fanica alternativa \u201cencomendarse al cielo para que se abra y llueva\u201d.<\/p>\n","protected":false},"excerpt":{"rendered":"Miles de personas han salido a las calles en Galicia para exigir de forma tajante la dimisi\u00f3n del&hellip;\n","protected":false},"author":2,"featured_media":63422,"comment_status":"","ping_status":"","sticky":false,"template":"","format":"standard","meta":{"footnotes":""},"categories":[8],"tags":[517,1484,17,18,25,24,13,14,11,19,20,9,10,15,16,23,12,21,22,8510],"class_list":{"0":"post-63421","1":"post","2":"type-post","3":"status-publish","4":"format-standard","5":"has-post-thumbnail","7":"category-espana","8":"tag-actualidad","9":"tag-alfonso-rueda","10":"tag-breaking-news","11":"tag-breakingnews","12":"tag-es","13":"tag-espana","14":"tag-featured-news","15":"tag-featurednews","16":"tag-headlines","17":"tag-latest-news","18":"tag-latestnews","19":"tag-news","20":"tag-noticias","21":"tag-noticias-destacadas","22":"tag-noticiasdestacadas","23":"tag-spain","24":"tag-titulares","25":"tag-ultimas-noticias","26":"tag-ultimasnoticias","27":"tag-xunta-de-galicia"},"share_on_mastodon":{"url":"","error":""},"_links":{"self":[{"href":"https:\/\/www.europesays.com\/es\/wp-json\/wp\/v2\/posts\/63421","targetHints":{"allow":["GET"]}}],"collection":[{"href":"https:\/\/www.europesays.com\/es\/wp-json\/wp\/v2\/posts"}],"about":[{"href":"https:\/\/www.europesays.com\/es\/wp-json\/wp\/v2\/types\/post"}],"author":[{"embeddable":true,"href":"https:\/\/www.europesays.com\/es\/wp-json\/wp\/v2\/users\/2"}],"replies":[{"embeddable":true,"href":"https:\/\/www.europesays.com\/es\/wp-json\/wp\/v2\/comments?post=63421"}],"version-history":[{"count":0,"href":"https:\/\/www.europesays.com\/es\/wp-json\/wp\/v2\/posts\/63421\/revisions"}],"wp:featuredmedia":[{"embeddable":true,"href":"https:\/\/www.europesays.com\/es\/wp-json\/wp\/v2\/media\/63422"}],"wp:attachment":[{"href":"https:\/\/www.europesays.com\/es\/wp-json\/wp\/v2\/media?parent=63421"}],"wp:term":[{"taxonomy":"category","embeddable":true,"href":"https:\/\/www.europesays.com\/es\/wp-json\/wp\/v2\/categories?post=63421"},{"taxonomy":"post_tag","embeddable":true,"href":"https:\/\/www.europesays.com\/es\/wp-json\/wp\/v2\/tags?post=63421"}],"curies":[{"name":"wp","href":"https:\/\/api.w.org\/{rel}","templated":true}]}}