{"id":63423,"date":"2025-08-21T22:44:09","date_gmt":"2025-08-21T22:44:09","guid":{"rendered":"https:\/\/www.europesays.com\/es\/63423\/"},"modified":"2025-08-21T22:44:09","modified_gmt":"2025-08-21T22:44:09","slug":"muere-un-nino-de-14-anos-en-marin-tras-saltar-del-muelle-de-aguete-y-quedar-inconsciente-la-voz-de-galicia","status":"publish","type":"post","link":"https:\/\/www.europesays.com\/es\/63423\/","title":{"rendered":"Muere un ni\u00f1o de 14 a\u00f1os en Mar\u00edn tras saltar del muelle de Aguete y quedar inconsciente &#8211; La Voz de Galicia"},"content":{"rendered":"<ol>\n<li><a href=\"https:\/\/news.google.com\/rss\/articles\/CBMi9wFBVV95cUxPSXNUZVF5X2Q0a2RYZmptRWtYNFhlZnliNHZwS0FJdVA2Wm8zZ0Z2OU1BQTgtdVZjc284Y2JKTmtTSm5Zc0ZkM3pYWVZrRF9UMV9Lamd2MUVmZVRSVEVDWE1td0NyTTA3anVIZ185ZE1aR05QdU5sUUJZT0VNYXFackZOUlhpNUF1QXhDVHRMUHFjWFkwdGFvMDhyLU1vR3cxLUFRS2hzQl8xSEdLMFlOXzcybG4yT3VHaHV5ZjZqRFE1WkhEQnp4ZjJNbURPc2JoWkt6NXVfUzhWSkVNVmZoU3lVZ2RncjFUNnU0Y2JpZlVHT2VTS0xr0gGTAkFVX3lxTE0xUW5VQTBnZHdSUzZYOWp4bEdKWWxJQTZFM0kxNmtZaHFVcHdyVm43Y1J6TDc5LWxReFlKU0llbHM5LVhHOGt2c1NZeGxKTWdVR2RiMmY0UFRyX21IS1J1d0NlemdRQ0JQdkl6MS12LTBBbjJvUnZqRUFXU2RZckdEU1JNb011QWtHYndhVWFTemltSGNMOXVxOVg2ZWVQRngycTJPeGdzb0VkbDd1WXJza3UyVkl5dlIzV2tJeDFGeVpJMHRITThqM3dYMk5Xcy1GVThIQ2c5cXZGaXljbC1xeXN5RUU0cloyVFFlM1c2QVdYWWNjckxmLTFTbG5qcDBtR3BSNkdqRUM2U2w0VTd5RDVB?oc=5\" target=\"_blank\" rel=\"nofollow noopener\">Muere un ni\u00f1o de 14 a\u00f1os en Mar\u00edn tras saltar del muelle de Aguete y quedar inconsciente<\/a>&nbsp;&nbsp;La Voz de Galicia<\/li>\n<li><a href=\"https:\/\/news.google.com\/rss\/articles\/CBMiekFVX3lxTE1XU2JqZEdvNmE5bzk0RlNISGE4SmtVN21NWmoxX3hPUjVnWGR3M0Nma0FIU1p2T25jNjQzV0hiQ2wzdmFZRk8wenZOUmRBRHh6ckdGUWROOTZlc3BwTFVCTVpkdUNlb1o5Y3NLQU5fWHF1UmhyVl81TXpR0gF6QVVfeXFMTTZJNDZEQU5sc0JBbmJaSmNxQ0d2RUcwLUFUOFJjeWs5dkxsTy12QkJPdVpyaHNVbzJvLVRRbk9LVnAtX2poTGNrNmNvbi1LUlAzcFVSUFFYdzY4dEt3QjFvNGNqTkMwTVpoZ0M5dm1kTVc1QkRCaFFhaFE?oc=5\" target=\"_blank\" rel=\"nofollow noopener\">Muere un menor de 14 a\u00f1os tras saltar al agua en el puerto de Aguete, en Mar\u00edn (Pontevedra)<\/a>&nbsp;&nbsp;El Mundo<\/li>\n<li><a href=\"https:\/\/news.google.com\/rss\/articles\/CBMioAFBVV95cUxOQmJueG5NaXZsRUpuYjhSSTc0R0k5VVdrcnl1VE82YW4zZVkycnFfYXAwSGRydmJNRWlhQkFFUko4NjI5V1F6WUt0dnpuclFxbU5pakctYmZqeTBKeE1KeUtwV3ZlNU1BWjFyZk1fMDR5Zjg3Q0xKNVhPVXdVdU9QQ0cyVklpQnZLQ3l2dUFBV0c0NmVLOUdkRE5pUGNrRzBO?oc=5\" target=\"_blank\" rel=\"nofollow noopener\">Muere un menor de 14 a\u00f1os tras saltar del puerto de Aguete, en Mar\u00edn (Pontevedra)<\/a>&nbsp;&nbsp;ABC<\/li>\n<li><a href=\"https:\/\/news.google.com\/rss\/articles\/CBMingFBVV95cUxPQTJBVlp5anQwcDAzcm1DRXV3eVpGQWNwR2ZVMkcwQUhWZ29LcTlXQUlLMUk3MXpXMGhZOGNIRFlwb2hPOUtBeHY2ak1xb0NKZUYzZFdrOWdIYVFZdWJCNHVrMGYyWUg4Z2twMU5RY1JpMUJCdjliMndVUHE0VDEzT2YwNnV3dEFpZW41UTRtdVBjTmdxODczdzJVeXVVQdIBowFBVV95cUxQNWRhUE5ySFhrLWZQSUJPMnhjRTF3cDhqaWZSYlRORUJmRmhla3ZDOXRCWFFwV01TbTV2M09vcFYxcENQdE1NNTZTMjloN3RTUXYtRE9QNDhaeUFQNDBCcmdMY0JWVzFhYy1MUTFWZDItUUluQThUY1Z4cXRWTnZrTXVhdkxRZXRjVjZrTjVKT3pWQ0ppdHNlS2ZtVV9MY2lWXzFr?oc=5\" target=\"_blank\" rel=\"nofollow noopener\">Muere un menor de 14 a\u00f1os en Aguete tras un golpe fatal al tirarse al agua<\/a>&nbsp;&nbsp;Faro de Vigo<\/li>\n<li><a href=\"https:\/\/news.google.com\/rss\/articles\/CBMiqwFBVV95cUxQOFVtV1hyUXItNUpTd1NEY2RQRDFXNTJGUEZaWEYtanR3ZDNmUXVFZkhvV3NTWVA5S3J1eTZtTGk4R0MwZ25hVFJlekFiSlYwTERmZ1pCbUJhejAzcVNpRWZqQWRzckNNS3QwTjhsTFM4eEZfSk9IQ0tLaVpKeXV0Qmx2ZHJKb2ZJdHRDV1FGdlozUDcxTFo0V2MyQnJNY3R2LUZtNlR6akN2UnfSAbABQVVfeXFMTkcwcHZhSGlwTGV0YlBiLTJnaGJydGVQVmU5a2x3bHh0R29HRVA5eXdTSnRwRDA3QmpjTzkwenhfNldNRVJWaERrbzBoam84Z1pWQXJMYVlNSm5OTG5BOGNQS1J3a2tnUUxWOEozOVdOQUQyQXBOb1gtY0VxUUpQTlVqM0UxdVBOem9UVVNxcGVPWWZYQkZYSkhOUnpmdDlQSHl4QUc3OU9oU213VmJPcGM?oc=5\" target=\"_blank\" rel=\"nofollow noopener\">Muere un menor al saltar desde el muelle del puerto de Aguete, en Mar\u00edn (Pontevedra)<\/a>&nbsp;&nbsp;El Confidencial<\/li>\n<\/ol>\n","protected":false},"excerpt":{"rendered":"Muere un ni\u00f1o de 14 a\u00f1os en Mar\u00edn tras saltar del muelle de Aguete y quedar inconsciente&nbsp;&nbsp;La Voz&hellip;\n","protected":false},"author":2,"featured_media":63424,"comment_status":"","ping_status":"","sticky":false,"template":"","format":"standard","meta":{"footnotes":""},"categories":[5],"tags":[17,18,26112,25,24,13,14,11,19,20,8016,9,10,15,16,20502,26104,23,257,12,21,22],"class_list":{"0":"post-63423","1":"post","2":"type-post","3":"status-publish","4":"format-standard","5":"has-post-thumbnail","7":"category-titulares","8":"tag-breaking-news","9":"tag-breakingnews","10":"tag-catoira","11":"tag-es","12":"tag-espana","13":"tag-featured-news","14":"tag-featurednews","15":"tag-headlines","16":"tag-latest-news","17":"tag-latestnews","18":"tag-marin","19":"tag-news","20":"tag-noticias","21":"tag-noticias-destacadas","22":"tag-noticiasdestacadas","23":"tag-rias-baixas","24":"tag-rio-lerez","25":"tag-spain","26":"tag-sucesos","27":"tag-titulares","28":"tag-ultimas-noticias","29":"tag-ultimasnoticias"},"share_on_mastodon":{"url":"","error":""},"_links":{"self":[{"href":"https:\/\/www.europesays.com\/es\/wp-json\/wp\/v2\/posts\/63423","targetHints":{"allow":["GET"]}}],"collection":[{"href":"https:\/\/www.europesays.com\/es\/wp-json\/wp\/v2\/posts"}],"about":[{"href":"https:\/\/www.europesays.com\/es\/wp-json\/wp\/v2\/types\/post"}],"author":[{"embeddable":true,"href":"https:\/\/www.europesays.com\/es\/wp-json\/wp\/v2\/users\/2"}],"replies":[{"embeddable":true,"href":"https:\/\/www.europesays.com\/es\/wp-json\/wp\/v2\/comments?post=63423"}],"version-history":[{"count":0,"href":"https:\/\/www.europesays.com\/es\/wp-json\/wp\/v2\/posts\/63423\/revisions"}],"wp:featuredmedia":[{"embeddable":true,"href":"https:\/\/www.europesays.com\/es\/wp-json\/wp\/v2\/media\/63424"}],"wp:attachment":[{"href":"https:\/\/www.europesays.com\/es\/wp-json\/wp\/v2\/media?parent=63423"}],"wp:term":[{"taxonomy":"category","embeddable":true,"href":"https:\/\/www.europesays.com\/es\/wp-json\/wp\/v2\/categories?post=63423"},{"taxonomy":"post_tag","embeddable":true,"href":"https:\/\/www.europesays.com\/es\/wp-json\/wp\/v2\/tags?post=63423"}],"curies":[{"name":"wp","href":"https:\/\/api.w.org\/{rel}","templated":true}]}}