{"id":634408,"date":"2026-06-30T19:37:15","date_gmt":"2026-06-30T19:37:15","guid":{"rendered":"https:\/\/www.europesays.com\/es\/634408\/"},"modified":"2026-06-30T19:37:15","modified_gmt":"2026-06-30T19:37:15","slug":"la-justicia-declara-en-concurso-de-acreedores-a-la-federacion-galega-de-ciclismo","status":"publish","type":"post","link":"https:\/\/www.europesays.com\/es\/634408\/","title":{"rendered":"La Justicia declara en concurso de acreedores a la Federaci\u00f3n Galega de Ciclismo"},"content":{"rendered":"<p class=\"ft-text ft-helper-closenews\">La <strong>crisis econ\u00f3mica<\/strong> de la <a class=\"ft-link ft-link--decoration\" href=\"https:\/\/fgalegaciclismo.es\/index.php\/es\/smartweb\/seccion\/seccion\/galicia\/Inicio\" target=\"_blank\" rel=\"nofollow noopener\">Federaci\u00f3n Galega de Ciclismo <\/a>arranca su <strong>recorrido judicial. <\/strong>La Secci\u00f3n de lo Mercantil del Tribunal de Instancia de Pontevedra, con sede en Vigo, ha declarado en <a class=\"ft-link ft-link--decoration\" href=\"https:\/\/www.farodevigo.es\/gran-vigo\/2026\/03\/21\/concursos-acreedores-rebasan-millar-vigo-128223531.html\" target=\"_blank\" rel=\"nofollow noopener\">concurso voluntario de acreedores<\/a> a la entidad, despu\u00e9s de que su direcci\u00f3n reconociese el pasado mes de mayo <strong>la situaci\u00f3n de insolvencia<\/strong> y anunciase que se acoger\u00eda a la Ley Concursal.<\/p>\n<p class=\"ft-text\">La federaci\u00f3n achac\u00f3 su quiebra a <strong>dos expedientes de reintegro de subvenciones <\/strong>que golpearon directamente sus cuentas: <strong>uno de la Deputaci\u00f3n de A Coru\u00f1a,<\/strong> ya resuelto con la obligaci\u00f3n de devolver las ayudas p\u00fablicas concedidas, la imposici\u00f3n de una multa y la prohibici\u00f3n temporal de recibir nuevos apoyos; <strong>y otro de la Xunta,<\/strong> todav\u00eda pendiente, que afecta a cantidades de varios ejercicios y ha paralizado pagos de 2025 y 2026. <\/p>\n<p class=\"ft-text\">El juzgado ha acordado <strong>intervenir las facultades de administraci\u00f3n y disposici\u00f3n de la entidad sobre su patrimonio.<\/strong> En t\u00e9rminos pr\u00e1cticos, esto significa que ya no podr\u00e1 gestionar libremente sus bienes ni tomar decisiones econ\u00f3micas, sino que esas atribuciones quedar\u00e1n sometidas al control del procedimiento concursal.<\/p>\n<p class=\"ft-text\">La situaci\u00f3n de insolvencia ya ha tenido consecuencias en la actividad deportiva, aunque la federaci\u00f3n asegur\u00f3 que el calendario ciclista gallego podr\u00eda desarrollarse con normalidad y que se mantendr\u00eda la gesti\u00f3n administrativa de las licencias. S\u00ed quedaron suspendidas \u00e1reas como <strong>la tecnificaci\u00f3n, la formaci\u00f3n y la participaci\u00f3n de las selecciones gallegas en campeonatos de Espa\u00f1a. <\/strong>Asimismo, se renunci\u00f3 a organizar la Volta a Galicia, una de las pruebas m\u00e1s emblem\u00e1ticas.<\/p>\n<p class=\"ft-text\">A partir de este martes, seg\u00fan consta en <a class=\"ft-link ft-link--decoration\" href=\"https:\/\/www.boe.es\/boe_j\/dias\/2026\/06\/30\/edi.php?id=BOE-J-2026-384482\" target=\"_blank\" rel=\"nofollow noopener\">el edicto judicial publicado en el Bolet\u00edn Oficial del Estado (BOE),<\/a> se abre un plazo de un mes para que acreedores, empresas o entidades que mantengan cr\u00e9ditos pendientes con la federaci\u00f3n comuniquen sus reclamaciones a la administraci\u00f3n concursal.<\/p>\n<p data-close=\"closedContent\" class=\"subscribeHideForDisplay\">Suscr\u00edbete para seguir leyendo<\/p>\n","protected":false},"excerpt":{"rendered":"La crisis econ\u00f3mica de la Federaci\u00f3n Galega de Ciclismo arranca su recorrido judicial. La Secci\u00f3n de lo Mercantil&hellip;\n","protected":false},"author":2,"featured_media":634409,"comment_status":"","ping_status":"","sticky":false,"template":"","format":"standard","meta":{"footnotes":""},"categories":[273],"tags":[46539,5063,313,4023,53125,312,2797,168,25,24,2500,2158,23,167],"class_list":["post-634408","post","type-post","status-publish","format-standard","has-post-thumbnail","category-ciclismo","tag-acreedores","tag-administracion","tag-ciclismo","tag-concurso","tag-concurso-de-acreedores","tag-cycling","tag-declara","tag-deportes","tag-es","tag-espana","tag-federacion","tag-justicia","tag-spain","tag-sports"],"share_on_mastodon":{"url":"https:\/\/pubeurope.com\/@es\/116840749353996552","error":""},"_links":{"self":[{"href":"https:\/\/www.europesays.com\/es\/wp-json\/wp\/v2\/posts\/634408","targetHints":{"allow":["GET"]}}],"collection":[{"href":"https:\/\/www.europesays.com\/es\/wp-json\/wp\/v2\/posts"}],"about":[{"href":"https:\/\/www.europesays.com\/es\/wp-json\/wp\/v2\/types\/post"}],"author":[{"embeddable":true,"href":"https:\/\/www.europesays.com\/es\/wp-json\/wp\/v2\/users\/2"}],"replies":[{"embeddable":true,"href":"https:\/\/www.europesays.com\/es\/wp-json\/wp\/v2\/comments?post=634408"}],"version-history":[{"count":0,"href":"https:\/\/www.europesays.com\/es\/wp-json\/wp\/v2\/posts\/634408\/revisions"}],"wp:featuredmedia":[{"embeddable":true,"href":"https:\/\/www.europesays.com\/es\/wp-json\/wp\/v2\/media\/634409"}],"wp:attachment":[{"href":"https:\/\/www.europesays.com\/es\/wp-json\/wp\/v2\/media?parent=634408"}],"wp:term":[{"taxonomy":"category","embeddable":true,"href":"https:\/\/www.europesays.com\/es\/wp-json\/wp\/v2\/categories?post=634408"},{"taxonomy":"post_tag","embeddable":true,"href":"https:\/\/www.europesays.com\/es\/wp-json\/wp\/v2\/tags?post=634408"}],"curies":[{"name":"wp","href":"https:\/\/api.w.org\/{rel}","templated":true}]}}