{"id":634420,"date":"2026-06-30T19:47:13","date_gmt":"2026-06-30T19:47:13","guid":{"rendered":"https:\/\/www.europesays.com\/es\/634420\/"},"modified":"2026-06-30T19:47:13","modified_gmt":"2026-06-30T19:47:13","slug":"liga-f-moeve-ya-tiene-definido-el-calendario-de-emparejamientos-de-la-temporada-2026-2027","status":"publish","type":"post","link":"https:\/\/www.europesays.com\/es\/634420\/","title":{"rendered":"Liga F Moeve ya tiene definido el calendario de emparejamientos de la temporada 2026\/2027"},"content":{"rendered":"<p>En un sorteo com\u00fan que se celebr\u00f3 en la Plaza de Col\u00f3n de Madrid, donde estuvieron representadas las siete principales competiciones: LALIGA EA SPORTS, Liga F Moeve, LALIGA Hypermotion, Primera Federaci\u00f3n, Primera Federaci\u00f3n Femenina, Primera Divisi\u00f3n masculina y femenina de F\u00fatbol Sala, se dio a conocer\u00a0el calendario de emparejamientos de la temporada 2026\/2027 de <a href=\"https:\/\/ligaf.es\/\" target=\"_blank\" rel=\"nofollow noopener\">Liga F Moeve<\/a>, que dar\u00e1 el pistoletazo de salida el fin de semana del 29 y 30 de agosto y que pondr\u00e1 el broche final el fin de semana del 22 y 23 de mayo. Los 240 partidos se disputar\u00e1n de manera asim\u00e9trica. Es decir, que no habr\u00e1 dos jornadas iguales, con el objetivo de cumplir con un mayor n\u00famero de condicionantes que garanticen el adecuado desarrollo de la competici\u00f3n.Tambi\u00e9n habr\u00e1 dos jornadas intersemanales, la Jornada 13, que se jugar\u00e1 en el mes de diciembre, y la Jornada 29, antes del cierre liguero. La presidenta de la competici\u00f3n, Beatriz \u00c1lvarez, y el CEO de la entidad, Pablo Vilches, no faltaron a la cita.\u00a0El calendario tambi\u00e9n contempla las fechas de recuperaci\u00f3n de los partidos que coinciden con competiciones FIFA, la Copa de Campeonas que disputa el FC Barcelona, competiciones UEFA, la <a href=\"https:\/\/ligaf.es\/noticia\/ewa-pajor-y-cata-coll-le-dan-al-barca-su-cuarta-champions-en-oslo\" target=\"_blank\" rel=\"nofollow noopener\">UEFA Women&#8217;s Champions League<\/a> y la UEFA Women&#8217;s Europa Cup, y competiciones de la RFEF, la Supercopa de Espa\u00f1a. La atenci\u00f3n medi\u00e1tica volver\u00e1 a estar puesta en los encuentros entre el FC Barcelona y el Real Madrid CF, que se disputar\u00e1n el 4 de octubre en la Ciudad Condal, y el 21 de febrero en la capital de Espa\u00f1a. Adem\u00e1s, el conjunto merengue abrir\u00e1 la temporada 2025\/2026 de Liga F Moeve el 30 de agosto recibiendo al Atl\u00e9tico de Madrid en el derbi madrile\u00f1o, mientras que, la vuelta entre el club merengue y el rojiblanco tendr\u00e1 lugar el 14 de febrero.\u00a0Por su parte, el vigente campe\u00f3n, que recibir\u00e1 al Costa Adeje Tenerife para arrancar la competici\u00f3n, se medir\u00e1 a las colchoneras el 13 de septiembre en tierras catalanas y el 13 de enero en Madrid.\u00a0Los dos equipos reci\u00e9n ascendidos, el <a href=\"https:\/\/ligaf.es\/noticia\/el-deportivo-alaves-asciende-a-liga-f-moeve\" target=\"_blank\" rel=\"nofollow noopener\">Deportivo Alav\u00e9s<\/a> y el Valencia CF se medir\u00e1n entre ellos en la primera jornada de campeonato en casa del cuadro babazorro.\u00a0El foco tambi\u00e9n estar\u00e1 puesto en el derbi vasco entre la Real Sociedad y el Athletic Club, que se jugar\u00e1 el 15 de noviembre en San Sebasti\u00e1n y el 14 de febrero en Bilbao. Los dos partidos del derbi catal\u00e1n entre el FC Barcelona y el RCD Espanyol tendr\u00e1n lugar el 9 de diciembre, fecha en la que se jugar\u00e1 el choque de ida, y el 2 de mayo, cuando se disputar\u00e1 el duelo de vuelta.\u00a0En el calendario tambi\u00e9n se se\u00f1alan las fechas m\u00e1s se\u00f1aladas del resto de competiciones y los cuatro parones FIFA que coincidir\u00e1n durante la competici\u00f3n para los diferentes compromisos de <a href=\"https:\/\/ligaf.es\/noticia\/espana-se-clasifica-para-el-mundial-de-2027\" target=\"_blank\" rel=\"nofollow noopener\">Espa\u00f1a<\/a>, que ya se prepara para afrontar el Mundial de Brasil 2027. La Supercopa de Espa\u00f1a se disputar\u00e1 desde el martes 19 de enero hasta el domingo 24 de enero, mientras que, la final de la Copa de la Reina se jugar\u00e1 el fin de semana del 15-16 de mayo. Por su parte, la final de la UEFA Women&#8217;s Champions League\u00a0ser\u00e1 el fin de semana del 29-30 de mayo.<\/p>\n<p><b>Los partidos de la Jornada 1 de Liga F Moeve:<\/b><\/p>\n<p>Deportivo Alav\u00e9s &#8211; Valencia CF<\/p>\n<p>Athletic Club &#8211; FC Badalona Women<\/p>\n<p>FC Barcelona &#8211; Costa Adeje Tenerife<\/p>\n<p>Madrid CFF &#8211; Granada CF<\/p>\n<p>Deportivo Abanca &#8211; Sevilla FC<\/p>\n<p>SD Eibar &#8211; RCD Espanyol<\/p>\n<p>Real Madrid CF &#8211; Atl\u00e9tico de Madrid<\/p>\n<p>Real Sociedad &#8211; DUX Logro\u00f1o<\/p>\n","protected":false},"excerpt":{"rendered":"En un sorteo com\u00fan que se celebr\u00f3 en la Plaza de Col\u00f3n de Madrid, donde estuvieron representadas las&hellip;\n","protected":false},"author":2,"featured_media":634421,"comment_status":"","ping_status":"","sticky":false,"template":"","format":"standard","meta":{"footnotes":""},"categories":[93],"tags":[2203,3409,83576,168,61101,13894,102923,25,24,83575,881,18015,34963,83267,11783,7792,7209,8678,12764,23,167,5419],"class_list":["post-634420","post","type-post","status-publish","format-standard","has-post-thumbnail","category-deportes","tag-athletic-club","tag-atletico-de-madrid","tag-costa-adeje-tenerife","tag-deportes","tag-deportivo-abanca","tag-deportivo-alaves","tag-dux-logrono","tag-es","tag-espana","tag-fc-badalona-women","tag-fc-barcelona","tag-granada-cf","tag-liga-f","tag-madrid-cff","tag-rcd-espanyol","tag-real-madrid-cf","tag-real-sociedad","tag-sd-eibar","tag-sevilla-fc","tag-spain","tag-sports","tag-valencia-cf"],"share_on_mastodon":{"url":"https:\/\/pubeurope.com\/@es\/116840788562199767","error":""},"_links":{"self":[{"href":"https:\/\/www.europesays.com\/es\/wp-json\/wp\/v2\/posts\/634420","targetHints":{"allow":["GET"]}}],"collection":[{"href":"https:\/\/www.europesays.com\/es\/wp-json\/wp\/v2\/posts"}],"about":[{"href":"https:\/\/www.europesays.com\/es\/wp-json\/wp\/v2\/types\/post"}],"author":[{"embeddable":true,"href":"https:\/\/www.europesays.com\/es\/wp-json\/wp\/v2\/users\/2"}],"replies":[{"embeddable":true,"href":"https:\/\/www.europesays.com\/es\/wp-json\/wp\/v2\/comments?post=634420"}],"version-history":[{"count":0,"href":"https:\/\/www.europesays.com\/es\/wp-json\/wp\/v2\/posts\/634420\/revisions"}],"wp:featuredmedia":[{"embeddable":true,"href":"https:\/\/www.europesays.com\/es\/wp-json\/wp\/v2\/media\/634421"}],"wp:attachment":[{"href":"https:\/\/www.europesays.com\/es\/wp-json\/wp\/v2\/media?parent=634420"}],"wp:term":[{"taxonomy":"category","embeddable":true,"href":"https:\/\/www.europesays.com\/es\/wp-json\/wp\/v2\/categories?post=634420"},{"taxonomy":"post_tag","embeddable":true,"href":"https:\/\/www.europesays.com\/es\/wp-json\/wp\/v2\/tags?post=634420"}],"curies":[{"name":"wp","href":"https:\/\/api.w.org\/{rel}","templated":true}]}}