{"id":634641,"date":"2026-06-30T22:36:37","date_gmt":"2026-06-30T22:36:37","guid":{"rendered":"https:\/\/www.europesays.com\/es\/634641\/"},"modified":"2026-06-30T22:36:37","modified_gmt":"2026-06-30T22:36:37","slug":"el-vaticano-se-prepara-para-una-ruptura-interna-mientras-el-papa-intenta-evitarlo-rectifiquen-sociedad","status":"publish","type":"post","link":"https:\/\/www.europesays.com\/es\/634641\/","title":{"rendered":"El Vaticano se prepara para una ruptura interna mientras el papa intenta evitarlo: \u00ab\u00a1Rectifiquen!\u00bb | Sociedad"},"content":{"rendered":"<p class=\"loc\">Madrid<\/p>\n<p>La minor\u00eda ultraconservadora de los lefebvrianos, seguidores del obispo franc\u00e9s Marcel Lefebvre, realizar\u00e1 un cisma este mi\u00e9rcoles; una ruptura interna en el Vaticano que se trata de una separaci\u00f3n formal al rechazar la <a href=\"https:\/\/cadenaser.com\/cmadrid\/2026\/06\/16\/todos-los-secretos-de-la-visita-del-papa-leon-xiv-discusiones-por-el-uso-del-papamovil-en-madrid-radio-madrid\/\" target=\"_blank\" rel=\"nofollow noopener\" title=\"https:\/\/cadenaser.com\/cmadrid\/2026\/06\/16\/todos-los-secretos-de-la-visita-del-papa-leon-xiv-discusiones-por-el-uso-del-papamovil-en-madrid-radio-madrid\/\">autoridad del papa<\/a>. <\/p>\n<p>Los &#8216;lefebvrianos&#8217;, congregaci\u00f3n tradicionalista fundada en 1970 por el arzobispo franc\u00e9s Marcel Lefebvre en oposici\u00f3n a algunos preceptos del Concilio Vaticano II, tienen previsto ordenar ma\u00f1ana a cuatro obispos sin el permiso del papa, en abierto desaf\u00edo a Roma.<\/p>\n<p>El papa Le\u00f3n XIV ha rogado en una carta a la Fraternidad Sacerdotal de San P\u00edo X: \u00ab\u00a1Rectifiquen! Les insto a que consideren cuidadosamente el bienestar espiritual de los fieles\u00bb. La citada sociedad ha anunciado la consagraci\u00f3n de cuatro obispos en la localidad suiza de \u00c9c\u00f4ne para el 1 de julio al margen de Roma, lo que implica un cisma con la Iglesia cat\u00f3lica. <\/p>\n<p>M\u00e1s informaci\u00f3n<\/p>\n<p>Tampoco reconocen las reformas del Concilio Vaticano II y abogan, entre otras cosas, por la misa en lat\u00edn. \u00abLa Iglesia est\u00e1 abierta a un camino de di\u00e1logo y comprensi\u00f3n que el Esp\u00edritu Santo puede hacer posible y fruct\u00edfero\u00bb, les ha indicado Le\u00f3n XIV, que traslad\u00f3 en la misiva que ruega por ellos, \u00abpues rasgar la t\u00fanica inmaculada de Cristo es un pecado de suma gravedad\u00bb. <\/p>\n<p>\u00abCon esp\u00edritu paternal deseo dirigirme a ustedes y, a trav\u00e9s de ustedes, a los obispos, sacerdotes, seminaristas y fieles asociados a la Fraternidad Sacerdotal de San P\u00edo X, consciente de la responsabilidad que el Se\u00f1or me ha confiado como Sucesor del Ap\u00f3stol Pedro\u00bb, expone Le\u00f3n XIV.<\/p>\n<p>No es el primer choque con Roma<\/p>\n<p>No es la primera vez que esta fraternidad, muy cr\u00edtica con algunas aperturas de la Iglesia tras el Concilio Vaticano II, choca con Roma. De hecho, Juan Pablo II (1978-2005) excomulg\u00f3 a su fundador y a los cuatro obispos que orden\u00f3 en 1988 sin su benepl\u00e1cito.<\/p>\n<p>    <img decoding=\"async\" src=\"https:\/\/www.europesays.com\/es\/wp-content\/uploads\/2026\/06\/1782854777_723_app-ser-4.png\" alt=\"Nueva APP de Cadena SER\" loading=\"lazy\" width=\"109\" height=\"82\"\/><\/p>\n<p>Descubre la nueva app de Cadena\u00a0SER<br \/>\n        Te ofrecemos una mejor experiencia de audio y video\n    <\/p>\n<p>    <a href=\"https:\/\/trackingcodes.prisamedia.com\/ser.html?utm_campaign=app-include-articulo&amp;utm_source=web\" class=\"p-a-fa-b\" rel=\"nofollow noopener\" target=\"_blank\">Descargar<\/a><\/p>\n<p>A\u00f1os despu\u00e9s, Benedicto XVI (2005-2013) intent\u00f3 tender puentes con este basti\u00f3n tradicionalista y levant\u00f3 la excomuni\u00f3n a los prelados. <\/p>\n<p>Ahora la historia se repite y los seguidores de Lefebvre aspiran a ordenar a otros cuatro obispos, prerrogativa exclusiva del papa, alegando el \u00abestado de necesidad\u00bb para la supervivencia de la organizaci\u00f3n.<\/p>\n","protected":false},"excerpt":{"rendered":"Madrid La minor\u00eda ultraconservadora de los lefebvrianos, seguidores del obispo franc\u00e9s Marcel Lefebvre, realizar\u00e1 un cisma este mi\u00e9rcoles;&hellip;\n","protected":false},"author":2,"featured_media":634642,"comment_status":"","ping_status":"","sticky":false,"template":"","format":"standard","meta":{"footnotes":""},"categories":[5],"tags":[17,18,31640,25,24,13,14,11,117555,19,20,41813,103750,9,10,15,16,1215,117556,117557,23,12,21,22,117558],"class_list":["post-634641","post","type-post","status-publish","format-standard","has-post-thumbnail","category-titulares","tag-breaking-news","tag-breakingnews","tag-cibeles","tag-es","tag-espana","tag-featured-news","tag-featurednews","tag-headlines","tag-june-7-2026","tag-latest-news","tag-latestnews","tag-luis-boza","tag-mass","tag-news","tag-noticias","tag-noticias-destacadas","tag-noticiasdestacadas","tag-nurphoto","tag-pontiffs-visit","tag-pope-leon-xiv","tag-spain","tag-titulares","tag-ultimas-noticias","tag-ultimasnoticias","tag-worshippers"],"share_on_mastodon":{"url":"https:\/\/pubeurope.com\/@es\/116841453754581055","error":""},"_links":{"self":[{"href":"https:\/\/www.europesays.com\/es\/wp-json\/wp\/v2\/posts\/634641","targetHints":{"allow":["GET"]}}],"collection":[{"href":"https:\/\/www.europesays.com\/es\/wp-json\/wp\/v2\/posts"}],"about":[{"href":"https:\/\/www.europesays.com\/es\/wp-json\/wp\/v2\/types\/post"}],"author":[{"embeddable":true,"href":"https:\/\/www.europesays.com\/es\/wp-json\/wp\/v2\/users\/2"}],"replies":[{"embeddable":true,"href":"https:\/\/www.europesays.com\/es\/wp-json\/wp\/v2\/comments?post=634641"}],"version-history":[{"count":0,"href":"https:\/\/www.europesays.com\/es\/wp-json\/wp\/v2\/posts\/634641\/revisions"}],"wp:featuredmedia":[{"embeddable":true,"href":"https:\/\/www.europesays.com\/es\/wp-json\/wp\/v2\/media\/634642"}],"wp:attachment":[{"href":"https:\/\/www.europesays.com\/es\/wp-json\/wp\/v2\/media?parent=634641"}],"wp:term":[{"taxonomy":"category","embeddable":true,"href":"https:\/\/www.europesays.com\/es\/wp-json\/wp\/v2\/categories?post=634641"},{"taxonomy":"post_tag","embeddable":true,"href":"https:\/\/www.europesays.com\/es\/wp-json\/wp\/v2\/tags?post=634641"}],"curies":[{"name":"wp","href":"https:\/\/api.w.org\/{rel}","templated":true}]}}