{"id":63493,"date":"2025-08-21T23:28:08","date_gmt":"2025-08-21T23:28:08","guid":{"rendered":"https:\/\/www.europesays.com\/es\/63493\/"},"modified":"2025-08-21T23:28:08","modified_gmt":"2025-08-21T23:28:08","slug":"al-menos-6-muertos-y-mas-de-50-heridos-en-un-ataque-con-explosivos-a-una-base-militar-en-cali","status":"publish","type":"post","link":"https:\/\/www.europesays.com\/es\/63493\/","title":{"rendered":"Al menos 6 muertos y m\u00e1s de 50 heridos en un ataque con explosivos a una base militar en Cali"},"content":{"rendered":"<p class=\"\">\u201cCali vuelve a ser v\u00edctima de un atentado narcoterrorista\u201d, asegur\u00f3 el alcalde de la ciudad,<a href=\"https:\/\/elpais.com\/america-colombia\/2024-02-16\/alejandro-eder-tenemos-que-reconciliarnos-para-recuperar-el-rumbo-y-la-dignidad-de-cali.html\" target=\"_self\" rel=\"nofollow noopener\" title=\"https:\/\/elpais.com\/america-colombia\/2024-02-16\/alejandro-eder-tenemos-que-reconciliarnos-para-recuperar-el-rumbo-y-la-dignidad-de-cali.html\"> Alejandro Eder<\/a>, minutos despu\u00e9s de que desconocidos lanzaran varios cilindros bomba hacia la base a\u00e9rea Marco Fidel Su\u00e1rez, en la tarde de este jueves. Las autoridades de la tercera ciudad de Colombia han indicado que 6 personas murieron y por lo menos 50 m\u00e1s resultaron heridas, aunque se\u00f1alaron que los n\u00fameros podr\u00edan ascender. Hasta el momento, ning\u00fan grupo se ha atribuido la autor\u00eda del ataque, pero el presidente Gustavo Petro ha apuntado al frente Carlos Pati\u00f1o, que opera principalmente en el departamento del Cauca y pertenece a las disidencias de la extinta guerrilla de las Farc que son <a href=\"https:\/\/elpais.com\/america-colombia\/2025-06-07\/mordisco-desafia-al-gobierno-con-un-toque-de-queda-en-guaviare.html\" target=\"_self\" rel=\"nofollow noopener\" title=\"https:\/\/elpais.com\/america-colombia\/2025-06-07\/mordisco-desafia-al-gobierno-con-un-toque-de-queda-en-guaviare.html\">comandadas por Iv\u00e1n Mordisco.<\/a><\/p>\n<p class=\"\">\u201cDespu\u00e9s de la derrota producida a la columna Carlos Pati\u00f1o con la p\u00e9rdida de buena parte del ca\u00f1\u00f3n del Micay, tenemos una reacci\u00f3n terrorista en Cali con dos civiles muertos\u201d, dijo a trav\u00e9s de X, cuando a\u00fan no hab\u00eda ascendido la cifra de v\u00edctimas. \u201cEl terrorismo es la nueva expresi\u00f3n de las facciones que se dicen dirigidas por Iv\u00e1n Mordisco, y que se han supeditado al control de la <a href=\"https:\/\/elpais.com\/america-colombia\/2025-06-11\/lo-que-se-sabe-de-la-nueva-junta-del-narcotrafico-a-la-que-petro-senala-de-estar-detras-del-atentado-contra-miguel-uribe.html\" target=\"_self\" rel=\"nofollow noopener\" title=\"https:\/\/elpais.com\/america-colombia\/2025-06-11\/lo-que-se-sabe-de-la-nueva-junta-del-narcotrafico-a-la-que-petro-senala-de-estar-detras-del-atentado-contra-miguel-uribe.html\">junta del narcotr\u00e1fico<\/a>\u201c, a\u00f1adi\u00f3. El alcalde Eder ha anunciado una recompensa de hasta 400 millones de pesos (unos 90 mil d\u00f3lares) por informaci\u00f3n que sirva para dar con los responsables. <\/p>\n<blockquote class=\"twitter-tweet\">\n<p lang=\"es\" dir=\"ltr\">Despu\u00e9s de la derrota producida a la columna Carlos Pati\u00f1o con la p\u00e9rdida de buena parte del ca\u00f1\u00f3n del Micay, tenemos una reacci\u00f3n terrorista en Cali con dos civiles muertos.<\/p>\n<p>El terrorismo es la nueva expresi\u00f3n de las facciones que se dicen dirigidas por Iv\u00e1n Mordisco, y que se\u2026<\/p>\n<p>\u2014 Gustavo Petro (@petrogustavo) <a href=\"https:\/\/twitter.com\/petrogustavo\/status\/1958635985182343501?ref_src=twsrc%5Etfw\" rel=\"nofollow noopener\" target=\"_blank\">August 21, 2025<\/a><\/p><\/blockquote>\n<p class=\"\">Uno de los cilindros lanzados desde un cami\u00f3n cay\u00f3 en el antejard\u00edn de una casa, pues la instalaci\u00f3n a\u00e9rea est\u00e1 rodeada de barrios residenciales. Aunque la sede militar se encuentra ubicada en el barrio La base, al que le da nombre, la mayor\u00eda de viviendas afectadas por las explosiones pertenece al barrio vecino de Villa Colombia, en el norte de Cali. All\u00ed se report\u00f3 la presencia de otro cami\u00f3n con cilindros bomba, por lo que la Polic\u00eda acordon\u00f3 la zona, con el objetivo inicial de hacer una explosi\u00f3n controlada. Sin embargo, tras la evaluaci\u00f3n del equipo de antiexplosivos se descart\u00f3 que dichos cilindros estuvieran cargados y representaran un peligro. <\/p>\n<p class=\"\">La log\u00edstica de este atentado coincide con la empleada por el frente Carlos Pati\u00f1o, que suele atacar instalaciones militares y de polic\u00eda como parte de su guerra contra el Estado. En marzo pasado, por ejemplo,<a href=\"https:\/\/elpais.com\/america-colombia\/2025-03-28\/ocho-ataques-simultaneos-de-las-disidencias-asolan-al-cauca.html\" target=\"_self\" rel=\"nofollow noopener\" title=\"https:\/\/elpais.com\/america-colombia\/2025-03-28\/ocho-ataques-simultaneos-de-las-disidencias-asolan-al-cauca.html\"> lanz\u00f3 ocho ataques simult\u00e1neos en diferentes puntos del Cauca<\/a>, incluyendo motobombas, ataques con r\u00e1fagas de fusil y drones con explosivos. El atentado en Cali de este jueves se produce tan solo horas despu\u00e9s de que el frente 36 del Estado Mayor Central atacara un helic\u00f3ptero en el departamento de Antioquia, en el noroccidente del pa\u00eds, en el que <a href=\"https:\/\/elpais.com\/america-colombia\/2025-08-21\/disidentes-de-las-farc-asesinan-a-ocho-policias-tras-derribar-un-helicoptero-en-antioquia.html\" target=\"_self\" rel=\"nofollow noopener\" title=\"https:\/\/elpais.com\/america-colombia\/2025-08-21\/disidentes-de-las-farc-asesinan-a-ocho-policias-tras-derribar-un-helicoptero-en-antioquia.html\">murieron al menos ocho polic\u00edas y otros ocho resultaron heridos.<\/a><\/p>\n<p class=\"\">La capital vallecaucana ya hab\u00eda estado bajo alerta. La ciudad fue sede de una gran conferencia clim\u00e1tica global, la COP16, a inicios del a\u00f1o pasado, y desde entonces surg\u00edan preocupaciones por su seguridad. Cali se encuentra en el suroccidente colombiano y es cercana al Cauca, un departamento en el que el conflicto armado no ha cesado. <a href=\"https:\/\/elpais.com\/america-colombia\/2024-10-18\/las-amenazas-de-las-disidencias-y-el-despliegue-militar-del-estado-las-demostraciones-de-fuerza-que-anteceden-a-la-cop16.html\" target=\"_self\" rel=\"nofollow noopener\" title=\"https:\/\/elpais.com\/america-colombia\/2024-10-18\/las-amenazas-de-las-disidencias-y-el-despliegue-militar-del-estado-las-demostraciones-de-fuerza-que-anteceden-a-la-cop16.html\">La federaci\u00f3n de disidencias comandadas por Mordisco, llamada Estado Mayor Central, amenaz\u00f3 directamente la cumbre,<\/a> por lo que el Estado despleg\u00f3 entonces toda su fuerza militar y policial. <\/p>\n<p class=\"\">El encuentro pas\u00f3 sin ataques, pero el atentado de este jueves pone de relieve las amenazas que se ciernen sobre el mill\u00f3n de personas que vive en la capital del departamento. El presidente Petro, en otro aparte de su mensaje, hizo un llamado a la comunidad internacional: \u201cEl gobierno considera aqu\u00ed y le pide al mundo que considere a la junta del narcotr\u00e1fico como una organizaci\u00f3n terrorista, y a sus bandas armadas en el Cauca, Guaviare, Antioquia y el Caribe colombiano\u201d. El mandatario apunta a que esta junta, con sede en Dub\u00e1i y en la que seg\u00fan \u00e9l se sientan narcotraficantes de varias nacionalidades, tambi\u00e9n estar\u00eda detr\u00e1s del atentado contra el senador Miguel Uribe Turbay. <\/p>\n<p class=\"\">Noticia en desarrollo. Espere m\u00e1s informaci\u00f3n<\/p>\n<p><script async src=\"https:\/\/platform.twitter.com\/widgets.js\" charset=\"utf-8\"><\/script><\/p>\n","protected":false},"excerpt":{"rendered":"\u201cCali vuelve a ser v\u00edctima de un atentado narcoterrorista\u201d, asegur\u00f3 el alcalde de la ciudad, Alejandro Eder, minutos&hellip;\n","protected":false},"author":2,"featured_media":63494,"comment_status":"","ping_status":"","sticky":false,"template":"","format":"standard","meta":{"footnotes":""},"categories":[42],"tags":[889,26130,19455,17,18,3943,1803,26131,13,14,3916,11,61,62,63,64,19,20,1804,9,10,15,16,12,21,22,65,66,67],"class_list":{"0":"post-63493","1":"post","2":"type-post","3":"status-publish","4":"format-standard","5":"has-post-thumbnail","7":"category-internacional","8":"tag-america","9":"tag-atentados-bomba","10":"tag-atentados-politicos","11":"tag-breaking-news","12":"tag-breakingnews","13":"tag-cali","14":"tag-colombia","15":"tag-farc","16":"tag-featured-news","17":"tag-featurednews","18":"tag-gustavo-petro","19":"tag-headlines","20":"tag-internacional","21":"tag-international","22":"tag-international-news","23":"tag-internationalnews","24":"tag-latest-news","25":"tag-latestnews","26":"tag-latinoamerica","27":"tag-news","28":"tag-noticias","29":"tag-noticias-destacadas","30":"tag-noticiasdestacadas","31":"tag-titulares","32":"tag-ultimas-noticias","33":"tag-ultimasnoticias","34":"tag-world","35":"tag-world-news","36":"tag-worldnews"},"share_on_mastodon":{"url":"","error":""},"_links":{"self":[{"href":"https:\/\/www.europesays.com\/es\/wp-json\/wp\/v2\/posts\/63493","targetHints":{"allow":["GET"]}}],"collection":[{"href":"https:\/\/www.europesays.com\/es\/wp-json\/wp\/v2\/posts"}],"about":[{"href":"https:\/\/www.europesays.com\/es\/wp-json\/wp\/v2\/types\/post"}],"author":[{"embeddable":true,"href":"https:\/\/www.europesays.com\/es\/wp-json\/wp\/v2\/users\/2"}],"replies":[{"embeddable":true,"href":"https:\/\/www.europesays.com\/es\/wp-json\/wp\/v2\/comments?post=63493"}],"version-history":[{"count":0,"href":"https:\/\/www.europesays.com\/es\/wp-json\/wp\/v2\/posts\/63493\/revisions"}],"wp:featuredmedia":[{"embeddable":true,"href":"https:\/\/www.europesays.com\/es\/wp-json\/wp\/v2\/media\/63494"}],"wp:attachment":[{"href":"https:\/\/www.europesays.com\/es\/wp-json\/wp\/v2\/media?parent=63493"}],"wp:term":[{"taxonomy":"category","embeddable":true,"href":"https:\/\/www.europesays.com\/es\/wp-json\/wp\/v2\/categories?post=63493"},{"taxonomy":"post_tag","embeddable":true,"href":"https:\/\/www.europesays.com\/es\/wp-json\/wp\/v2\/tags?post=63493"}],"curies":[{"name":"wp","href":"https:\/\/api.w.org\/{rel}","templated":true}]}}