{"id":635099,"date":"2026-07-01T05:37:21","date_gmt":"2026-07-01T05:37:21","guid":{"rendered":"https:\/\/www.europesays.com\/es\/635099\/"},"modified":"2026-07-01T05:37:21","modified_gmt":"2026-07-01T05:37:21","slug":"buscan-al-autor-del-atentado-con-bomba-en-monaco-que-hirio-a-un-oligarca-ucraniano","status":"publish","type":"post","link":"https:\/\/www.europesays.com\/es\/635099\/","title":{"rendered":"Buscan al autor del atentado con bomba en M\u00f3naco que hiri\u00f3 a un oligarca ucraniano"},"content":{"rendered":"<p>    <img src=\"https:\/\/www.europesays.com\/es\/wp-content\/uploads\/2026\/07\/2026-06-30T113A293A04Z-91674575.jpg\" width=\"1024\" height=\"682\" alt=\"\" loading=\"eager\" decoding=\"sync\" fetchpriority=\"high\"\/><\/p>\n<p>            afp_tickers        <\/p>\n<p>        Este contenido fue publicado en    <\/p>\n<p>        30 junio 2026 &#8211; 14:27\n<\/p>\n<p>La polic\u00eda busca el martes al sospechoso de colocar un paquete explosivo que hiri\u00f3 a un empresario de origen ucraniano y a otras dos personas la v\u00edspera en M\u00f3naco, en un ataque sin precedentes que sacude al principado, conocido por su alto nivel de seguridad.<\/p>\n<p>Decenas de agentes fueron desplegados en M\u00f3naco, mientras que dos helic\u00f3pteros y unos 30 gendarmes rastrean Francia en busca de un hombre que dej\u00f3 un paquete en el vest\u00edbulo de un edificio residencial cercano a la frontera, informaron la polic\u00eda y la gendarmer\u00eda.<\/p>\n<p>El artefacto explot\u00f3 alrededor de las 19H00 GMT del lunes, dejando a un hombre y una mujer gravemente heridos y a un adolescente con lesiones leves, seg\u00fan las autoridades monegascas.<\/p>\n<p>El fiscal de M\u00f3naco, St\u00e9phane Thibault, indic\u00f3 que el hombre fue estabilizado, pero que el estado de la mujer es \u00abcr\u00edtico, con riesgo para su vida\u00bb.<\/p>\n<p>A\u00f1adi\u00f3 que la explosi\u00f3n se investiga como un caso de \u00abtentativa de homicidio\u00bb, aunque por el momento no se considera un acto \u00abterrorista\u00bb.<\/p>\n<p>El fiscal se neg\u00f3 a revelar qui\u00e9n era el objetivo del atentado, aunque varias fuentes se\u00f1alan que se trataba del empresario nacido en Ucrania Vadim Yermolaiev, residente permanente en M\u00f3naco y nacionalizado chipriota.<\/p>\n<p>El jefe del gobierno de M\u00f3naco, Christophe Mirmand, afirm\u00f3 no tener conocimiento de amenazas espec\u00edficas contra Yermolaiev.<\/p>\n<p>Los heridos fueron trasladados a un hospital de la ciudad francesa de Niza.\u00a0<\/p>\n<p>El pr\u00edncipe Alberto II calific\u00f3 el incidente de \u00abcrimen atroz\u00bb y afirm\u00f3 que supuso \u00abuna conmoci\u00f3n para toda la comunidad monegasca\u00bb.<\/p>\n<p>Mirmand hab\u00eda se\u00f1alado previamente que varios testigos aportaron informaci\u00f3n que podr\u00eda permitir identificar al sospechoso.<\/p>\n<p>A\u00f1adi\u00f3 que el artefacto explosivo aparentemente conten\u00eda pernos met\u00e1licos y perdigones.<\/p>\n<p>Los servicios de emergencia tambi\u00e9n atendieron a otras cuatro personas por estado de shock y cortes provocados por los cristales rotos por la explosi\u00f3n.<\/p>\n<p>Yermolaiev, multimillonario residente en M\u00f3naco, est\u00e1 sujeto a sanciones impuestas por Kiev desde diciembre de 2023. Seg\u00fan informes, los servicios de seguridad ucranianos justificaron esas sanciones por sus actividades en el negocio del alcohol en la Crimea ocupada por Rusia.<\/p>\n<p>bur-fcc\/ekf-sw\/mab\/pc<\/p>\n","protected":false},"excerpt":{"rendered":"afp_tickers Este contenido fue publicado en 30 junio 2026 &#8211; 14:27 La polic\u00eda busca el martes al sospechoso&hellip;\n","protected":false},"author":2,"featured_media":635100,"comment_status":"","ping_status":"","sticky":false,"template":"","format":"standard","meta":{"footnotes":""},"categories":[42],"tags":[17,18,8543,13,14,11,165,22987,61,62,63,64,19,20,7657,17067,9,10,15,16,1384,90,12,21,22,65,66,67],"class_list":["post-635099","post","type-post","status-publish","format-standard","has-post-thumbnail","category-internacional","tag-breaking-news","tag-breakingnews","tag-disease","tag-featured-news","tag-featurednews","tag-headlines","tag-health","tag-injury","tag-internacional","tag-international","tag-international-news","tag-internationalnews","tag-latest-news","tag-latestnews","tag-law-and-order","tag-law-enforcement","tag-news","tag-noticias","tag-noticias-destacadas","tag-noticiasdestacadas","tag-police","tag-ticker","tag-titulares","tag-ultimas-noticias","tag-ultimasnoticias","tag-world","tag-world-news","tag-worldnews"],"share_on_mastodon":{"url":"https:\/\/pubeurope.com\/@es\/116843109387714766","error":""},"_links":{"self":[{"href":"https:\/\/www.europesays.com\/es\/wp-json\/wp\/v2\/posts\/635099","targetHints":{"allow":["GET"]}}],"collection":[{"href":"https:\/\/www.europesays.com\/es\/wp-json\/wp\/v2\/posts"}],"about":[{"href":"https:\/\/www.europesays.com\/es\/wp-json\/wp\/v2\/types\/post"}],"author":[{"embeddable":true,"href":"https:\/\/www.europesays.com\/es\/wp-json\/wp\/v2\/users\/2"}],"replies":[{"embeddable":true,"href":"https:\/\/www.europesays.com\/es\/wp-json\/wp\/v2\/comments?post=635099"}],"version-history":[{"count":0,"href":"https:\/\/www.europesays.com\/es\/wp-json\/wp\/v2\/posts\/635099\/revisions"}],"wp:featuredmedia":[{"embeddable":true,"href":"https:\/\/www.europesays.com\/es\/wp-json\/wp\/v2\/media\/635100"}],"wp:attachment":[{"href":"https:\/\/www.europesays.com\/es\/wp-json\/wp\/v2\/media?parent=635099"}],"wp:term":[{"taxonomy":"category","embeddable":true,"href":"https:\/\/www.europesays.com\/es\/wp-json\/wp\/v2\/categories?post=635099"},{"taxonomy":"post_tag","embeddable":true,"href":"https:\/\/www.europesays.com\/es\/wp-json\/wp\/v2\/tags?post=635099"}],"curies":[{"name":"wp","href":"https:\/\/api.w.org\/{rel}","templated":true}]}}