{"id":635163,"date":"2026-07-01T06:44:11","date_gmt":"2026-07-01T06:44:11","guid":{"rendered":"https:\/\/www.europesays.com\/es\/635163\/"},"modified":"2026-07-01T06:44:11","modified_gmt":"2026-07-01T06:44:11","slug":"el-momento-escatologico-de-candela-pena-con-amaia-romero-en-un-evento-de-moda","status":"publish","type":"post","link":"https:\/\/www.europesays.com\/es\/635163\/","title":{"rendered":"El momento escatol\u00f3gico de Candela Pe\u00f1a con Amaia Romero en un evento de moda"},"content":{"rendered":"<p class=\"c-paragraph\"><b><a href=\"https:\/\/www.20minutos.es\/tags\/temas\/candela-pena-actriz.html\" title=\"Candela Pe\u00f1a\" rel=\"nofollow noopener\" target=\"_blank\">Candela Pe\u00f1a<\/a><\/b> record\u00f3 en <b><a href=\"https:\/\/www.20minutos.es\/tags\/temas\/la-revuelta.html\" title=\"La Revuelta\" rel=\"nofollow noopener\" target=\"_blank\">La Revuelta<\/a><\/b> un encuentro con <b><a href=\"https:\/\/www.20minutos.es\/tags\/personas\/amaia-ot.html\" title=\"Amaia OT\" rel=\"nofollow noopener\" target=\"_blank\">Amaia Romero<\/a><\/b> que guarda con especial cari\u00f1o. La actriz se declar\u00f3 <b>\u00abpresidenta del club de fans\u00bb <\/b>de la cantante navarra. Y desvel\u00f3 a <a href=\"https:\/\/www.20minutos.es\/tags\/personas\/broncano.html\" title=\"David Broncano\" rel=\"nofollow noopener\" target=\"_blank\"><b>David<\/b> <b>Broncano<\/b><\/a> c\u00f3mo fue su \u00faltimo cruce con ella.<\/p>\n<p class=\"c-paragraph\">El reencuentro se produjo en un evento en el que Amaia recog\u00eda un premio. Candela explic\u00f3 su papel all\u00ed con humor: \u00ab<b>Yo ahora arraso, David<\/b>\u00ab. La actriz aprovech\u00f3 para acercarse a felicitarla y mostrarle su <b>admiraci\u00f3n<\/b>.<\/p>\n<p class=\"c-paragraph\">Amaia respondi\u00f3 con cercan\u00eda a los halagos de la actriz, que le confes\u00f3 sin filtros lo mucho que le gustaba. La conversaci\u00f3n, sin embargo, se cort\u00f3 de forma repentina. La cantante se despidi\u00f3 con una frase que pill\u00f3 por sorpresa a Candela: \u00ab<b>Me voy, que me estoy cagando<\/b>\u00ab.<\/p>\n<p class=\"c-paragraph\">Candela pens\u00f3 al principio que se trataba de una broma, hasta que <b>comprob\u00f3 que Amaia hablaba en serio<\/b>. Lejos de sentar mal, el gesto reforz\u00f3 el cari\u00f1o de la actriz hacia ella. \u00ab<b>\u00a1Es que la quiero m\u00e1s que antes, porque tuvo confianza!<\/b>\u00ab, asegur\u00f3 entre risas.<\/p>\n<p class=\"c-paragraph\">Para Candela, ese momento de espontaneidad reflej\u00f3 la confianza que sinti\u00f3 desde el primer encuentro. La actriz reconoci\u00f3 que <b>ella misma suele actuar as\u00ed con la gente que le cae bien<\/b>. \u00abEs que me hubiera ido a hacer caca con ella\u00bb, brome\u00f3.<\/p>\n","protected":false},"excerpt":{"rendered":"Candela Pe\u00f1a record\u00f3 en La Revuelta un encuentro con Amaia Romero que guarda con especial cari\u00f1o. La actriz&hellip;\n","protected":false},"author":2,"featured_media":635164,"comment_status":"","ping_status":"","sticky":false,"template":"","format":"standard","meta":{"footnotes":""},"categories":[171],"tags":[19674,39245,24171,146,147,25,24,62569,4877,23,214],"class_list":["post-635163","post","type-post","status-publish","format-standard","has-post-thumbnail","category-tv","tag-amaia","tag-candela","tag-con","tag-entertainment","tag-entretenimiento","tag-es","tag-espana","tag-momentazo","tag-pena","tag-spain","tag-tv"],"share_on_mastodon":{"url":"https:\/\/pubeurope.com\/@es\/116843372146407841","error":""},"_links":{"self":[{"href":"https:\/\/www.europesays.com\/es\/wp-json\/wp\/v2\/posts\/635163","targetHints":{"allow":["GET"]}}],"collection":[{"href":"https:\/\/www.europesays.com\/es\/wp-json\/wp\/v2\/posts"}],"about":[{"href":"https:\/\/www.europesays.com\/es\/wp-json\/wp\/v2\/types\/post"}],"author":[{"embeddable":true,"href":"https:\/\/www.europesays.com\/es\/wp-json\/wp\/v2\/users\/2"}],"replies":[{"embeddable":true,"href":"https:\/\/www.europesays.com\/es\/wp-json\/wp\/v2\/comments?post=635163"}],"version-history":[{"count":0,"href":"https:\/\/www.europesays.com\/es\/wp-json\/wp\/v2\/posts\/635163\/revisions"}],"wp:featuredmedia":[{"embeddable":true,"href":"https:\/\/www.europesays.com\/es\/wp-json\/wp\/v2\/media\/635164"}],"wp:attachment":[{"href":"https:\/\/www.europesays.com\/es\/wp-json\/wp\/v2\/media?parent=635163"}],"wp:term":[{"taxonomy":"category","embeddable":true,"href":"https:\/\/www.europesays.com\/es\/wp-json\/wp\/v2\/categories?post=635163"},{"taxonomy":"post_tag","embeddable":true,"href":"https:\/\/www.europesays.com\/es\/wp-json\/wp\/v2\/tags?post=635163"}],"curies":[{"name":"wp","href":"https:\/\/api.w.org\/{rel}","templated":true}]}}