{"id":635165,"date":"2026-07-01T06:45:12","date_gmt":"2026-07-01T06:45:12","guid":{"rendered":"https:\/\/www.europesays.com\/es\/635165\/"},"modified":"2026-07-01T06:45:12","modified_gmt":"2026-07-01T06:45:12","slug":"lenny-kravitz-un-simbolo-del-rock-de-altos-quilates-actuara-este-miercoles-en-iconica-santalucia-sevilla-fest","status":"publish","type":"post","link":"https:\/\/www.europesays.com\/es\/635165\/","title":{"rendered":"Lenny Kravitz, un s\u00edmbolo del rock de altos quilates, actuar\u00e1 este mi\u00e9rcoles en Ic\u00f3nica Santaluc\u00eda Sevilla Fest"},"content":{"rendered":"<p style=\"\"><strong>Lenny Kravitz<\/strong>, uno de los m\u00fasicos norteamericanos m\u00e1s destacados de la escena del rock internacional, actuar\u00e1 este mi\u00e9rcoles 1 de julio por primera vez en la capital hispalense de la mano de <strong>Ic\u00f3nica Santaluc\u00eda Sevilla Fest<\/strong> dentro de su gira <strong>&#8216;Lenny Kravitz <\/strong> &#8230; <strong>2026&#8242;<\/strong>. El polifac\u00e9tico multiinstrumentista, que tambi\u00e9n ha destacado en los \u00faltimos a\u00f1os por otras labores como la de escritor o productor, repasar\u00e1 en la Plaza de Espa\u00f1a sus principales \u00e9xitos, demostrando por qu\u00e9 es una leyenda viva del pop. <\/p>\n<p class=\"v-d-p\" style=\"\">Tras su aplaudida <strong>&#8216;Blue Electric Light Tour 2025&#8217;<\/strong>, que ofreci\u00f3 conciertos con todas las entradas agotadas en Europa, Sudam\u00e9rica, Australia y una residencia en Las Vegas, Kravitz contin\u00faa lo que Billboard ha bautizado como la<strong> &#8216;Lennaissance&#8217;<\/strong>: un periodo de \u00e9xito global y resurgimiento creativo.<\/p>\n<p class=\"v-d-p\" style=\"\">Kravitz public\u00f3 su aclamado duod\u00e9cimo \u00e1lbum de estudio, <strong>&#8216;Blue Electric Light&#8217;<\/strong>, en mayo de 2024. La Associated Press cali\ufb01c\u00f3 el disco como \u00abglorioso\u2026 lo mejor del rockero en a\u00f1os\u00bb, mientras que NPR lo describi\u00f3 como \u00abun caleidoscopio de rock expansivo, funk psicod\u00e9lico, soul suave y m\u00e1s\u00bb. En 2025, Kravitz fue homenajeado con una estrella en el Paseo de la Fama de Hollywood, el Music Icon Award en los People&#8217;s Choice Awards 2024, el Best Rock Award en los MTV Video Music Awards 2024 y el Fashion Icon Award del CFDA.<\/p>\n<p class=\"v-d-p\" style=\"\">Esta noche hist\u00f3rica ser\u00e1 completada por <strong>Mickey Pav\u00f3n<\/strong>, que tras el concierto de Lenny Kravitz har\u00e1 vibrar la Plaza de Espa\u00f1a en las Endesa Music Session.<\/p>\n<p class=\"v-d-p\" style=\"\">Considerado uno de los grandes m\u00fasicos de rock de nuestro tiempo, Lenny Kravitz ha trascendido g\u00e9neros, estilos, razas y clases durante una carrera musical de m\u00e1s de tres d\u00e9cadas. In\ufb02uido por el soul, el rock y el funk de los a\u00f1os sesenta y setenta, este escritor, productor y multiinstrumentista <strong>ha ganado cuatro premios Grammy<\/strong>.<\/p>\n<p class=\"v-d-p\" style=\"\">Continuando lo que Billboard de\ufb01ne como la &#8216;Lennaissance, Kravitz se encuentra actualmente inmerso en una gira mundial de presentaci\u00f3n del \u00e1lbum &#8216;Blue Electric Light&#8217;, que ha llenado escenarios en Europa, Sudam\u00e9rica, Australia y ha incluido una residencia en Las Vegas.<\/p>\n<p class=\"v-d-p\" style=\"\">Recientemente <strong>recibi\u00f3 una estrella en el Paseo de la Fama de Hollywood<\/strong>, el Music Icon Award en los People&#8217;s Choice Awards 2024 y el Best Rock Award en los MTV Video Music Awards 2024. Tambi\u00e9n fue reconocido por el CFDA con su Fashion Icon Award, no solo por su trayectoria musical, sino por su in\ufb02uencia en la moda.<\/p>\n<p class=\"v-d-p\" style=\"\">En 2023, Kravitz estren\u00f3 <strong>&#8216;Road To Freedom&#8217;<\/strong>, un himno que escribi\u00f3, interpret\u00f3 y produjo para la comentada pel\u00edcula de Net\ufb02ix &#8216;Rustin&#8217;. El tema suena en los cr\u00e9ditos \ufb01nales. Gracias a \u00e9l obtuvo una <strong>nominaci\u00f3n al Globo de Oro a &#8216;Mejor Canci\u00f3n Original \u2013 Pel\u00edcula&#8217;<\/strong>, otra a los Critics Choice Awards como \u00abMejor Canci\u00f3n\u00bb y una nominaci\u00f3n de los Guild of Music Supervisors a &#8216;Mejor Canci\u00f3n Escrita y\/o Grabada para una Pel\u00edcula&#8217;.<\/p>\n<p>\nFirma creativa\n<\/p>\n<p class=\"v-d-p\" style=\"\">Adem\u00e1s de sus doce \u00e1lbumes \u2014que suman m\u00e1s de 50 millones de copias vendidas en todo el mundo\u2014, su \ufb01rma creativa <strong>Kravitz Design Inc.<\/strong> presume de un destacado portfolio de proyectos, entre ellos hoteles, edi\ufb01cios residenciales, viviendas privadas y colaboraciones con marcas legendarias como Rolex, Leica o Dom P\u00e9rignon. Su trabajo de dise\u00f1o fue recientemente destacado en Architectural Digest, donde mostr\u00f3 su impresionante e hist\u00f3rica casa de Par\u00eds. En 2022 lanz\u00f3 su propia marca de espirituosos ultra premium, <strong>Nocheluna Sotol<\/strong>, un destilado originario de Chihuahua, M\u00e9xico.<\/p>\n<p class=\"v-d-p\" style=\"\">Kravitz es adem\u00e1s autor de &#8216;Flash&#8217;, un libro de fotograf\u00eda de rock y de sus memorias, <strong>&#8216;Let Love Rule&#8217;<\/strong>, que entraron en la lista de bes\u0112 sellers de The New York Times.<\/p>\n<ul class=\"v-u v-u--t2\">\n<li class=\"v-u__l\">\n<p class=\"v-d-p\">\nConcierto de Lenny Kravitz en Ic\u00f3nica Santaluc\u00eda Sevilla Fest\n<\/p>\n<\/li>\n<li class=\"v-u__l\">\n<p class=\"v-d-p\">\nD\u00f3nde: Plaza de Espa\u00f1a.\n<\/p>\n<\/li>\n<li class=\"v-u__l\">\n<p class=\"v-d-p\">\nCu\u00e1ndo: mi\u00e9rcoles 1 de julio de 2026.\n<\/p>\n<\/li>\n<li class=\"v-u__l\">\n<p class=\"v-d-p\">\nHorario: apertura general a las 20 horas. Inicio del concierto: 22.30 horas.\n<\/p>\n<\/li>\n<li class=\"v-u__l\">\n<p class=\"v-d-p\">\nPrecio: 77 euros (pista general). 126.50 euros (front stage).\n<\/p>\n<\/li>\n<li class=\"v-u__l\">\n<p class=\"v-d-p\">\nEntradas:<br \/>\n<a href=\"https:\/\/iconicafest.com\/lenny-kravitz\/\" target=\"_self\" data-voc-vtm-id=\"in-text-traffic\" data-mrf-link=\"iconicafest.com\" rel=\"nofollow noopener\">Ic\u00f3nica Santaluc\u00eda Sevilla Fest<\/a>\n<\/p>\n<\/li>\n<p> ul&gt;\n<\/ul>\n<p class=\"v-d-p\" style=\"\">En la actualidad es embajador global de la fragancia Y de YSL Beauty y embajador de la marca de relojer\u00eda de lujo Jaeger-LeCoultre. Como artista multidisciplinar, tambi\u00e9n ha dado el salto al cine, apareciendo en los \u00e9xitos <strong>&#8216;The Hunger Games&#8217;<\/strong> y &#8216;The Hunger Games: Catching Fire&#8217;, as\u00ed como en las aclamadas pel\u00edculas &#8216;Precious&#8217; y &#8216;The Butler&#8217;.<\/p>\n","protected":false},"excerpt":{"rendered":"Lenny Kravitz, uno de los m\u00fasicos norteamericanos m\u00e1s destacados de la escena del rock internacional, actuar\u00e1 este mi\u00e9rcoles&hellip;\n","protected":false},"author":2,"featured_media":635166,"comment_status":"","ping_status":"","sticky":false,"template":"","format":"standard","meta":{"footnotes":""},"categories":[170],"tags":[32364,146,147,25,24,4139,9817,33726,824,295,184,185,28629,1273,54960,1171,6943,23],"class_list":["post-635165","post","type-post","status-publish","format-standard","has-post-thumbnail","category-musica","tag-actuara","tag-entertainment","tag-entretenimiento","tag-es","tag-espana","tag-fest","tag-iconica","tag-kravitz","tag-lenny","tag-miercoles","tag-music","tag-musica","tag-norteamericano","tag-rock","tag-santalucia","tag-sevilla","tag-simbolo","tag-spain"],"share_on_mastodon":{"url":"https:\/\/pubeurope.com\/@es\/116843376137882586","error":""},"_links":{"self":[{"href":"https:\/\/www.europesays.com\/es\/wp-json\/wp\/v2\/posts\/635165","targetHints":{"allow":["GET"]}}],"collection":[{"href":"https:\/\/www.europesays.com\/es\/wp-json\/wp\/v2\/posts"}],"about":[{"href":"https:\/\/www.europesays.com\/es\/wp-json\/wp\/v2\/types\/post"}],"author":[{"embeddable":true,"href":"https:\/\/www.europesays.com\/es\/wp-json\/wp\/v2\/users\/2"}],"replies":[{"embeddable":true,"href":"https:\/\/www.europesays.com\/es\/wp-json\/wp\/v2\/comments?post=635165"}],"version-history":[{"count":0,"href":"https:\/\/www.europesays.com\/es\/wp-json\/wp\/v2\/posts\/635165\/revisions"}],"wp:featuredmedia":[{"embeddable":true,"href":"https:\/\/www.europesays.com\/es\/wp-json\/wp\/v2\/media\/635166"}],"wp:attachment":[{"href":"https:\/\/www.europesays.com\/es\/wp-json\/wp\/v2\/media?parent=635165"}],"wp:term":[{"taxonomy":"category","embeddable":true,"href":"https:\/\/www.europesays.com\/es\/wp-json\/wp\/v2\/categories?post=635165"},{"taxonomy":"post_tag","embeddable":true,"href":"https:\/\/www.europesays.com\/es\/wp-json\/wp\/v2\/tags?post=635165"}],"curies":[{"name":"wp","href":"https:\/\/api.w.org\/{rel}","templated":true}]}}