{"id":635308,"date":"2026-07-01T08:47:34","date_gmt":"2026-07-01T08:47:34","guid":{"rendered":"https:\/\/www.europesays.com\/es\/635308\/"},"modified":"2026-07-01T08:47:34","modified_gmt":"2026-07-01T08:47:34","slug":"la-salud-en-tus-manos-opella-convierte-el-autocuidado-en-algo-simple-accesible-y-real","status":"publish","type":"post","link":"https:\/\/www.europesays.com\/es\/635308\/","title":{"rendered":"La salud en tus manos Opella convierte el autocuidado en algo simple accesible y real \u00a0"},"content":{"rendered":"<p>La principal prioridad de Opella Espa\u00f1a es seguir impulsando el autocuidado en nuestro pa\u00eds. Carlota Molina, Country Head de la compa\u00f1\u00eda y vicepresidenta de la Asociaci\u00f3n para el Autocuidado de la Salud (anefp), resume su misi\u00f3n en \u00abponer la salud en las manos de las personas, haciendo que el autocuidado &#8230;            &#13;\n        <\/p>\n<p>La principal prioridad de Opella Espa\u00f1a es seguir impulsando el autocuidado en nuestro pa\u00eds. <strong>Carlota Molina<\/strong>, Country Head de la compa\u00f1\u00eda y vicepresidenta de la Asociaci\u00f3n para el Autocuidado de la Salud (anefp), resume su misi\u00f3n en \u00ab<strong>poner la salud en las manos de las personas, haciendo que el autocuidado sea tan simple como deber\u00eda ser<\/strong>\u00ab. La estrategia se apoya en cuatro pilares: innovaci\u00f3n, evidencia cient\u00edfica, sostenibilidad y un enfoque centrado en consumidores y profesionales sanitarios para desarrollar soluciones adaptadas a sus necesidades.<\/p>\n<p>Molina asegura que \u00ab<strong>la percepci\u00f3n del autocuidado en Espa\u00f1a muestra avances significativos\u00bb<\/strong>. Seg\u00fan la II Radiograf\u00eda del Autocuidado de la Salud en Espa\u00f1a\u00b9, el 77,6 % de los espa\u00f1oles considera el autocuidado \u00abmuy importante\u00bb para mantener una buena salud. Sin embargo, el 39 % identifica la falta de conocimiento como la principal barrera para prevenir enfermedades.<\/p>\n<p>Entre los aspectos positivos, destaca la accesibilidad de las farmacias y el papel del farmac\u00e9utico, se\u00f1alado por el 75 % de la poblaci\u00f3n, adem\u00e1s de la irrupci\u00f3n de la inteligencia artificial (IA) como nueva fuente de consulta. Un 73,2 % cree que esta tecnolog\u00eda mejorar\u00e1 el diagn\u00f3stico precoz de algunas patolog\u00edas. \u00abLas compa\u00f1\u00edas farmac\u00e9uticas de autocuidado como Opella impulsamos la adopci\u00f3n del autocuidado desarrollando productos respaldados por evidencia cient\u00edfica, generando informaci\u00f3n accesible y colaborando estrechamente con profesionales sanitarios\u00bb, certifica. El objetivo, a\u00f1ade, es \u00abempoderar a las personas para gestionar s\u00edntomas leves y tomar un papel activo en su bienestar\u00bb.<\/p>\n<blockquote><p><strong>\u00abNuestro objetivo es empoderar a las personas para gestionar s\u00edntomas leves y tomar un papel activo en su bienestar\u00bb<\/strong><\/p><\/blockquote>\n<p>El lema de Opella es<strong> La salud. En tus manos.<\/strong> \u00abEs la esencia de nuestra misi\u00f3n y gu\u00eda toda nuestra estrategia, buscando que el autocuidado sea simple, intuitivo y accesible para todos\u00bb, afirma. Ese compromiso se traduce en productos respaldados por la evidencia, informaci\u00f3n clara y disponibilidad en las farmacias.<\/p>\n<p>Adem\u00e1s, esta empresa invierte en anal\u00edtica avanzada e IA para comprender mejor las necesidades de los consumidores. \u00abQueremos que las personas gestionen sus afecciones cotidianas con confianza, liberando a los sistemas de salud para que se enfoquen en tratamientos m\u00e1s complejos\u00bb, manifiesta. En este sentido, recuerda que los m\u00e9dicos de Atenci\u00f3n Primaria apuntan que gastroenteritis, fiebre, lumbalgia o infecciones respiratorias figuran entre los principales motivos de consulta que podr\u00edan resolverse mediante autocuidados\u00b2.<\/p>\n<p><strong>Hacia la promoci\u00f3n<\/strong><\/p>\n<p>Entre los principales retos, Molina sit\u00faa la prevenci\u00f3n. Aunque la poblaci\u00f3n valora el autocuidado, solo el 32,2 % lo relaciona con la prevenci\u00f3n de enfermedades\u00b9. A su juicio, muchas afecciones cotidianas siguen terminando en consultas m\u00e9dicas cuando podr\u00edan resolverse con una orientaci\u00f3n adecuada.<\/p>\n<p>La IA tambi\u00e9n plantea desaf\u00edos. A pesar de que la mayor\u00eda de la poblaci\u00f3n la percibe como una herramienta \u00fatil para mejorar el diagn\u00f3stico precoz y personalizar tratamientos, persisten dudas sobre la privacidad de los datos y la supervisi\u00f3n humana. En este contexto, el farmac\u00e9utico adquiere todav\u00eda m\u00e1s relevancia como profesional cercano y de confianza.<\/p>\n<p>Frente a estos retos, Molina identifica importantes oportunidades de crecimiento. Los ciudadanos opinan que la farmacia es un establecimiento muy accesible y recurren a ella para resolver dudas relacionadas con su salud<strong>. \u00abEl farmac\u00e9utico se est\u00e1 convirtiendo en un referente para el autocuidado de la salud\u00bb<\/strong>, sostiene.<\/p>\n<p>La educaci\u00f3n sanitaria constituye otro \u00e1mbito de desarrollo. Seg\u00fan la Radiograf\u00eda del Autocuidado, el 72,7 % de la poblaci\u00f3n cree que deber\u00eda impartirse en todos los colegios\u00b9. Para Molina, este dato abre la puerta a nuevas campa\u00f1as educativas y a una mayor integraci\u00f3n del autocuidado en las pol\u00edticas sanitarias.<\/p>\n<p>\u00abHacer que el autocuidado sea simple significa eliminar barreras para que cualquier persona pueda comprender y utilizar nuestras soluciones de salud\u00bb, reflexiona. \u00abU<strong>tilizamos un conocimiento profundo del consumidor para comprender lo que realmente quiere y necesita<\/strong><strong>\u00ab<\/strong>, declara. Para lograrlo, la compa\u00f1\u00eda apuesta por desarrollar productos respaldados por la ciencia y facilitar informaci\u00f3n clara a profesionales y ciudadanos.<\/p>\n<p>&#13;<\/p>\n<tr>&#13;<\/p>\n<td style=\"width: 50%;\"><img decoding=\"async\" src=\"https:\/\/www.europesays.com\/es\/wp-content\/uploads\/2026\/07\/imfarmacias_companias_farmaceuticas_autocuidado__42141_29090141.png\"\/><\/td>\n<p>&#13;<\/p>\n<td style=\"width: 50%;\"><\/td>\n<\/tr>\n<p><strong>Los farmac\u00e9uticos, estrat\u00e9gicos<\/strong><\/p>\n<p>La alianza global de Opella con la Federaci\u00f3n Internacional de Farmac\u00e9uticos (FIP) se centra precisamente en avanzar en el autocuidado y la alfabetizaci\u00f3n en salud en todo el mundo.<\/p>\n<p>En este proceso, \u00ab<strong>los<\/strong><strong> farmac\u00e9uticos juegan un papel esencial y son aliados fundamentales en la visi\u00f3n de Opella para un sistema de salud m\u00e1s eficiente<\/strong><strong>\u00ab<\/strong>. Molina remarca que las farmacias est\u00e1n asumiendo m\u00e1s responsabilidades mientras acceder al m\u00e9dico de Atenci\u00f3n Primaria resulta cada vez m\u00e1s dif\u00edcil, por lo que pueden contribuir a agilizar el sistema sanitario.<\/p>\n<p>\u00abNuestra visi\u00f3n se traduce en un apoyo integral al farmac\u00e9utico facilit\u00e1ndole evidencia cient\u00edfica, formaci\u00f3n, herramientas de visibilidad y desarrollo de categor\u00edas, as\u00ed como estrategias a corto plazo para acelerar la digitalizaci\u00f3n\u00bb, asegura. Como parte de su estrategia Health, <strong>Opella se ha comprometido a formar a 200.000 farmac\u00e9uticos en todo el mundo antes de 2030.<\/strong><\/p>\n<p>La empresa ha participado este a\u00f1o por primera vez en Infarma para reforzar su identidad ante los farmac\u00e9uticos, conocer mejor sus necesidades y presentar innovaciones como Enterogermina, \u00abadem\u00e1s del resto de marcas emblem\u00e1ticas que forman parte del d\u00eda a d\u00eda de miles de farmacias en Espa\u00f1a\u00bb.<\/p>\n<blockquote><p><strong>\u00abLos farmac\u00e9uticos son aliados fundamentales en la visi\u00f3n de Opella para un sistema de salud m\u00e1s eficiente\u00bb<\/strong><\/p><\/blockquote>\n<p>Como empresa certificada como B Corp, \u00ab<strong>la sostenibilidad es un pilar estrat\u00e9gico y una ventaja competitiva para Opella<\/strong>\u00ab, subraya Molina. En Espa\u00f1a, este compromiso se traduce en iniciativas de econom\u00eda circular, envases m\u00e1s sostenibles, reducci\u00f3n de residuos y colaboraci\u00f3n con la industria para disminuir el impacto ambiental de los medicamentos y las emisiones de su cadena de valor.<\/p>\n<p>A ello se suma el trabajo conjunto con anefp para ampliar el acceso al autocuidado y contribuir a \u00abun sistema de salud m\u00e1s resiliente y sostenible para todos\u00bb.<\/p>\n<p>De cara a los pr\u00f3ximos a\u00f1os,<strong> O<\/strong><strong>pella quiere consolidar el autocuidado como \u00abuna herramienta esencial para el bienestar social y la sostenibilidad del sistema sanitario\u00bb.<\/strong> Para ello, ampliar\u00e1 su portafolio en \u00e1reas como la salud digestiva, el alivio del dolor, el cuidado respiratorio y el bienestar general.<\/p>\n<p>Igualmente seguir\u00e1 invirtiendo en IA y capacidades digitales para comprender mejor las necesidades de los consumidores y reforzar su colaboraci\u00f3n con las farmacias.<\/p>\n<p>A largo plazo, aspira a contribuir a un modelo sanitario m\u00e1s preventivo y sostenible, en el que el autocuidado desempe\u00f1e un papel cada vez m\u00e1s relevante, manteniendo los compromisos ambientales y sociales que definen su condici\u00f3n de empresa B Corp.<\/p>\n<p>Referencias<\/p>\n<p>1 <a href=\"https:\/\/anefp.org\/sites\/default\/files\/anefpdoc\/estudio-II-radiografia-autocuidado-salud-espana-anefp-2026.pdf\" rel=\"nofollow noopener\" target=\"_blank\">https:\/\/anefp.org\/sites\/default\/files\/anefpdoc\/estudio-II-radiografia-autocuidado-salud-espana-anefp-2026.pdf<\/a><\/p>\n<p>2 <a href=\"https:\/\/www.semfyc.es\/actualidad\/el-72-de-los-medicos-admite-que-deberia-ensenar-mas-autocuidados-a-los-pacientes\" style=\"font-size: 11px;\" rel=\"nofollow noopener\" target=\"_blank\">https:\/\/www.semfyc.es\/actualidad\/el-72-de-los-medicos-admite-que-deberia-ensenar-mas-autocuidados-a-los-pacientes<\/a><\/p>\n","protected":false},"excerpt":{"rendered":"La principal prioridad de Opella Espa\u00f1a es seguir impulsando el autocuidado en nuestro pa\u00eds. Carlota Molina, Country Head&hellip;\n","protected":false},"author":2,"featured_media":635309,"comment_status":"","ping_status":"","sticky":false,"template":"","format":"standard","meta":{"footnotes":""},"categories":[92],"tags":[98541,33695,1399,51940,75733,4250,15294,7770,33986,594,4340,1438,5443,25,24,314,8733,30261,1142,5514,165,4231,1783,3955,3431,9,795,661,117600,117601,33756,798,166,15290,81080,45329,11721,23,55281],"class_list":["post-635308","post","type-post","status-publish","format-standard","has-post-thumbnail","category-salud","tag-accesible","tag-acercar","tag-afronta","tag-algo","tag-aliada","tag-autocuidado","tag-avanzar","tag-basada","tag-cercana","tag-ciudadanos","tag-compania","tag-convierte","tag-defiende","tag-es","tag-espana","tag-etapa","tag-evidencia","tag-farmacia","tag-forma","tag-fuerte","tag-health","tag-impulsar","tag-la","tag-manos","tag-modelo","tag-news","tag-nueva","tag-objetivo","tag-opella","tag-participativa","tag-preventivo","tag-real","tag-salud","tag-sanitario","tag-sencilla","tag-simple","tag-sostenible","tag-spain","tag-tus"],"share_on_mastodon":{"url":"https:\/\/pubeurope.com\/@es\/116843856073125882","error":""},"_links":{"self":[{"href":"https:\/\/www.europesays.com\/es\/wp-json\/wp\/v2\/posts\/635308","targetHints":{"allow":["GET"]}}],"collection":[{"href":"https:\/\/www.europesays.com\/es\/wp-json\/wp\/v2\/posts"}],"about":[{"href":"https:\/\/www.europesays.com\/es\/wp-json\/wp\/v2\/types\/post"}],"author":[{"embeddable":true,"href":"https:\/\/www.europesays.com\/es\/wp-json\/wp\/v2\/users\/2"}],"replies":[{"embeddable":true,"href":"https:\/\/www.europesays.com\/es\/wp-json\/wp\/v2\/comments?post=635308"}],"version-history":[{"count":0,"href":"https:\/\/www.europesays.com\/es\/wp-json\/wp\/v2\/posts\/635308\/revisions"}],"wp:featuredmedia":[{"embeddable":true,"href":"https:\/\/www.europesays.com\/es\/wp-json\/wp\/v2\/media\/635309"}],"wp:attachment":[{"href":"https:\/\/www.europesays.com\/es\/wp-json\/wp\/v2\/media?parent=635308"}],"wp:term":[{"taxonomy":"category","embeddable":true,"href":"https:\/\/www.europesays.com\/es\/wp-json\/wp\/v2\/categories?post=635308"},{"taxonomy":"post_tag","embeddable":true,"href":"https:\/\/www.europesays.com\/es\/wp-json\/wp\/v2\/tags?post=635308"}],"curies":[{"name":"wp","href":"https:\/\/api.w.org\/{rel}","templated":true}]}}