{"id":635361,"date":"2026-07-01T09:36:16","date_gmt":"2026-07-01T09:36:16","guid":{"rendered":"https:\/\/www.europesays.com\/es\/635361\/"},"modified":"2026-07-01T09:36:16","modified_gmt":"2026-07-01T09:36:16","slug":"agenda-cultural-hallan-en-el-rastro-de-madrid-dos-retratos-ineditos-del-pintor-de-caceres-antonio-solis-avila","status":"publish","type":"post","link":"https:\/\/www.europesays.com\/es\/635361\/","title":{"rendered":"AGENDA CULTURAL: Hallan en el Rastro de Madrid dos retratos in\u00e9ditos del pintor de C\u00e1ceres Antonio Sol\u00eds \u00c1vila"},"content":{"rendered":"<p class=\"ft-text ft-helper-align-justify\">El investigador y activista cultural <a class=\"ft-link ft-link--decoration\" href=\"https:\/\/www.elperiodicoextremadura.com\/caceres-local\/2026\/05\/01\/jose-ramon-gonzalez-coleccionista-arte-129695590.html\" rel=\"nofollow noopener\" target=\"_blank\">Jos\u00e9 Ram\u00f3n Gonz\u00e1lez<\/a> ha vuelto a protagonizar un importante hallazgo para el patrimonio art\u00edstico espa\u00f1ol con la localizaci\u00f3n de <strong>dos retratos in\u00e9ditos del pintor cacere\u00f1o Antonio Sol\u00eds \u00c1vila<\/strong> (1906-1984), adquiridos recientemente en el mercado de El Rastro de Madrid.<\/p>\n<p class=\"ft-text ft-helper-align-justify\">Se trata de dos obras realizadas en pastel y l\u00e1pices de colores, <strong>fechadas y dedicadas en 1943, <\/strong>que representan a una de las parejas m\u00e1s influyentes del panorama intelectual de la Espa\u00f1a del siglo XX, el cr\u00edtico de arte Jos\u00e9 Franc\u00e9s y su esposa, la bailarina internacional \u00c1urea de Sarra. <strong>Las piezas fueron encontradas en un establecimiento de la calle del Carnero<\/strong> y conservan en el reverso una inscripci\u00f3n manuscrita con la referencia \u00abSr. Franc\u00e9s, calle General Goded 19\u00bb, un detalle clave que confirma su procedencia y su vinculaci\u00f3n con el entorno \u00edntimo del matrimonio, al haber formado parte de la decoraci\u00f3n de su hogar antes de su dispersi\u00f3n. <strong>Este hallazgo se suma a otras recuperaciones recientes impulsadas por Gonz\u00e1lez,<\/strong> entre las que destacan la localizaci\u00f3n de la placa de bronce de P\u00e9rez Comendador sustra\u00edda en Badajoz, la recuperaci\u00f3n de la obra Sendas obstinadas de Pedro Gross y el descubrimiento de un retrato in\u00e9dito <a class=\"ft-link ft-link--decoration\" href=\"https:\/\/www.elperiodicoextremadura.com\/caceres\/2007\/01\/14\/exposicion-pintor-godofredo-ortega-munoz-45404023.html\" rel=\"nofollow noopener\" target=\"_blank\">de Godofredo Ortega Mu\u00f1oz.<\/a><\/p>\n<p><img decoding=\"async\" src=\"https:\/\/www.europesays.com\/es\/wp-content\/uploads\/2026\/07\/bdb43bfb-bf3a-421b-87a8-95f4bff69d51_alta-libre-aspect-ratio_default_0_x531y224.jpg\" width=\"1200\" height=\"760\" alt=\"El cr\u00edtico de arte Jos\u00e9 Franc\u00e9s y su esposa, la bailarina internacional \u00c1urea de Sarra.\" class=\"ft-helper-img-rd\" loading=\"lazy\" fetchpriority=\"auto\"\/><\/p>\n<p class=\"ft-helper-fontColor-quaternary ft-helper-fontSize-body-S ft-helper-spacer-t-xxs\">El cr\u00edtico de arte Jos\u00e9 Franc\u00e9s y su esposa, la bailarina internacional \u00c1urea de Sarra.  \/ Cedida<\/p>\n<p>El virtuosismo t\u00e9cnico de uno de los grandes retratistas espa\u00f1oles<\/p>\n<p class=\"ft-text ft-helper-align-justify\">Las dos piezas recuperadas, de una t\u00e9cnica impecable y una notable profundidad psicol\u00f3gica,<strong> est\u00e1n firmadas por Antonio Sol\u00eds \u00c1vila. <\/strong>Nacido en el municipio cacere\u00f1o de Madro\u00f1era <a class=\"ft-link ft-link--decoration\" href=\"https:\/\/www.elperiodicoextremadura.com\/tags\/madrid\/\" rel=\"nofollow noopener\" target=\"_blank\">y establecido en Madrid, <\/a>Sol\u00eds \u00c1vila fue una de las figuras m\u00e1s reconocidas del \u00e1mbito ilustrativo y pict\u00f3rico de la posguerra espa\u00f1ola. Su prestigio y dominio t\u00e9cnico le llevaron a desempe\u00f1ar el puesto de dibujante principal en el diario ABC y en la revista Blanco y Negro, donde dej\u00f3 constancia de su trazo minucioso como cronista visual de la sociedad de su tiempo. Considerado un maestro del retrato, <strong>a lo largo de su trayectoria fue distinguido con la Medalla Nacional de Bellas Artes<\/strong> y cuenta con obra en colecciones institucionales como<a class=\"ft-link ft-link--decoration\" href=\"https:\/\/www.elperiodicoextremadura.com\/tags\/congreso-de-los-diputados\/\" rel=\"nofollow noopener\" target=\"_blank\"> la del Congreso de los Diputados. <\/a>Estos dos dibujos a pastel, fechados en 1943, reflejan la madurez de su t\u00e9cnica, captando con especial sutileza las texturas y el car\u00e1cter de dos de las personalidades m\u00e1s relevantes de su \u00e9poca.<\/p>\n<p>El legado art\u00edstico de Jos\u00e9 Franc\u00e9s y \u00c1urea de Sarra<\/p>\n<p class=\"ft-text ft-helper-align-justify\">La trascendencia hist\u00f3rica de este hallazgo reside especialmente en la identidad de los retratados. Jos\u00e9 Franc\u00e9s (1883-1964), conocido bajo el seud\u00f3nimo literario de &#8216;Silvio Lago&#8217;, fue <strong>uno de los cr\u00edticos de arte m\u00e1s influyentes de la primera mitad del siglo XX en Espa\u00f1a<\/strong> y ejerci\u00f3 como secretario perpetuo de la Real Academia de Bellas Artes de San Fernando. Su figura tuvo un peso determinante en el panorama cultural de su tiempo, con una capacidad de influencia que marc\u00f3 el reconocimiento <a class=\"ft-link ft-link--decoration\" href=\"https:\/\/www.elperiodicoextremadura.com\/tags\/artistas\/\" rel=\"nofollow noopener\" target=\"_blank\">de numerosos artistas,<\/a> tanto en el impulso de sus carreras como en su proyecci\u00f3n institucional. A su lado, su esposa \u00c1urea de Sarra (1889-1974) <strong>destac\u00f3 como una de las pioneras de la danza tr\u00e1gica y la estatuaria viviente en Europa, <\/strong>llegando a cautivar a p\u00fablicos de distintos pa\u00edses.<\/p>\n<p class=\"ft-text ft-helper-align-justify\">El matrimonio lleg\u00f3 a reunir una de las colecciones privadas de arte m\u00e1s destacadas, ecl\u00e9cticas y relevantes de su \u00e9poca. Tras la muerte de Jos\u00e9 Franc\u00e9s en 1964, \u00c1urea de Sarra se retir\u00f3 progresivamente de la vida p\u00fablica y, ante la falta de recursos, se vio obligada a desprenderse de parte de la colecci\u00f3n que ambos hab\u00edan construido. <strong>\u00c1urea de Sarra falleci\u00f3 a\u00f1os despu\u00e9s en una situaci\u00f3n de aislamiento y dificultades econ\u00f3micas, <\/strong>en un contexto en el que el legado art\u00edstico del matrimonio ya se hab\u00eda dispersado <a class=\"ft-link ft-link--decoration\" href=\"https:\/\/www.elperiodicoextremadura.com\/tags\/arte\/\" rel=\"nofollow noopener\" target=\"_blank\">en el mercado del arte y en distintas colecciones.<\/a><\/p>\n<p>La emoci\u00f3n del hallazgo en El Rastro<\/p>\n<p class=\"ft-text ft-helper-align-justify\">\u00abEncontrar estos retratos dedicados en El Rastro ha supuesto una profunda conmoci\u00f3n y un aut\u00e9ntico acto de justicia hist\u00f3rica\u00bb, se\u00f1ala Jos\u00e9 Ram\u00f3n Gonz\u00e1lez. \u00abNo solo se trata de recuperar dos dibujos excepcionales de un maestro extreme\u00f1o de la talla de Sol\u00eds \u00c1vila, sino tambi\u00e9n de <strong>rescatar la memoria de un matrimonio que tuvo un papel central en nuestra cultura.<\/strong> Que los rostros de Jos\u00e9 Franc\u00e9s y \u00c1urea de Sarra acabaran descontextualizados en un rastro refleja con claridad c\u00f3mo el olvido y la ruina llegaron a borrar parte de su esplendor. Mi objetivo es que vuelvan a ocupar el lugar de honor que les corresponde en la historia del arte\u00bb.<\/p>\n","protected":false},"excerpt":{"rendered":"El investigador y activista cultural Jos\u00e9 Ram\u00f3n Gonz\u00e1lez ha vuelto a protagonizar un importante hallazgo para el patrimonio&hellip;\n","protected":false},"author":2,"featured_media":635362,"comment_status":"","ping_status":"","sticky":false,"template":"","format":"standard","meta":{"footnotes":""},"categories":[173],"tags":[51289,229,233,231,230,7607,232,234,146,147,25,24,10000,3004,44815,205,6998,18709,23],"class_list":["post-635361","post","type-post","status-publish","format-standard","has-post-thumbnail","category-arte-y-diseno","tag-agenda-cultural-de-caceres","tag-arte","tag-arte-y-diseno","tag-arts","tag-arts-and-design","tag-avila","tag-design","tag-diseno","tag-entertainment","tag-entretenimiento","tag-es","tag-espana","tag-hallan","tag-ineditos","tag-influyentes","tag-madrid","tag-rastro","tag-retratos","tag-spain"],"share_on_mastodon":{"url":"https:\/\/pubeurope.com\/@es\/116844049086709926","error":""},"_links":{"self":[{"href":"https:\/\/www.europesays.com\/es\/wp-json\/wp\/v2\/posts\/635361","targetHints":{"allow":["GET"]}}],"collection":[{"href":"https:\/\/www.europesays.com\/es\/wp-json\/wp\/v2\/posts"}],"about":[{"href":"https:\/\/www.europesays.com\/es\/wp-json\/wp\/v2\/types\/post"}],"author":[{"embeddable":true,"href":"https:\/\/www.europesays.com\/es\/wp-json\/wp\/v2\/users\/2"}],"replies":[{"embeddable":true,"href":"https:\/\/www.europesays.com\/es\/wp-json\/wp\/v2\/comments?post=635361"}],"version-history":[{"count":0,"href":"https:\/\/www.europesays.com\/es\/wp-json\/wp\/v2\/posts\/635361\/revisions"}],"wp:featuredmedia":[{"embeddable":true,"href":"https:\/\/www.europesays.com\/es\/wp-json\/wp\/v2\/media\/635362"}],"wp:attachment":[{"href":"https:\/\/www.europesays.com\/es\/wp-json\/wp\/v2\/media?parent=635361"}],"wp:term":[{"taxonomy":"category","embeddable":true,"href":"https:\/\/www.europesays.com\/es\/wp-json\/wp\/v2\/categories?post=635361"},{"taxonomy":"post_tag","embeddable":true,"href":"https:\/\/www.europesays.com\/es\/wp-json\/wp\/v2\/tags?post=635361"}],"curies":[{"name":"wp","href":"https:\/\/api.w.org\/{rel}","templated":true}]}}