{"id":635415,"date":"2026-07-01T10:28:15","date_gmt":"2026-07-01T10:28:15","guid":{"rendered":"https:\/\/www.europesays.com\/es\/635415\/"},"modified":"2026-07-01T10:28:15","modified_gmt":"2026-07-01T10:28:15","slug":"comunicado-oficial-valencia-baket-novedades-en-el-futuro-de-kameron-taylor-renovado-hasta-2028","status":"publish","type":"post","link":"https:\/\/www.europesays.com\/es\/635415\/","title":{"rendered":"COMUNICADO OFICIAL VALENCIA BAKET: Novedades en el futuro de Kameron Taylor, renovado hasta 2028"},"content":{"rendered":"<p class=\"ft-text\"><strong>Buenas noticias para Valencia Basket.<\/strong> Despu\u00e9s de unos d\u00edas en los que la <a class=\"ft-link ft-link--decoration\" href=\"https:\/\/www.superdeporte.es\/valencia-basket\/2026\/06\/30\/comunicado-oficial-valencia-basket-indirecta-pedro-martinez-131975427.html\" target=\"_blank\" rel=\"nofollow noopener\">actualidad est\u00e1 marcada por la salida de Pedro Mart\u00ednez<\/a>, el club ha anunciado este mi\u00e9rcoles la <strong>renovaci\u00f3n de uno de los jugadores m\u00e1s importantes: Kameron Taylor. <\/strong>El jugador <strong>ten\u00eda una oferta de Grecia <\/strong>para irse sobre la mesa pero desde el conjunto valenciano se ha luchado para retener al jugador, as\u00ed como se ha hecho tambi\u00e9n con Brancou Badio y Pradilla, y ha llegado a un acuerdo para <strong>ampliar su contrato hasta el final de la temporada 2027-28. <\/strong><\/p>\n<p class=\"ft-text\"><a href=\"https:\/\/www.superdeporte.es\/valencia-basket\/2026\/06\/26\/valencia-basket-mercado-fichajes-lleno-retos-salidas-131858340.html\" class=\"ft-link ft-link--decoration\" rel=\"nofollow noopener\" target=\"_blank\">Que los peces gordos iban a intentar pescar en Valencia Basket<\/a>\u00a0despu\u00e9s de la hist\u00f3rica temporada del conjunto taronja era evidente, pero la realidad es que nadie se imaginaba que la desbandada iba a ser tan sangrante.\u00a0<strong>Jean Montero, Brancou Badio, Braxton Key, Sergio De Larrea, Pedro Mart\u00ednez&#8230; todos hace las maletas rumbo a otros horizontes<\/strong>. <strong>El objetivo es retener a Jaime Pradilla y Kameron Taylor<\/strong>, que tambi\u00e9n ten\u00edan ofertas de fuera, de momento se ha conseguido confirmar la continuidad del norteamericano y el club est\u00e1 a la<a class=\"ft-link ft-link--decoration\" href=\"https:\/\/www.superdeporte.es\/valencia-basket\/2026\/06\/30\/primeras-palabras-jaime-pradilla-futuro-valencia-basket-real-madrid-131990618.html\" target=\"_blank\" rel=\"nofollow noopener\"> espera de la decisi\u00f3n de Pradilla.<\/a><\/p>\n<p><img decoding=\"async\" src=\"https:\/\/www.europesays.com\/es\/wp-content\/uploads\/2026\/07\/2f8171a0-5e63-4bae-8593-49e822484204_alta-libre-aspect-ratio_default_0_x1000y445.jpg\" width=\"1200\" height=\"802\" alt=\"BARCELONA, 24\/06\/2026.- Los jugadores del Valencia Basket Jean Montero (d) y Cameron Taylor celebran la victoria al finalizar el cuarto partido de la final de la Liga Endesa disputado entre Barcelona y Valencia Basket, este mi\u00e9rcoles en el Palau Blaugrana. EFE\/Quique Garc\u00eda\" class=\"ft-helper-img-rd\" loading=\"lazy\" fetchpriority=\"auto\"\/><\/p>\n<p class=\"ft-helper-fontColor-quaternary ft-helper-fontSize-body-S ft-helper-spacer-t-xxs\">BARCELONA, 24\/06\/2026.- Los jugadores del Valencia Basket Jean Montero (d) y Cameron Taylor celebran la victoria al finalizar el cuarto partido de la final de la Liga Endesa disputado entre Barcelona y Valencia Basket, este mi\u00e9rcoles en el Palau Blaugrana. EFE\/Quique Garc\u00eda  \/ Quique Garc\u00eda \/ EFE<\/p>\n<p class=\"ft-text\"><strong>Con Taylor <\/strong><a class=\"ft-link ft-link--decoration\" href=\"https:\/\/www.superdeporte.es\/valencia-basket\/2026\/06\/30\/actuo-valencia-basket-jean-montero-mercadofichajes-131967762.html\" target=\"_blank\" rel=\"nofollow noopener\"><strong>se apost\u00f3 fuerte<\/strong><\/a><strong> a pesar del inter\u00e9s del Panathinaikos<\/strong> y se ha logrado encauzar la renovaci\u00f3n, de uno de los jugadores clave en la buena temporada del conjunto taronja junto a Montero. El alero se ha consolidado como uno de los mejores jugadores de la Euroliga en su posici\u00f3n con una tarjeta en la m\u00e1xima competici\u00f3n europea de 11,8 puntos con un 38,7% de eficacia en triples, 4,4 rebotes y 2 asistencias para 13,6 cr\u00e9ditos de valoraci\u00f3n.\u00a0Sus n\u00fameros en la Liga Endesa han sido muy similares, con 11,7 puntos con un 39,3% en tiros de tres, 4 rebotes, 2,1 asistencias y 1,4 recuperaciones para 13 cr\u00e9ditos de valoraci\u00f3n.<\/p>\n<p>Comunicado oficial <\/p>\n<p class=\"ft-text\"><a class=\"ft-link ft-link--decoration\" href=\"https:\/\/www.valenciabasket.com\/\" rel=\"nofollow noopener\" target=\"_blank\">Valencia Basket<\/a> ha alcanzado un acuerdo con el alero norteamericano Kameron Taylor\u00a0<strong>(1,98m, Hyattsville (Maryland), 05\/10\/1994, 31 a\u00f1os)\u00a0<\/strong>para ampliar el contrato que le une con la entidad taronja, que, tras esta renovaci\u00f3n, se extender\u00e1 hasta el final de la temporada 2027-28.<\/p>\n<p class=\"ft-text\">En su primera temporada como taronja, Taylo<strong>r fue una de las piezas indispensables para conseguir el primer doblete de la historia<\/strong> de nuestro primer equipo masculino con la <strong>Liga Endesa y la Supercopa Endesa de la campa\u00f1a 2025-26<\/strong>, siendo el segundo mejor anotador (11,8 puntos) y el segundo jugador m\u00e1s valorado (13,3 cr\u00e9ditos) del equipo en esta temporada hist\u00f3rica en la que disput\u00f3 un total de 76 partidos, 64 de ellos como titular, con algo m\u00e1s de 23 minutos de media sobre el parquet.<\/p>\n<p class=\"ft-text\"><a class=\"ft-link ft-link--decoration\" href=\"https:\/\/www.superdeporte.es\/tags\/kameron-taylor\/\" target=\"_blank\" rel=\"nofollow noopener\"><strong>Kameron <\/strong><\/a><strong>regresaba la pasada temporada a la EuroLeague <\/strong>tras una breve participaci\u00f3n anterior con el Maccabi Tel Aviv en 2021-22 y se ha consolidado como uno de los mejores jugadores de la competici\u00f3n en su posici\u00f3n con una tarjeta <strong>en la m\u00e1xima competici\u00f3n europea de 11,8 puntos con un 38,7% de eficacia en triples, 4,4 rebotes y 2 asistencias para 13,6 cr\u00e9ditos de valoraci\u00f3n<\/strong>.<strong>\u00a0Sus n\u00fameros en la Liga Endesa han sido muy similares, con 11,7 puntos con un 39,3% en tiros de tres, 4 rebotes, 2,1 asistencias y 1,4 recuperaciones para 13 cr\u00e9ditos de valoraci\u00f3n.<\/strong><\/p>\n","protected":false},"excerpt":{"rendered":"Buenas noticias para Valencia Basket. Despu\u00e9s de unos d\u00edas en los que la actualidad est\u00e1 marcada por la&hellip;\n","protected":false},"author":2,"featured_media":635416,"comment_status":"","ping_status":"","sticky":false,"template":"","format":"standard","meta":{"footnotes":""},"categories":[269],"tags":[4187,299,1918,298,168,2917,25,24,21574,26684,34983,2918,5285,12326,23,167,9274,235,2916],"class_list":["post-635415","post","type-post","status-publish","format-standard","has-post-thumbnail","category-baloncesto","tag-anuncia","tag-baloncesto","tag-basket","tag-basketball","tag-deportes","tag-endesa","tag-es","tag-espana","tag-fichajes-valencia-basket","tag-kameron","tag-kameron-taylor","tag-la-liga","tag-novedades","tag-pedro-martinez","tag-spain","tag-sports","tag-taylor","tag-valencia","tag-valencia-basket"],"share_on_mastodon":{"url":"https:\/\/pubeurope.com\/@es\/116844253349866587","error":""},"_links":{"self":[{"href":"https:\/\/www.europesays.com\/es\/wp-json\/wp\/v2\/posts\/635415","targetHints":{"allow":["GET"]}}],"collection":[{"href":"https:\/\/www.europesays.com\/es\/wp-json\/wp\/v2\/posts"}],"about":[{"href":"https:\/\/www.europesays.com\/es\/wp-json\/wp\/v2\/types\/post"}],"author":[{"embeddable":true,"href":"https:\/\/www.europesays.com\/es\/wp-json\/wp\/v2\/users\/2"}],"replies":[{"embeddable":true,"href":"https:\/\/www.europesays.com\/es\/wp-json\/wp\/v2\/comments?post=635415"}],"version-history":[{"count":0,"href":"https:\/\/www.europesays.com\/es\/wp-json\/wp\/v2\/posts\/635415\/revisions"}],"wp:featuredmedia":[{"embeddable":true,"href":"https:\/\/www.europesays.com\/es\/wp-json\/wp\/v2\/media\/635416"}],"wp:attachment":[{"href":"https:\/\/www.europesays.com\/es\/wp-json\/wp\/v2\/media?parent=635415"}],"wp:term":[{"taxonomy":"category","embeddable":true,"href":"https:\/\/www.europesays.com\/es\/wp-json\/wp\/v2\/categories?post=635415"},{"taxonomy":"post_tag","embeddable":true,"href":"https:\/\/www.europesays.com\/es\/wp-json\/wp\/v2\/tags?post=635415"}],"curies":[{"name":"wp","href":"https:\/\/api.w.org\/{rel}","templated":true}]}}