{"id":635826,"date":"2026-07-01T15:26:49","date_gmt":"2026-07-01T15:26:49","guid":{"rendered":"https:\/\/www.europesays.com\/es\/635826\/"},"modified":"2026-07-01T15:26:49","modified_gmt":"2026-07-01T15:26:49","slug":"candela-pena-desvela-en-la-revuelta-su-anecdota-con-amaia-romero-que-la-dejo-sin-palabras-ahora-la-quiero-mas","status":"publish","type":"post","link":"https:\/\/www.europesays.com\/es\/635826\/","title":{"rendered":"Candela Pe\u00f1a desvela en &#8216;La Revuelta&#8217; su an\u00e9cdota con Amaia Romero que la dej\u00f3 sin palabras: \u00abAhora la quiero m\u00e1s\u00bb"},"content":{"rendered":"<p class=\"article-text\">\n        <strong>Candela Pe\u00f1a<\/strong> cont\u00f3 este martes en <strong>La Revuelta<\/strong> el sorprendente momento que vivi\u00f3 con <strong>Amaia Romero<\/strong> hace unos d\u00edas en un evento de moda. La conocida cantante de Operaci\u00f3n Triunfo, que acud\u00eda al acto para recoger un premio, hizo un comentario que dej\u00f3 totalmente descolocada a la actriz.\n    <\/p>\n<p>    <a href=\"https:\/\/www.eldiario.es\/vertele\/noticias\/sandra-golpe-antena-3-noticias-despiden-periodista-gabriel-relano-muere_1_13347179.html\" data-mrf-recirculation=\"saber-mas\" data-dl-event=\"saber-mas\" rel=\"nofollow noopener\" target=\"_blank\"><\/p>\n<p class=\"know-more__title\">Sandra Golpe y Antena 3 Noticias se despiden del periodista Gabriel Rela\u00f1o: \u00abEstamos rotos\u00bb<\/p>\n<p>            <img decoding=\"async\" class=\"lazy\" loading=\"lazy\" data-src=\"https:\/\/static.eldiario.es\/clip\/864889ad-8cfe-4903-b5f1-2699ba16c1e8_16-9-aspect-ratio_default_0.jpg\" src=\"data:image\/svg+xml,%3Csvg xmlns=\" http:=\"\" viewbox=\"0 0 880 495\" alt=\"Sandra Golpe y Antena 3 Noticias se despiden del periodista Gabriel Rela\u00f1o, fallecido a los 55 a\u00f1os: &quot;Estamos rotos&quot;\"\/><\/p>\n<p>                        <\/a><\/p>\n<p class=\"article-text\">\n        \u201cFelicidades. Me gustas much\u00edsimo\u201d, le dijo Candela al producirse ese inesperado encuentro entre ellas. Aprovechando que la ten\u00eda cara a cara, la colaboradora de La Revuelta lanz\u00f3 un par de elogios a la navarra, pero esta, aunque fue \u201cmaj\u00edsima\u201d, la cort\u00f3 de golpe por una urgencia fisiol\u00f3gica ineludible: <strong>\u201cDisc\u00falpame. Me voy, que me estoy cagando\u201d<\/strong>, dice que le dijo.\n    <\/p>\n<p>    <a href=\"https:\/\/www.eldiario.es\/vertele\/series\/13-mejores-series-imprescindibles-estrenos-julio-mes-espanoles-titulos-internacionales-buen-cartel-netflix-hbo-prime-video-apple-movistar_1_13341488.html\" data-mrf-recirculation=\"saber-mas-abajo\" data-dl-event=\"saber-mas-abajo\" rel=\"nofollow noopener\" target=\"_blank\"><\/p>\n<p class=\"know-more__title\">Las 13 series imprescindibles de julio, un mes con 3 estrenos espa\u00f1oles y t\u00edtulos internacionales con buen cartel<\/p>\n<p>            <img decoding=\"async\" class=\"lazy\" loading=\"lazy\" data-src=\"https:\/\/static.eldiario.es\/clip\/498ea12c-9fce-4c63-a11c-59cbcedfd936_16-9-aspect-ratio_default_0.jpg\" src=\"data:image\/svg+xml,%3Csvg xmlns=\" http:=\"\" viewbox=\"0 0 880 495\" alt=\"Las 13 series imprescindibles de julio, un mes con 3 estrenos espa\u00f1oles y t\u00edtulos internacionales con buen cartel\"\/><\/p>\n<p>                        <\/a><\/p>\n<p class=\"article-text\">\n        Candela se qued\u00f3 a cuadros, pens\u00f3 que era un chiste. No se esperaba una respuesta tan natural y espont\u00e1nea como esta, <strong>pero esas pocas palabras le hicieron valorar a\u00fan m\u00e1s a la &#8216;triunfita&#8217;<\/strong>. \u201cAhora la quiero m\u00e1s si cabe. Ella not\u00f3 confianza en m\u00ed y me habr\u00eda ido con ella a hacer caca para darle conversaci\u00f3n mientras ella estaba sentadita\u201d, bromea la actriz.\n    <\/p>\n","protected":false},"excerpt":{"rendered":"Candela Pe\u00f1a cont\u00f3 este martes en La Revuelta el sorprendente momento que vivi\u00f3 con Amaia Romero hace unos&hellip;\n","protected":false},"author":2,"featured_media":635827,"comment_status":"","ping_status":"","sticky":false,"template":"","format":"standard","meta":{"footnotes":""},"categories":[91],"tags":[808,19674,23835,39245,8600,146,147,25,24,1298,4877,10474,528,13603,23],"class_list":["post-635826","post","type-post","status-publish","format-standard","has-post-thumbnail","category-entretenimiento","tag-ahora","tag-amaia","tag-anecdota","tag-candela","tag-dejo","tag-entertainment","tag-entretenimiento","tag-es","tag-espana","tag-palabras","tag-pena","tag-quiero","tag-revuelta","tag-romero","tag-spain"],"share_on_mastodon":{"url":"https:\/\/pubeurope.com\/@es\/116845428467878082","error":""},"_links":{"self":[{"href":"https:\/\/www.europesays.com\/es\/wp-json\/wp\/v2\/posts\/635826","targetHints":{"allow":["GET"]}}],"collection":[{"href":"https:\/\/www.europesays.com\/es\/wp-json\/wp\/v2\/posts"}],"about":[{"href":"https:\/\/www.europesays.com\/es\/wp-json\/wp\/v2\/types\/post"}],"author":[{"embeddable":true,"href":"https:\/\/www.europesays.com\/es\/wp-json\/wp\/v2\/users\/2"}],"replies":[{"embeddable":true,"href":"https:\/\/www.europesays.com\/es\/wp-json\/wp\/v2\/comments?post=635826"}],"version-history":[{"count":0,"href":"https:\/\/www.europesays.com\/es\/wp-json\/wp\/v2\/posts\/635826\/revisions"}],"wp:featuredmedia":[{"embeddable":true,"href":"https:\/\/www.europesays.com\/es\/wp-json\/wp\/v2\/media\/635827"}],"wp:attachment":[{"href":"https:\/\/www.europesays.com\/es\/wp-json\/wp\/v2\/media?parent=635826"}],"wp:term":[{"taxonomy":"category","embeddable":true,"href":"https:\/\/www.europesays.com\/es\/wp-json\/wp\/v2\/categories?post=635826"},{"taxonomy":"post_tag","embeddable":true,"href":"https:\/\/www.europesays.com\/es\/wp-json\/wp\/v2\/tags?post=635826"}],"curies":[{"name":"wp","href":"https:\/\/api.w.org\/{rel}","templated":true}]}}