{"id":635935,"date":"2026-07-01T16:45:15","date_gmt":"2026-07-01T16:45:15","guid":{"rendered":"https:\/\/www.europesays.com\/es\/635935\/"},"modified":"2026-07-01T16:45:15","modified_gmt":"2026-07-01T16:45:15","slug":"el-club-de-golf-ulzama-celebra-el-60o-aniversario-de-la-inauguracion-de-su-campo","status":"publish","type":"post","link":"https:\/\/www.europesays.com\/es\/635935\/","title":{"rendered":"El Club de Golf Ulzama celebra el 60\u00ba aniversario de la inauguraci\u00f3n de su campo"},"content":{"rendered":"<p>\n        El <strong>Club de Golf Ulzama<\/strong> ha celebrado este s\u00e1bado 27 de junio el <strong>60\u00ba aniversario<\/strong> de la inauguraci\u00f3n de su campo de <a href=\"https:\/\/www.noticiasdenavarra.com\/tags\/golf\/\" title=\"golf\" class=\"link copy\" rel=\"nofollow noopener\" target=\"_blank\">golf<\/a>, el primero de Navarra, con una jornada que ha puesto en valor <strong>la historia, el car\u00e1cter y la evoluci\u00f3n<\/strong> de uno de los clubes de referencia del norte.\n<\/p>\n<p class=\"article-body__text \">\n        Inaugurado en 1966, el campo cuenta con los <strong>nueve primeros hoyos dise\u00f1ados por Javier Arana,<\/strong> uno de los grandes referentes de la arquitectura de golf. Su concepci\u00f3n del juego y la integraci\u00f3n en el paisaje siguen marcando la esencia del recorrido y sit\u00faan a Ulzama como uno de los exponentes del golf cl\u00e1sico.\u00a0\u00a0\u00a0\n<\/p>\n<p class=\"article-body__text \">\n        Como ha se\u00f1alado el presidente del club, <strong>Luis Huarte Alzugaray,<\/strong> durante la jornada, este aniversario ha servido <strong>\u201cpara reafirmar qui\u00e9nes somos: un lugar especial para jugar al golf, que conserva intacta su esencia y que sigue ofreciendo una experiencia aut\u00e9ntica en un entorno \u00fanico\u201d.\u00a0\u00a0<\/strong>\n<\/p>\n<p class=\"article-body__text \">\n        La jornada ha dado comienzo a las 8.00 horas con un torneo especial de aniversario que se prolong\u00f3 durante<strong> todo el d\u00eda, <\/strong>concluyendo en torno a las 19.30 horas. La competici\u00f3n ha reunido a <strong>160 jugadores,<\/strong> distribuidos en <strong>tres categor\u00edas h\u00e1ndicap.<\/strong> Los vencedores fueron <strong>Marta Morr\u00e1s, <\/strong>en primera categor\u00eda;<strong> \u00c1lvaro Bailly Bailliere,<\/strong> en segunda; y<strong> Eduardo Llarena,<\/strong> en tercera. Asimismo, se entreg\u00f3 el premio a la bola m\u00e1s cercana en el hoyo 12, que recay\u00f3 en <strong>Maider Berastegui. <\/strong>Como nota destacada, la jornada incluy\u00f3 tambi\u00e9n una original competici\u00f3n nocturna de approach, cuyo ganador fue <strong>Javier Aranaz.<\/strong>\n<\/p>\n<p class=\"article-body__text \">\n         Durante la jornada, los participantes han podido disfrutar de <strong>una propuesta gastron\u00f3mica continua en el club,<\/strong> en un formato din\u00e1mico y abierto, pensado para acompa\u00f1ar el ritmo natural del torneo.\u00a0\u00a0La celebraci\u00f3n continu\u00f3 por la noche con un <strong>c\u00f3ctel privado para socios,<\/strong> que reuni\u00f3 a alrededor de <strong>200 asistentes, <\/strong>en un ambiente cuidado y representativo de la vida social del club.\u00a0\u00a0\n<\/p>\n<p class=\"article-body__text \">\n        Asimismo, el club ha rendido homenaje a quienes han formado parte de su historia al frente de la instituci\u00f3n, con<strong> un reconocimiento a los expresidentes del club<\/strong> que contin\u00faan vinculados a Ulzama: <strong>Jos\u00e9 Mar\u00eda Mart\u00ednez-Pe\u00f1uela Viserda, Miguel Isaacs, Manuel Urra Mart\u00ednez y Javier Taberna Aldaz. <\/strong>Asistieron al acto Jos\u00e9 Mar\u00eda Mart\u00ednez-Pe\u00f1uela y Manuel Urra Mart\u00ednez.\u00a0\u00a0<\/p>\n","protected":false},"excerpt":{"rendered":"El Club de Golf Ulzama ha celebrado este s\u00e1bado 27 de junio el 60\u00ba aniversario de la inauguraci\u00f3n&hellip;\n","protected":false},"author":2,"featured_media":635936,"comment_status":"","ping_status":"","sticky":false,"template":"","format":"standard","meta":{"footnotes":""},"categories":[275],"tags":[117669,6951,1798,168,25,24,329,23,167,83190],"class_list":["post-635935","post","type-post","status-publish","format-standard","has-post-thumbnail","category-golf","tag-60o","tag-celebra","tag-club","tag-deportes","tag-es","tag-espana","tag-golf","tag-spain","tag-sports","tag-ulzama"],"share_on_mastodon":{"url":"https:\/\/pubeurope.com\/@es\/116845735421895373","error":""},"_links":{"self":[{"href":"https:\/\/www.europesays.com\/es\/wp-json\/wp\/v2\/posts\/635935","targetHints":{"allow":["GET"]}}],"collection":[{"href":"https:\/\/www.europesays.com\/es\/wp-json\/wp\/v2\/posts"}],"about":[{"href":"https:\/\/www.europesays.com\/es\/wp-json\/wp\/v2\/types\/post"}],"author":[{"embeddable":true,"href":"https:\/\/www.europesays.com\/es\/wp-json\/wp\/v2\/users\/2"}],"replies":[{"embeddable":true,"href":"https:\/\/www.europesays.com\/es\/wp-json\/wp\/v2\/comments?post=635935"}],"version-history":[{"count":0,"href":"https:\/\/www.europesays.com\/es\/wp-json\/wp\/v2\/posts\/635935\/revisions"}],"wp:featuredmedia":[{"embeddable":true,"href":"https:\/\/www.europesays.com\/es\/wp-json\/wp\/v2\/media\/635936"}],"wp:attachment":[{"href":"https:\/\/www.europesays.com\/es\/wp-json\/wp\/v2\/media?parent=635935"}],"wp:term":[{"taxonomy":"category","embeddable":true,"href":"https:\/\/www.europesays.com\/es\/wp-json\/wp\/v2\/categories?post=635935"},{"taxonomy":"post_tag","embeddable":true,"href":"https:\/\/www.europesays.com\/es\/wp-json\/wp\/v2\/tags?post=635935"}],"curies":[{"name":"wp","href":"https:\/\/api.w.org\/{rel}","templated":true}]}}