{"id":635962,"date":"2026-07-01T17:03:12","date_gmt":"2026-07-01T17:03:12","guid":{"rendered":"https:\/\/www.europesays.com\/es\/635962\/"},"modified":"2026-07-01T17:03:12","modified_gmt":"2026-07-01T17:03:12","slug":"el-juez-peinado-pregunta-a-las-partes-si-debe-permitir-a-begona-gomez-viajar-a-turquia-y-londres-desde-el-7-de-julio","status":"publish","type":"post","link":"https:\/\/www.europesays.com\/es\/635962\/","title":{"rendered":"El juez Peinado pregunta a las partes si debe permitir a Bego\u00f1a G\u00f3mez viajar a Turqu\u00eda y Londres desde el 7 de julio"},"content":{"rendered":"<p class=\"article-text\">\n        El juez Juan Carlos Peinado ha pedido a las partes personadas en el caso por el que<a href=\"https:\/\/www.eldiario.es\/politica\/begona-gomez-entrega-pasaporte-juzgado-orden-juez-peinado_1_13330240.html\" data-mrf-recirculation=\"links-noticia\" class=\"link\" rel=\"nofollow noopener\" target=\"_blank\"> ha enviado a juicio a Bego\u00f1a G\u00f3mez <\/a>que realicen cuantas alegaciones consideren antes de decidir si permite que la esposa del presidente del Gobierno viaje al extranjero entre los d\u00edas 7 y 10 de julio para acompa\u00f1ar a Pedro S\u00e1nchez \u00a0como parte de la delegaci\u00f3n espa\u00f1ola en la Cumbre de la OTAN en Ankara, a la que ha sido invitada oficialmente. Peinado, tras recibir la petici\u00f3n de G\u00f3mez ha dado tres d\u00edas a las partes para que se pronuncien y, dado que el viaje oficial arranca el martes, el magistrado deber\u00e1 darse prisa para acordar si le devuelve de forma temporal el pasaporte o no.\n    <\/p>\n<p>    <a href=\"https:\/\/www.eldiario.es\/politica\/judicial-abre-expediente-juez-peinado-auto-begona-gomez-voto-conservadores_1_13321965.html\" data-mrf-recirculation=\"saber-mas\" data-dl-event=\"saber-mas\" rel=\"nofollow noopener\" target=\"_blank\"><\/p>\n<p class=\"know-more__title\">El Poder Judicial pone en marcha un expediente al juez Peinado por su auto sobre Bego\u00f1a G\u00f3mez<\/p>\n<p>            <img decoding=\"async\" class=\"lazy\" loading=\"lazy\" data-src=\"https:\/\/static.eldiario.es\/clip\/3f8166d5-ef41-44c0-8b01-09ddc3bc2d77_16-9-aspect-ratio_default_0_x1026y512.jpg\" src=\"data:image\/svg+xml,%3Csvg xmlns=\" http:=\"\" viewbox=\"0 0 880 495\" alt=\"El Poder Judicial pone en marcha un expediente al juez Peinado por su auto sobre Bego\u00f1a G\u00f3mez\"\/><\/p>\n<p>                        <\/a><\/p>\n<p class=\"article-text\">\n        Fue el pasado 24 de junio cuando G\u00f3mez tuvo que entregar, en persona, su pasaporte en el Juzgado de Instrucci\u00f3n n\u00famero 41. Peinado considera que existe riesgo de fuga por la gravedad de los delitos que le atribuye:\u00a0tr\u00e1fico de influencias, corrupci\u00f3n en los negocios, apropiaci\u00f3n indebida y malversaci\u00f3n de caudales p\u00fablicos.\n    <\/p>\n<p class=\"article-text\">\n        Fuentes jur\u00eddicas consultadas por elDiario.es explican que, dado que el juez ha recabado la opini\u00f3n de las partes sobre permitir o no ese viaje, \u00e9stas tendr\u00e1n que presentar sus escritos en el plazo m\u00e1ximo de tres d\u00edas. Si se tiene en cuenta que la providencia es del 30 de junio, el plazo expirar\u00eda el viernes 3 julio, aunque el reloj debe empezar a contar desde que se ha notificado la providencia, y algunas de las defensas consultadas indican que ha sido este mi\u00e9rcoles cuando les ha llegado la resoluci\u00f3n, lo que podr\u00eda llevar a que alguna de las alegaciones pudiera ser recibida el lunes 6 de julio. Esto es un d\u00eda antes del viaje.\n    <\/p>\n<p class=\"article-text\">\n        As\u00ed, Peinado deber\u00eda ser r\u00e1pido en responder una vez tenga en su poder las alegaciones para que a la esposa del presidente del Gobierno le d\u00e9 tiempo a cumplir con la agenda internacional que se le ha marcado por el estatus de jefe del Ejecutivo de su marido.\n    <\/p>\n<p class=\"article-text\">\n        A pesar de los tiempos ajustados, la acusaci\u00f3n popular, dirigida por HazteOir, ya ha presentado su escrito al respecto, en el que rechaza que Bego\u00f1a G\u00f3mez pueda acompa\u00f1ar a la delegaci\u00f3n espa\u00f1ola a la cumbre de la OTAN. \u201cVengo a formular oposici\u00f3n definitiva y total a la referida solicitud\u201d, indica, para luego fijarse en que G\u00f3mez quiere no solo viajar a Ankara sino tambi\u00e9n el d\u00eda 10 de julio a a la graduaci\u00f3n de su hija en Londres, \u201cdos desplazamientos de naturaleza bien distinta\u201d.\n    <\/p>\n<p class=\"article-text\">\n        No quiere que viaje a ninguno de los dos destinos. Pero se centra primeramente en el viaje a Londres para indicar que el alzamiento de la medida cautelar \u201cexige el m\u00e1s riguroso escrutinio y solo puede justificarse ante una necesidad imperiosa y debidamente acreditada\u201d. \u201cLa asistencia a un acto de graduaci\u00f3n, por \u00edntimo que sea, no constituye necesidad de tal entidad cuando la investigada se halla formalmente procesada y pendiente de enjuiciamiento\u201d, recalca. Suma esto que el viaje a Londres se realizar\u00eda desde Ankara \u201cen vuelo comercial y sin cobertura oficial alguna, lo que significa que, ya desde la salida quedar\u00eda fuera de todo control institucional espa\u00f1ol\u201d.\n    <\/p>\n<p class=\"article-text\">\n         Entiende HazteOir, adem\u00e1s, que desde el &#8216;brexit&#8217; la cooperaci\u00f3n entre pa\u00edses \u201cha experimentado una merma significativa respecto al r\u00e9gimen anterior de la euroorden\u201d lo que provoca que una eventual extradici\u00f3n pudiera presentar \u201cmayores demoras y condicionamientos\u201d que en el pasado. Esto, \u201cdebilita las garant\u00edas de recuperaci\u00f3n inmediata de la investigada en caso de que decidiera no regresar voluntariamente al territorio nacional\u201d.\n    <\/p>\n<p class=\"article-text\">\n        Por otro lado, sobre la asistencia a la cumbre de la OTAN, HazteOir indica que ninguna norma de rango legal recoge la figura de la primera dama y que, por tanto, Bego\u00f1a G\u00f3mez no tiene ninguna funci\u00f3n institucional, ni representaci\u00f3n del Estado o del Gobierno, ni atribuci\u00f3n competencial de especie alguna. Por eso, entiende que su asistencia a la cumbre no es necesaria, y recuerda, adem\u00e1s, que \u201cla invitan a un programa paralelo, es decir, a un conjunto de actos de car\u00e1cter cultural y protocolario ajenos por completo a la agenda oficial de los Jefes de Estado y de Gobierno\u201d.\n    <\/p>\n<p>    <a href=\"https:\/\/www.eldiario.es\/politica\/begona-gomez-entrega-pasaporte-juzgado-orden-juez-peinado_1_13330240.html\" data-mrf-recirculation=\"saber-mas-abajo\" data-dl-event=\"saber-mas-abajo\" rel=\"nofollow noopener\" target=\"_blank\"><\/p>\n<p class=\"know-more__title\">Bego\u00f1a G\u00f3mez entrega su pasaporte en el juzgado por orden del juez Peinado<\/p>\n<p>            <img decoding=\"async\" class=\"lazy\" loading=\"lazy\" data-src=\"https:\/\/static.eldiario.es\/clip\/f6668c18-c9e6-41d6-b612-a1e8e7d9e20e_16-9-aspect-ratio_default_0_x2099y1247.jpg\" src=\"data:image\/svg+xml,%3Csvg xmlns=\" http:=\"\" viewbox=\"0 0 880 495\" alt=\"Bego\u00f1a G\u00f3mez entrega su pasaporte en el juzgado por orden del juez Peinado\"\/><\/p>\n<p>                        <\/a><\/p>\n<p class=\"article-text\">\n        A esto, a\u00f1ade que el destino elegido \u2014Turqu\u00eda\u2014 agrava de manera particular el riesgo de fuga porque se trata de un Estado ajeno a la Uni\u00f3n Europea, \u201cno vinculado por el sistema de la orden europea de detenci\u00f3n y entrega, y respecto del cual los mecanismos de extradici\u00f3n resultan notoriamente m\u00e1s lentos, inciertos y sujetos a condicionamientos de oportunidad pol\u00edtica\u201d.\n    <\/p>\n","protected":false},"excerpt":{"rendered":"El juez Juan Carlos Peinado ha pedido a las partes personadas en el caso por el que ha&hellip;\n","protected":false},"author":2,"featured_media":635963,"comment_status":"","ping_status":"","sticky":false,"template":"","format":"standard","meta":{"footnotes":""},"categories":[8],"tags":[6834,7421,17,18,907,25,24,13,14,4190,11,1664,888,19,20,7228,9,10,15,16,68148,24182,13942,9464,688,23,12,8584,21,22,6027],"class_list":["post-635962","post","type-post","status-publish","format-standard","has-post-thumbnail","category-espana","tag-6834","tag-begona","tag-breaking-news","tag-breakingnews","tag-debe","tag-es","tag-espana","tag-featured-news","tag-featurednews","tag-gomez","tag-headlines","tag-juez","tag-julio","tag-latest-news","tag-latestnews","tag-londres","tag-news","tag-noticias","tag-noticias-destacadas","tag-noticiasdestacadas","tag-partes","tag-peinado","tag-permitir","tag-pregunta","tag-si","tag-spain","tag-titulares","tag-turquia","tag-ultimas-noticias","tag-ultimasnoticias","tag-viajar"],"share_on_mastodon":{"url":"https:\/\/pubeurope.com\/@es\/116845806004529213","error":""},"_links":{"self":[{"href":"https:\/\/www.europesays.com\/es\/wp-json\/wp\/v2\/posts\/635962","targetHints":{"allow":["GET"]}}],"collection":[{"href":"https:\/\/www.europesays.com\/es\/wp-json\/wp\/v2\/posts"}],"about":[{"href":"https:\/\/www.europesays.com\/es\/wp-json\/wp\/v2\/types\/post"}],"author":[{"embeddable":true,"href":"https:\/\/www.europesays.com\/es\/wp-json\/wp\/v2\/users\/2"}],"replies":[{"embeddable":true,"href":"https:\/\/www.europesays.com\/es\/wp-json\/wp\/v2\/comments?post=635962"}],"version-history":[{"count":0,"href":"https:\/\/www.europesays.com\/es\/wp-json\/wp\/v2\/posts\/635962\/revisions"}],"wp:featuredmedia":[{"embeddable":true,"href":"https:\/\/www.europesays.com\/es\/wp-json\/wp\/v2\/media\/635963"}],"wp:attachment":[{"href":"https:\/\/www.europesays.com\/es\/wp-json\/wp\/v2\/media?parent=635962"}],"wp:term":[{"taxonomy":"category","embeddable":true,"href":"https:\/\/www.europesays.com\/es\/wp-json\/wp\/v2\/categories?post=635962"},{"taxonomy":"post_tag","embeddable":true,"href":"https:\/\/www.europesays.com\/es\/wp-json\/wp\/v2\/tags?post=635962"}],"curies":[{"name":"wp","href":"https:\/\/api.w.org\/{rel}","templated":true}]}}