{"id":636028,"date":"2026-07-01T17:51:20","date_gmt":"2026-07-01T17:51:20","guid":{"rendered":"https:\/\/www.europesays.com\/es\/636028\/"},"modified":"2026-07-01T17:51:20","modified_gmt":"2026-07-01T17:51:20","slug":"ilia-topuria-reaparece-con-gafas-de-sol-16-dias-despues-de-su-derrota-en-la-casa-blanca","status":"publish","type":"post","link":"https:\/\/www.europesays.com\/es\/636028\/","title":{"rendered":"Ilia Topuria reaparece con gafas de sol 16 d\u00edas despu\u00e9s de su derrota en la Casa Blanca"},"content":{"rendered":"<p style=\"\">Omar Montes, el medi\u00e1tico cantante y amigo de Ilia Topuria, ha publicado este martes <strong>una foto en su instagram con el peleador <\/strong>hispanogeorgiano 16 d\u00edas despues de su <a href=\"https:\/\/www.abc.es\/deportes\/mma\/ilia-topuria-conquista-casa-blanca-noquea-justin-20260615212134-nt.html\" title=\"\" data-voc-vtm-id=\"in-text-traffic\" data-mrf-link=\"www.abc.es\" rel=\"nofollow noopener\" target=\"_blank\">aparatosa derrota en la Casa Blanca<\/a> frente a Justin Gaethje.<\/p>\n<p style=\"\">La imagen muestra el rostro de  &#8230; Ilia con los ojos cubiertos por unas gafas de sol, aunque, aparentemente, bastante <strong>mejor de como se le vio por \u00faltima vez<\/strong>.<\/p>\n<p class=\"v-d-p\" style=\"\">Por lo poco que se ha podido ver a trav\u00e9s de las redes sociales, <a href=\"https:\/\/www.abc.es\/noticias\/ilia-topuria\/\" title=\"\" data-voc-vtm-id=\"in-text-traffic\" data-mrf-link=\"www.abc.es\" rel=\"nofollow noopener\" target=\"_blank\">Topuria <\/a>est\u00e1 recuper\u00e1ndose progresivamente <strong>junto a su familia y amigos<\/strong> y ya comienza a hacer vida normal.<\/p>\n<ul class=\"v-cmp-rld__u\">\n<li class=\"v-cmp-rld__l\">\n<p><a class=\"v-a-lnk\" href=\"http:\/\/www.abc.es\/deportes\/mma\/preparador-fisico-topuria-actualiza-recuperacion-hinchazon-rostro-20260628015234-nt.html#vtm_modulosEngag=noticiasrelacionadas-cmp-uno:deportes:noticia:1\" data-voc-vtm-id=\"in-text-traffic\" rel=\"nofollow noopener\" target=\"_blank\"><br \/>\n<img decoding=\"async\" loading=\"lazy\" src=\"https:\/\/www.europesays.com\/es\/wp-content\/uploads\/2026\/07\/POST ILIA TOPURIA MMA - 2026-06-25T112838.897-U67770738871kML-366x256@diario_abc.jpg\" class=\"v-a-img\" width=\"258\" height=\"180\" alt=\"El preparador f\u00edsico de Topuria actualiza su recuperaci\u00f3n: \u00abToda la hinchaz\u00f3n en su rostro ha bajado\u00bb\"\/><br \/>\n<\/a><\/p>\n<\/li>\n<\/ul>\n<p class=\"v-d-p\" style=\"\">En concreto, se le ha visto comiendo en un local de comida r\u00e1pida y, posteriormente, <strong>ha disfrutado de una tarde de cine <\/strong>con su hijo Hugo para ver la nueva pel\u00edcula de Toy Story.<\/p>\n<p>\nSalud de Ilia Topuria\n<\/p>\n<p class=\"v-d-p\" style=\"\">Seg\u00fan el presidente de la UFC Dana White, la compa\u00f1\u00eda l\u00edder de las MMA en la que compite Ilia Topuria, el campe\u00f3n espa\u00f1ol <strong>necesitar\u00e1 esperar<\/strong>, por lo menos hasta 2027, para<a href=\"https:\/\/www.abc.es\/deportes\/mma\/aleksandre-topuria-pasa-pagina-tras-tropiezo-ilia-20260621020414-nt.html\" title=\"\" data-voc-vtm-id=\"in-text-traffic\" data-mrf-link=\"www.abc.es\" rel=\"nofollow noopener\" target=\"_blank\"> volver a competir<\/a> en este circuito.<\/p>\n<p class=\"v-d-p\" style=\"\">Lo cierto es que su combate contra Justin Gaethje le dej\u00f3 muy tocado, con una <strong>fractura del hueso orbital<\/strong> y m\u00faltiples cortes por toda la cara. Sin embargo, tal y como adelant\u00f3 ABC hace unos d\u00edas, Topuria <a href=\"https:\/\/new22-www.abc.es\/deportes\/mma\/ilia-topuria-continuara-recuperacion-espana-mejorando-pasos-20260625011931-nt.html\" title=\"\" data-voc-vtm-id=\"in-text-traffic\" data-mrf-link=\"new22-www.abc.es\" rel=\"nofollow noopener\" target=\"_blank\">est\u00e1 bien y ha ido \u00abmejorando a pasos agigantados\u00bb<\/a>.<\/p>\n","protected":false},"excerpt":{"rendered":"Omar Montes, el medi\u00e1tico cantante y amigo de Ilia Topuria, ha publicado este martes una foto en su&hellip;\n","protected":false},"author":2,"featured_media":636029,"comment_status":"","ping_status":"","sticky":false,"template":"","format":"standard","meta":{"footnotes":""},"categories":[5],"tags":[17,18,2942,987,960,25,24,13,14,11,347,19,20,9,10,15,16,6495,23,12,348,21,22],"class_list":["post-636028","post","type-post","status-publish","format-standard","has-post-thumbnail","category-titulares","tag-breaking-news","tag-breakingnews","tag-combate","tag-despues","tag-dias","tag-es","tag-espana","tag-featured-news","tag-featurednews","tag-headlines","tag-ilia","tag-latest-news","tag-latestnews","tag-news","tag-noticias","tag-noticias-destacadas","tag-noticiasdestacadas","tag-reaparece","tag-spain","tag-titulares","tag-topuria","tag-ultimas-noticias","tag-ultimasnoticias"],"share_on_mastodon":{"url":"https:\/\/pubeurope.com\/@es\/116845994512499119","error":""},"_links":{"self":[{"href":"https:\/\/www.europesays.com\/es\/wp-json\/wp\/v2\/posts\/636028","targetHints":{"allow":["GET"]}}],"collection":[{"href":"https:\/\/www.europesays.com\/es\/wp-json\/wp\/v2\/posts"}],"about":[{"href":"https:\/\/www.europesays.com\/es\/wp-json\/wp\/v2\/types\/post"}],"author":[{"embeddable":true,"href":"https:\/\/www.europesays.com\/es\/wp-json\/wp\/v2\/users\/2"}],"replies":[{"embeddable":true,"href":"https:\/\/www.europesays.com\/es\/wp-json\/wp\/v2\/comments?post=636028"}],"version-history":[{"count":0,"href":"https:\/\/www.europesays.com\/es\/wp-json\/wp\/v2\/posts\/636028\/revisions"}],"wp:featuredmedia":[{"embeddable":true,"href":"https:\/\/www.europesays.com\/es\/wp-json\/wp\/v2\/media\/636029"}],"wp:attachment":[{"href":"https:\/\/www.europesays.com\/es\/wp-json\/wp\/v2\/media?parent=636028"}],"wp:term":[{"taxonomy":"category","embeddable":true,"href":"https:\/\/www.europesays.com\/es\/wp-json\/wp\/v2\/categories?post=636028"},{"taxonomy":"post_tag","embeddable":true,"href":"https:\/\/www.europesays.com\/es\/wp-json\/wp\/v2\/tags?post=636028"}],"curies":[{"name":"wp","href":"https:\/\/api.w.org\/{rel}","templated":true}]}}