{"id":636040,"date":"2026-07-01T18:02:15","date_gmt":"2026-07-01T18:02:15","guid":{"rendered":"https:\/\/www.europesays.com\/es\/636040\/"},"modified":"2026-07-01T18:02:15","modified_gmt":"2026-07-01T18:02:15","slug":"sijena-el-mnac-pide-a-la-jueza-que-exija-a-aragon-los-informes-de-como-desembalara-y-colocara-los-murales","status":"publish","type":"post","link":"https:\/\/www.europesays.com\/es\/636040\/","title":{"rendered":"Sijena: El MNAC pide a la jueza que exija a Arag\u00f3n los informes de c\u00f3mo desembalar\u00e1 y colocar\u00e1 los murales"},"content":{"rendered":"<p style=\"\">El conflicto entre el Gobierno de Arag\u00f3n y el <strong>Museo Nacional de Arte de Catalu\u00f1a (MNAC)<\/strong> ha abierto un nuevo frente, la velocidad a la hora de establecer el traslado, ya sea de las obras profanas o de las pinturas murales del museo catal\u00e1n  &#8230; al <a href=\"https:\/\/www.abc.es\/espana\/aragon\/reves-mnac-colegio-arquitectos-mejor-rehabilitacion-ano-20260610181223-nt.html\" target=\"_self\" data-voc-vtm-id=\"in-text-traffic\" data-mrf-link=\"www.abc.es\" rel=\"nofollow noopener\">Real Monasterio de Santa Mar\u00eda<\/a> de Sijena. Una vez superado el juego judicial y establecido el cronograma de los tiempos en que las pinturas murales se devolver\u00e1n, ahora las discrepancias comienzan a estar en la forma de hacerlas efectivas con las m\u00e1ximas garant\u00edas. El juego judicial ha acabado y ahora toca el tema t\u00e9cnico. Mientras Arag\u00f3n exige que se respeten los tiempos y se dejen de excusas, desde el MNAC instan a que se presenten de una vez los ansiados informes de los expertos de Arag\u00f3n de c\u00f3mo  realizar\u00e1n el desembalaje de las piezas que recibir\u00e1n y c\u00f3mo piensan colocarlas en el espacio reservado en el monasterio donde permanecer\u00e1n a partir de entonces. Sin estos informes, asegura el MNAC, no se puede avanzar en las siguientes fases establecidas por el cronograma.<\/p>\n<p class=\"v-d-p\" style=\"\">El museo catal\u00e1n present\u00f3 por la ma\u00f1ana a <strong>la jueza Roc\u00edo Pilar Vargas<\/strong>, del juzgado n\u00famero 2 de primera instancia de Huesca, el informe de riesgo que exig\u00eda el cronograma y donde se determinaba c\u00f3mo iban a hacer el desmontaje, embalaje y traslado de las piezas dentro de las 56 semanas exigidas. Sin embargo, afirmaban que este informe continuaba incompleto debido a que para poder cerrarlo definitivamente, necesitaban primero conocer de forma espec\u00edfica c\u00f3mo Arag\u00f3n pensaba desembalar las piezas y colocarlas en su lugar definitivo del monasterio. Seg\u00fan fuese de una forma u otra, ellos tendr\u00edan que trabajar de determinada manera y responder as\u00ed a las necesidades de colocaci\u00f3n de las piezas. \u00abDependemos de c\u00f3mo lo har\u00e1n ellos para poder actuar. Sin conocer los detalles, es imposible completar de una forma segura cualquier informe de riesgo\u00bb, aseguraron fuentes del museo a este diario.<\/p>\n<p class=\"v-d-p\" style=\"\">Al mismo tiempo, el MNAC pidi\u00f3 a la jueza que expertos del ICCROM (Centro Internacional de Estudios para la Conservaci\u00f3n y Restauraci\u00f3n de los Bienes Culturales), y del <strong>IPCE (Instituto del Patrimonio Cultural de Espa\u00f1a)<\/strong> valoren el informe de riesgos presentado y que determinen si todas las actuaciones presentadas estaban bien o hab\u00eda que hacer alg\u00fan cambio. Aunque el MNAC es experto en el traslado de piezas de valor, un movimiento como el que sufrir\u00e1 el mural de Sijena es del todo in\u00e9dito y cuantas m\u00e1s voces expertas intervengan, m\u00e1s seguras viajar\u00e1n las piezas.  <\/p>\n<ul class=\"v-cmp-rld__u\">\n<li class=\"v-cmp-rld__l\">\n<p><a class=\"v-a-lnk\" href=\"http:\/\/www.abc.es\/espana\/aragon\/parlamento-aragones-reprueba-urtasun-sijena-abstencion-psoe-20260611172233-nt.html#vtm_modulosEngag=noticiasrelacionadas-cmp-uno:cultura:noticia:1\" data-voc-vtm-id=\"in-text-traffic\" rel=\"nofollow noopener\" target=\"_blank\"><br \/>\n<img decoding=\"async\" loading=\"lazy\" src=\"https:\/\/www.europesays.com\/es\/wp-content\/uploads\/2026\/07\/55328267606_87eebd9115_o-U62061018638pMd-366x256@diario_abc.jpg\" class=\"v-a-img\" width=\"258\" height=\"180\" alt=\"El Parlamento aragon\u00e9s reprueba a Urtasun por Sijena con la abstenci\u00f3n del PSOE\"\/><br \/>\n<\/a><\/p>\n<\/li>\n<\/ul>\n<p class=\"v-d-p\" style=\"\">Desde Arag\u00f3n no entraron a valorar cu\u00e1ndo presentar\u00e1n el informe de c\u00f3mo piensan colocar los murales en Sijena, pero s\u00ed insistieron en que se respeten las <strong>56 semanas establecidas desde el pasado 10 de abril<\/strong> para que las piezas lleguen al Real Monasterio de Santa Mar\u00eda. \u00abLe hemos recordado al MNAC que el plazo otorgado por la juez para proceder a la devoluci\u00f3n de las pinturas murales sigue corriendo y no tenemos constancia de que est\u00e9n trabajando para el regreso de este conjunto\u00bb, afirm\u00f3 Mar Vaquero, responsable de Cultura de la Comunidad de Arag\u00f3n.  <\/p>\n<p>\nEl conflicto de las obras profanas\n<\/p>\n<p class=\"v-d-p\" style=\"\">En una vuelta de tuerca sorprendente a todo este conflicto, ahora el problema entre el <strong>MNAC y Arag\u00f3n<\/strong> ha sido que el museo catal\u00e1n ha querido ir &#8216;demasiado r\u00e1pido&#8217; en la devoluci\u00f3n de parte de los bienes de Sijena, en este caso las obras profanas. El desacuerdo es tal entre las dos instituciones que parece que si el proceso va r\u00e1pido y parece que se culminar\u00e1 de una vez es malo, pero que si va lento y se eterniza, tambi\u00e9n. Desde el MNAC aseguran que las obras profanas que custodian de Sijena no requieren los mismos cuidados que los murales, por lo que su devoluci\u00f3n es mucho m\u00e1s sencilla y se puede realizar con garant\u00edas. El museo traslad\u00f3 una misiva a las autoridades aragonesas asegurando que el 6 de julio podr\u00edan iniciar sin problemas la devoluci\u00f3n de estas obras. La sorpresa fue absoluta dentro del museo cuando la respuesta de Arag\u00f3n fue que era precipitado y que necesitaban que la Comisi\u00f3n Provincial de Patrimonio Cultural de Huesca lo aprobase y que dicha comisi\u00f3n no se reunir\u00eda hasta finales de julio.<\/p>\n<p class=\"v-d-p\" style=\"\">Por su parte, el ejecutivo de Jorge Azc\u00f3n aseguraba, <a href=\"https:\/\/www.abc.es\/espana\/aragon\/mnac-comunica-lunes-traslada-obras-profanas-sijena-20260701165831-nt.html\" target=\"_self\" data-voc-vtm-id=\"in-text-traffic\" data-mrf-link=\"www.abc.es\" rel=\"nofollow noopener\">tal y como informaba Erika Monta\u00f1\u00e9s<\/a> en este diario, que le sorprendi\u00f3 tanta premura por parte del MNAC y han exigido conocer la documentaci\u00f3n previa antes del d\u00eda 10 de julio, para que el 28 en la reuni\u00f3n de la Comisi\u00f3n Provincial de Patrimonio de Huesca sea revisada por los expertos aptos para examinar ese traslado. Y a partir de ah\u00ed dar el visto bueno al viaje desde Barcelona a Villanueva de Sijena de dichas obras profanas. <\/p>\n<p class=\"v-d-p\" style=\"\">En el MNAC aseguraron <strong>no entender por qu\u00e9 Arag\u00f3n habla de premura<\/strong>, si llevan meses preparando el traslado y en la licitaci\u00f3n ya se establec\u00eda todo el proyecto y ellos ten\u00edan acceso a dichos documentos. Por otro lado, quisieron recordar que el d\u00eda 6 era el inicio de las obras del traslado, no que las obras profanas fueran a ser trasladas el d\u00eda 6, sino que se necesitar\u00edan de varias semanas para completar dichos trabajos. \u00c9stos inclu\u00edan bajar las piezas, pesarlas, medirlas, preparar los embalajes correctos en cajas a medida de cada plaf\u00f3n, etc\u00e9tera. La idea era que antes de agosto estuvieran all\u00e1, lo que ahora tendr\u00e1 que esperar ya que Arag\u00f3n ahora quiere dar su permiso.<\/p>\n<p class=\"v-a-t\">\nMientras desde Arag\u00f3n se exige premura en la devoluci\u00f3n de los murales, se pide calma en la de las obras profanas\n<\/p>\n<p class=\"v-d-p\" style=\"\">Vaquero realiz\u00f3 por la ma\u00f1ana una visita al monasterio de Sijena y en esa sede asegur\u00f3 que: \u00abLa comunicaci\u00f3n recibida por parte del MNAC anunciando que las obras profanas podr\u00edan llegar antes de agosto y que el desmontaje se efectuar\u00eda el 6 de julio nos sorprendi\u00f3 por la premura\u00bb. Tambi\u00e9n pidi\u00f3 al MNAC que comunique a los t\u00e9cnicos aragoneses el calendario de trabajos que se tengan que ejecutar con el fin de que se personen en el museo, como representantes del <strong>Ejecutivo aragon\u00e9s<\/strong>, para supervisar los trabajos de traslado. Aunque Vaquero s\u00ed mostr\u00f3 su satisfacci\u00f3n porque \u00abese momento de llegada de las obras profanas y el cumplimiento de las sentencias est\u00e1n ya cerca\u00bb. La responsable de Cultura insisti\u00f3, por eso, en que todo debe hacerse \u00ab<strong>cumpliendo con los protocolos<\/strong>, con la intervenci\u00f3n administrativa necesaria y con toda la seguridad y garant\u00eda\u00bb, incluida la preparaci\u00f3n de las salas del monasterio donde se restituir\u00e1n las piezas.<\/p>\n","protected":false},"excerpt":{"rendered":"El conflicto entre el Gobierno de Arag\u00f3n y el Museo Nacional de Arte de Catalu\u00f1a (MNAC) ha abierto&hellip;\n","protected":false},"author":2,"featured_media":636041,"comment_status":"","ping_status":"","sticky":false,"template":"","format":"standard","meta":{"footnotes":""},"categories":[173],"tags":[4499,229,233,231,230,24416,117683,232,234,146,147,25,24,46370,6404,9864,3453,8255,34,3452,23],"class_list":["post-636040","post","type-post","status-publish","format-standard","has-post-thumbnail","category-arte-y-diseno","tag-aragon","tag-arte","tag-arte-y-diseno","tag-arts","tag-arts-and-design","tag-colocara","tag-desembalara","tag-design","tag-diseno","tag-entertainment","tag-entretenimiento","tag-es","tag-espana","tag-exija","tag-informes","tag-jueza","tag-mnac","tag-murales","tag-pide","tag-sijena","tag-spain"],"share_on_mastodon":{"url":"https:\/\/pubeurope.com\/@es\/116846037946795945","error":""},"_links":{"self":[{"href":"https:\/\/www.europesays.com\/es\/wp-json\/wp\/v2\/posts\/636040","targetHints":{"allow":["GET"]}}],"collection":[{"href":"https:\/\/www.europesays.com\/es\/wp-json\/wp\/v2\/posts"}],"about":[{"href":"https:\/\/www.europesays.com\/es\/wp-json\/wp\/v2\/types\/post"}],"author":[{"embeddable":true,"href":"https:\/\/www.europesays.com\/es\/wp-json\/wp\/v2\/users\/2"}],"replies":[{"embeddable":true,"href":"https:\/\/www.europesays.com\/es\/wp-json\/wp\/v2\/comments?post=636040"}],"version-history":[{"count":0,"href":"https:\/\/www.europesays.com\/es\/wp-json\/wp\/v2\/posts\/636040\/revisions"}],"wp:featuredmedia":[{"embeddable":true,"href":"https:\/\/www.europesays.com\/es\/wp-json\/wp\/v2\/media\/636041"}],"wp:attachment":[{"href":"https:\/\/www.europesays.com\/es\/wp-json\/wp\/v2\/media?parent=636040"}],"wp:term":[{"taxonomy":"category","embeddable":true,"href":"https:\/\/www.europesays.com\/es\/wp-json\/wp\/v2\/categories?post=636040"},{"taxonomy":"post_tag","embeddable":true,"href":"https:\/\/www.europesays.com\/es\/wp-json\/wp\/v2\/tags?post=636040"}],"curies":[{"name":"wp","href":"https:\/\/api.w.org\/{rel}","templated":true}]}}