{"id":636066,"date":"2026-07-01T18:20:12","date_gmt":"2026-07-01T18:20:12","guid":{"rendered":"https:\/\/www.europesays.com\/es\/636066\/"},"modified":"2026-07-01T18:20:12","modified_gmt":"2026-07-01T18:20:12","slug":"xabier-mikel-azparren-debutara-en-el-tour","status":"publish","type":"post","link":"https:\/\/www.europesays.com\/es\/636066\/","title":{"rendered":"Xabier Mikel Azparren debutar\u00e1 en el Tour"},"content":{"rendered":"<p>\n        El Q 36.5 apur\u00f3 su selecci\u00f3n para el <strong>Tour<\/strong> hasta \u00faltima hora, como si fuera ajeno al reloj y a las prisas. Rebeldes del crono. La estructura con sede en Suiza, el pa\u00eds de la manufactura relojera, se lo tom\u00f3 con calma para establecer el engranaje que mostrar\u00e1 en la Grande Boucle.\n<\/p>\n<p class=\"article-body__text \">\n        La espera, sin embargo, ha merecido la pena para<strong> Xabier Mikel Azparren<\/strong>. El donostiarra, subcampe\u00f3n estatal de crono en los recientes Campeonatos de Espa\u00f1a de ciclismo, debutar\u00e1 en el Tour. Llegar\u00e1 a tiempo el guipuzcoano.\n<\/p>\n<blockquote class=\"twitter-tweet\" data-lang=\"es\" wp_automatic_readability=\"4.5339366515837\">\n<p lang=\"en\" dir=\"ltr\">Our Tour de France lineup is locked.<br \/>Eight riders ready to take on three weeks of racing at the highest level! <a href=\"https:\/\/x.com\/hashtag\/RaceSharp?src=hash&amp;ref_src=twsrc%5Etfw\" rel=\"nofollow\">#RaceSharp<\/a> <a href=\"https:\/\/t.co\/DqOpCg66Qt\" rel=\"nofollow\">pic.twitter.com\/DqOpCg66Qt<\/a><\/p>\n<p>\u2014 Pinarello Q36.5 Pro Cycling Team (@Pinarello_Q36_5) <a href=\"https:\/\/x.com\/Pinarello_Q36_5\/status\/2072315449241440684?ref_src=twsrc%5Etfw\" rel=\"nofollow\">1 de julio de 2026<\/a><\/p><\/blockquote>\n<p class=\"article-body__text \">\n        Con la presencia de Xabier Mikel Azparren<strong> ser\u00e1n tres los ciclistas vascos que tomar\u00e1n la salida en Barcelona<\/strong>. Azparren se sumar\u00e1 a la presencia de<strong> Ion Izagirre y Alex Aranburu<\/strong>. Ca\u00eddos en desgracia<strong> Mikel Landa <\/strong>por los problemas que arrastra tras el accidente de la Itzulia, cuando fue embestido por el coche m\u00e9dico en el descenso de Aralar, y <strong>Pello Bilbao<\/strong>, aquejado de una infecci\u00f3n v\u00edrica contra\u00edda en el Tour Auvergne, la presencia de Azparren mejora la representaci\u00f3n vasca en el Tour.\n<\/p>\n<p class=\"article-photo__footer\">\n            El donostiarra posa en el podio del estatal de crono.            RFEC        <\/p>\n<p class=\"article-body__text \">\n        El donostiarra, de 27 a\u00f1os, acude a la carrera francesa con la experiencia de haber disputado cuatro grandes con anterioridad. Azparren estuvo en tres Vueltas y en un Giro. Su misi\u00f3n en el equipo de Pidcock, ser\u00e1 apoyar al ingl\u00e9s en el llano, donde el guipuzcoano se maneja de maravilla gracias a su capacidad para rodar.\n<\/p>\n<p class=\"article-body__text \">\n        Adem\u00e1s, su presencia tambi\u00e9n servir\u00e1 para reforzar a la escuadra en la crono por equipos de Barcelona. Plata en el estatal de la modalidad, Azparren, un amante de las fugas, demostr\u00f3 un gran estado de forma. En la prueba en ruta de Sabi\u00f1\u00e1nigo fue d\u00e9cimo. Esas actuaciones han catapultado al donostiarra, en su sexto curso en el profesionalismo, al debut en el Tour.\n<\/p>\n<p>            <script async src=\"https:\/\/platform.twitter.com\/widgets.js\" charset=\"utf-8\"><\/script><\/p>\n","protected":false},"excerpt":{"rendered":"El Q 36.5 apur\u00f3 su selecci\u00f3n para el Tour hasta \u00faltima hora, como si fuera ajeno al reloj&hellip;\n","protected":false},"author":2,"featured_media":636067,"comment_status":"","ping_status":"","sticky":false,"template":"","format":"standard","meta":{"footnotes":""},"categories":[273],"tags":[92635,313,312,12692,168,25,24,5484,23,167,316,21118],"class_list":["post-636066","post","type-post","status-publish","format-standard","has-post-thumbnail","category-ciclismo","tag-azparren","tag-ciclismo","tag-cycling","tag-debutara","tag-deportes","tag-es","tag-espana","tag-mikel","tag-spain","tag-sports","tag-tour","tag-xabier"],"share_on_mastodon":{"url":"https:\/\/pubeurope.com\/@es\/116846108512064705","error":""},"_links":{"self":[{"href":"https:\/\/www.europesays.com\/es\/wp-json\/wp\/v2\/posts\/636066","targetHints":{"allow":["GET"]}}],"collection":[{"href":"https:\/\/www.europesays.com\/es\/wp-json\/wp\/v2\/posts"}],"about":[{"href":"https:\/\/www.europesays.com\/es\/wp-json\/wp\/v2\/types\/post"}],"author":[{"embeddable":true,"href":"https:\/\/www.europesays.com\/es\/wp-json\/wp\/v2\/users\/2"}],"replies":[{"embeddable":true,"href":"https:\/\/www.europesays.com\/es\/wp-json\/wp\/v2\/comments?post=636066"}],"version-history":[{"count":0,"href":"https:\/\/www.europesays.com\/es\/wp-json\/wp\/v2\/posts\/636066\/revisions"}],"wp:featuredmedia":[{"embeddable":true,"href":"https:\/\/www.europesays.com\/es\/wp-json\/wp\/v2\/media\/636067"}],"wp:attachment":[{"href":"https:\/\/www.europesays.com\/es\/wp-json\/wp\/v2\/media?parent=636066"}],"wp:term":[{"taxonomy":"category","embeddable":true,"href":"https:\/\/www.europesays.com\/es\/wp-json\/wp\/v2\/categories?post=636066"},{"taxonomy":"post_tag","embeddable":true,"href":"https:\/\/www.europesays.com\/es\/wp-json\/wp\/v2\/tags?post=636066"}],"curies":[{"name":"wp","href":"https:\/\/api.w.org\/{rel}","templated":true}]}}