{"id":636081,"date":"2026-07-01T18:31:15","date_gmt":"2026-07-01T18:31:15","guid":{"rendered":"https:\/\/www.europesays.com\/es\/636081\/"},"modified":"2026-07-01T18:31:15","modified_gmt":"2026-07-01T18:31:15","slug":"cuando-juega-espana-contra-austria-en-el-mundial-2026-horario-y-donde-ver-el-partido-de-dieciseisavos-gratis-por-tv-y-en-directo","status":"publish","type":"post","link":"https:\/\/www.europesays.com\/es\/636081\/","title":{"rendered":"\u00bfCu\u00e1ndo juega Espa\u00f1a contra Austria en el Mundial 2026? Horario y d\u00f3nde ver el partido de dieciseisavos gratis por TV y en directo"},"content":{"rendered":"<p class=\"ft-text\"><strong>La <\/strong><a class=\"ft-link ft-link--decoration\" href=\"https:\/\/www.sport.es\/es\/seleccion\/\" rel=\"nofollow noopener\" target=\"_blank\"><strong>selecci\u00f3n espa\u00f1ola<\/strong><\/a><strong> se prepara para salir a escena en la fase final del Mundial 2026. <\/strong>Despu\u00e9s de certificar su billete como primera de grupo y <a class=\"ft-link ft-link--decoration\" href=\"https:\/\/www.sport.es\/es\/noticias\/mundial-futbol\/cuadro-mundial-2026-octavos-cruces-selecciones-rivales-espana-131912956\" rel=\"nofollow noopener\" target=\"_blank\">evitar a &#8216;cocos&#8217; de la talla de Argentina, Brasil o Inglaterra hasta una hipot\u00e9tica final<\/a>, &#8216;La Roja&#8217; cuenta los d\u00edas para iniciar su andadura hacia el partido por el t\u00edtulo del pr\u00f3ximo 19 de julio.<\/p>\n<p class=\"ft-text\">A pesar de su inesperado tropiezo en el debut contra Cabo Verde, <strong>Espa\u00f1a supo solventar su paso por la primera fase sin mayores complicaciones<\/strong>. Las victorias contra Arabia Saud\u00ed y Uruguay permitieron a los de Luis de la Fuente terminar en lo m\u00e1s alto de la clasificaci\u00f3n del grupo H con 7 puntos, lo que les asegur\u00f3 un primer cruce m\u00e1s favorable en las eliminatorias.<\/p>\n<p class=\"ft-text\"><strong>La primera rival de Espa\u00f1a en la fase final del Mundial 2026 ser\u00e1 Austria, la segunda clasificada del grupo J.<\/strong> El &#8216;Das Team&#8217; consigui\u00f3 el billete hacia dieciseisavos despu\u00e9s de empatar sobre la bocina contra Argelia, sumando un punto vital y arrebat\u00e1ndole la segunda posici\u00f3n a los &#8216;Zorros del Desierto&#8217;, que quedaron encuadrados con Suiza en un cruce que se antoja m\u00e1s asequible que el de su rival.<\/p>\n<p><img decoding=\"async\" src=\"https:\/\/www.europesays.com\/es\/wp-content\/uploads\/2026\/07\/f4516a5f-418c-4b8e-9ab4-448fb7665ce5_alta-libre-aspect-ratio_default_0_x991y440.jpg\" width=\"1200\" height=\"800\" alt=\"Marko Arnautovic, goleador de Austria ante Argelia\" class=\"ft-helper-img-rd\" loading=\"lazy\" fetchpriority=\"auto\"\/><\/p>\n<p class=\"ft-helper-fontColor-quaternary ft-helper-fontSize-body-S ft-helper-spacer-t-xxs\">Marko Arnautovic, goleador de Austria ante Argelia  \/ EFE<\/p>\n<p>\u00bfCu\u00e1ndo juega Espa\u00f1a contra Austria los dieciseisavos de final del Mundial 2026?<\/p>\n<p class=\"ft-text\">El partido entre <strong>Espa\u00f1a y Austria,<\/strong> correspondiente a los dieciseisavos de final del Mundial 2026, se disputar\u00e1 el pr\u00f3ximo <strong>jueves 2 de julio<\/strong> a las <strong>21:00 horas (CET)<\/strong>.<\/p>\n<p>\u00bfD\u00f3nde ver el Espa\u00f1a &#8211; Austria del Mundial 2026 gratis por TV y en directo?<\/p>\n<p class=\"ft-text\">En Espa\u00f1a, el partido entre la selecci\u00f3n espa\u00f1ola contra Austria en los dieciseisavos del final del Mundial 2026 se podr\u00e1 ver en abierto por TV a trav\u00e9s de\u00a0<strong>La 1, La 2 Cat<\/strong>\u00a0y online en\u00a0<strong>RTVE Play<\/strong>.<\/p>\n<p class=\"ft-text\">Otra opci\u00f3n alternativa es la plataforma de pago <strong>DAZN<\/strong>, que ha adquirido los derechos de la competici\u00f3n y emitir\u00e1 los 104 partidos de fase de grupos y las rondas eliminatorias a trav\u00e9s de la app y sus diferentes canales.<\/p>\n<p class=\"ft-text\">Desde\u00a0<strong>SPORT<\/strong>, te contamos todo lo que suceda en el pr\u00f3ximo partido de Espa\u00f1a en el Mundial 2026 a trav\u00e9s de nuestra narraci\u00f3n en directo, as\u00ed como la cr\u00f3nica, las mejores declaraciones y la \u00faltima hora del encuentro de la mano de nuestro enviado especial.<\/p>\n","protected":false},"excerpt":{"rendered":"La selecci\u00f3n espa\u00f1ola se prepara para salir a escena en la fase final del Mundial 2026. Despu\u00e9s de&hellip;\n","protected":false},"author":2,"featured_media":636082,"comment_status":"","ping_status":"","sticky":false,"template":"","format":"standard","meta":{"footnotes":""},"categories":[93],"tags":[3076,15995,168,41373,3169,25,24,1151,319,1070,23,167,809],"class_list":["post-636081","post","type-post","status-publish","format-standard","has-post-thumbnail","category-deportes","tag-3076","tag-austria","tag-deportes","tag-dieciseisavos","tag-donde","tag-es","tag-espana","tag-fecha","tag-horario","tag-mundial","tag-spain","tag-sports","tag-ver"],"share_on_mastodon":{"url":"","error":""},"_links":{"self":[{"href":"https:\/\/www.europesays.com\/es\/wp-json\/wp\/v2\/posts\/636081","targetHints":{"allow":["GET"]}}],"collection":[{"href":"https:\/\/www.europesays.com\/es\/wp-json\/wp\/v2\/posts"}],"about":[{"href":"https:\/\/www.europesays.com\/es\/wp-json\/wp\/v2\/types\/post"}],"author":[{"embeddable":true,"href":"https:\/\/www.europesays.com\/es\/wp-json\/wp\/v2\/users\/2"}],"replies":[{"embeddable":true,"href":"https:\/\/www.europesays.com\/es\/wp-json\/wp\/v2\/comments?post=636081"}],"version-history":[{"count":0,"href":"https:\/\/www.europesays.com\/es\/wp-json\/wp\/v2\/posts\/636081\/revisions"}],"wp:featuredmedia":[{"embeddable":true,"href":"https:\/\/www.europesays.com\/es\/wp-json\/wp\/v2\/media\/636082"}],"wp:attachment":[{"href":"https:\/\/www.europesays.com\/es\/wp-json\/wp\/v2\/media?parent=636081"}],"wp:term":[{"taxonomy":"category","embeddable":true,"href":"https:\/\/www.europesays.com\/es\/wp-json\/wp\/v2\/categories?post=636081"},{"taxonomy":"post_tag","embeddable":true,"href":"https:\/\/www.europesays.com\/es\/wp-json\/wp\/v2\/tags?post=636081"}],"curies":[{"name":"wp","href":"https:\/\/api.w.org\/{rel}","templated":true}]}}