{"id":636231,"date":"2026-07-01T20:27:20","date_gmt":"2026-07-01T20:27:20","guid":{"rendered":"https:\/\/www.europesays.com\/es\/636231\/"},"modified":"2026-07-01T20:27:20","modified_gmt":"2026-07-01T20:27:20","slug":"la-ser-revalida-su-liderazgo-de-la-radio-en-espana-con-4-403-000-oyentes-comunicacion-y-medios","status":"publish","type":"post","link":"https:\/\/www.europesays.com\/es\/636231\/","title":{"rendered":"La SER revalida su liderazgo de la radio en Espa\u00f1a con 4.403.000 oyentes | Comunicaci\u00f3n y Medios"},"content":{"rendered":"<p class=\"\">La SER revalida su liderazgo de la radio en Espa\u00f1a con 4.403.000 oyentes de lunes a viernes, seg\u00fan la segunda ola del EGM en 2026. <a href=\"https:\/\/cadenaser.com\/\" target=\"_self\" rel=\"nofollow noopener\" title=\"https:\/\/cadenaser.com\/\">La cadena de Prisa Media<\/a> (editora de EL PA\u00cdS) cierra as\u00ed su mejor temporada en los \u00faltimos 10 a\u00f1os, aumenta su ventaja con respecto a Cope en 822.000 oyentes (segunda en la clasificaci\u00f3n con 3.581.000) y casi duplica a la tercera, Onda Cero, con 2.265.000, mientras que Radio Nacional de Espa\u00f1a logra 895.000 oyentes. La SER afianza su liderazgo en informaci\u00f3n, deporte y entretenimiento y ha mantenido el primer puesto en estas m\u00e9tricas durante los \u00faltimos 33 a\u00f1os. Adem\u00e1s, es la favorita en consumo digital\u00a0(streaming y podcast), con 1.343.000 oyentes.\u00a0<\/p>\n<p class=\"\">Prisa Media encabeza el consumo de audio en Espa\u00f1a con\u00a017.413.000 oyentes mensuales, por delante de todos los grupos de radio y de todas las plataformas de streaming, de m\u00fasica y podcast.\u00a0En una temporada de gran actividad en el \u00e1mbito informativo y deportivo, la SER ha estado presente en los grandes acontecimientos con programas y coberturas especiales, as\u00ed como con las retransmisiones deportivas. Esta cadena se mantiene como la preferida de los oyentes durante los siete d\u00edas de la semana. <\/p>\n<p class=\"\"><a href=\"https:\/\/eur01.safelinks.protection.outlook.com\/?url=https%3A%2F%2Fcadenaser.com%2Fcadena-ser%2Fhoy-por-hoy%2F&amp;data=05%7C02%7CSElguea%40prisaradio.com%7C940accdec7ef4a806ff308ded6694c45%7Cc4fd49f3e15a44d882e2c909735d2e45%7C0%7C0%7C639183944912958015%7CUnknown%7CTWFpbGZsb3d8eyJFbXB0eU1hcGkiOnRydWUsIlYiOiIwLjAuMDAwMCIsIlAiOiJXaW4zMiIsIkFOIjoiTWFpbCIsIldUIjoyfQ%3D%3D%7C0%7C%7C%7C&amp;sdata=N3ji0y91pGjUoSwLSgOM2%2BIcM6jbh%2FtGdG%2FpByJrorg%3D&amp;reserved=0\" rel=\"nofollow noopener\" title=\"Direcci\u00f3n URL original: https:\/\/cadenaser.com\/cadena-ser\/hoy-por-hoy\/. Haga clic o pulse si conf\u00eda en este v\u00ednculo.\" target=\"_blank\">Hoy por Hoy<\/a>, dirigido esta temporada por \u00c0ngels Barcel\u00f3, sigue siendo el programa l\u00edder de la radio espa\u00f1ola con una audiencia de 3.095.000 oyentes y marca ya nueve olas consecutivas del EGM por encima de los tres millones. Supera en 527.000 oyentes al segundo espacio radiof\u00f3nico, Herrera en Cope, y suma 1.348.000 oyentes de diferencia respecto a M\u00e1s de Uno, de Onda Cero, conducido por Carlos Alsina. <\/p>\n<p class=\"\"><a href=\"https:\/\/eur01.safelinks.protection.outlook.com\/?url=https%3A%2F%2Fcadenaser.com%2Fcadena-ser%2Fhora-25%2F&amp;data=05%7C02%7CSElguea%40prisaradio.com%7C940accdec7ef4a806ff308ded6694c45%7Cc4fd49f3e15a44d882e2c909735d2e45%7C0%7C0%7C639183944912993230%7CUnknown%7CTWFpbGZsb3d8eyJFbXB0eU1hcGkiOnRydWUsIlYiOiIwLjAuMDAwMCIsIlAiOiJXaW4zMiIsIkFOIjoiTWFpbCIsIldUIjoyfQ%3D%3D%7C0%7C%7C%7C&amp;sdata=D2YxSDWHdiK1VvPXclUqOKvpA1J1Hl9n5PF79WXI0rY%3D&amp;reserved=0\" rel=\"nofollow noopener\" title=\"Direcci\u00f3n URL original: https:\/\/cadenaser.com\/cadena-ser\/hora-25\/. Haga clic o pulse si conf\u00eda en este v\u00ednculo.\" target=\"_blank\">Hora 25<\/a>, dirigido por <a href=\"https:\/\/elpais.com\/comunicacion\/2026-05-28\/aimar-bretos-dirigira-hoy-por-hoy-la-proxima-temporada.html\" target=\"_self\" rel=\"nofollow noopener\" title=\"https:\/\/elpais.com\/comunicacion\/2026-05-28\/aimar-bretos-dirigira-hoy-por-hoy-la-proxima-temporada.html\">Aimar Bretos<\/a>, quien se pondr\u00e1 al frente de Hoy por hoy la pr\u00f3xima temporada <a href=\"https:\/\/elpais.com\/comunicacion\/2026-05-22\/la-ser-iniciara-una-nueva-etapa-de-hoy-por-hoy-tras-la-renuncia-de-angels-barcelo.html\" target=\"_self\" rel=\"nofollow noopener\" title=\"https:\/\/elpais.com\/comunicacion\/2026-05-22\/la-ser-iniciara-una-nueva-etapa-de-hoy-por-hoy-tras-la-renuncia-de-angels-barcelo.html\">tras la renuncia de \u00c0ngels Barcel\u00f3, <\/a>consolida su liderazgo en la noche informativa de la radio espa\u00f1ola con 1.025.000 oyentes. El programa nocturno de la SER, <a href=\"https:\/\/elpais.com\/comunicacion\/2026-06-11\/jose-luis-sastre-dirigira-hora-25-la-proxima-temporada.html\" target=\"_self\" rel=\"nofollow noopener\" title=\"https:\/\/elpais.com\/comunicacion\/2026-06-11\/jose-luis-sastre-dirigira-hora-25-la-proxima-temporada.html\">que tras el verano contar\u00e1 con Jos\u00e9 Luis Sastre al frente,<\/a> es el \u00fanico espacio que supera el mill\u00f3n de oyentes. Est\u00e1 por encima de La Linterna de \u00c1ngel Exp\u00f3sito (Cope) y La Br\u00fajula de Onda Cero, conducido por Rafa Latorre hasta que la pr\u00f3xima temporada se ponga al frente del primer tramo matinal de la cadena de Atresmedia.<\/p>\n<p class=\"\">Con Javier Casal al frente, <a href=\"https:\/\/cadenaser.com\/cadena-ser\/hora-14\/\" target=\"_self\" rel=\"nofollow noopener\" title=\"https:\/\/cadenaser.com\/cadena-ser\/hora-14\/\">Hora 14<\/a>\u00a0sigue sumando oyentes y alcanza los 636.000. Lidera la informaci\u00f3n del mediod\u00eda de lunes a viernes, igual que <a href=\"https:\/\/cadenaser.com\/cadena-ser\/hora-14-fin-de-semana\/\" target=\"_self\" rel=\"nofollow noopener\" title=\"https:\/\/cadenaser.com\/cadena-ser\/hora-14-fin-de-semana\/\">Hora 14 del fin de semana,<\/a> con Aida Bao, que alcanza los 365.000.<\/p>\n<p class=\"\">La SER es tambi\u00e9n la cadena preferida de las tardes de la radio:\u00a0<a href=\"https:\/\/eur01.safelinks.protection.outlook.com\/?url=https%3A%2F%2Fcadenaser.com%2Fcadena-ser%2Fla-ventana%2F&amp;data=05%7C02%7CSElguea%40prisaradio.com%7C940accdec7ef4a806ff308ded6694c45%7Cc4fd49f3e15a44d882e2c909735d2e45%7C0%7C0%7C639183944913016006%7CUnknown%7CTWFpbGZsb3d8eyJFbXB0eU1hcGkiOnRydWUsIlYiOiIwLjAuMDAwMCIsIlAiOiJXaW4zMiIsIkFOIjoiTWFpbCIsIldUIjoyfQ%3D%3D%7C0%7C%7C%7C&amp;sdata=a2T4OopJ9WdKOKY2No4dccemNnpctb%2BF0%2BfxBo8bTxo%3D&amp;reserved=0\" rel=\"nofollow noopener\" title=\"Direcci\u00f3n URL original: https:\/\/cadenaser.com\/cadena-ser\/la-ventana\/. Haga clic o pulse si conf\u00eda en este v\u00ednculo.\" target=\"_blank\">La Ventana<\/a>, de Carles Francino, se mantiene como el programa m\u00e1s escuchado de la franja con 982.000 oyentes, superando la suma de la audiencia de Cope y Onda Cero en el mismo tramo.<\/p>\n<p class=\"\"><a href=\"https:\/\/eur01.safelinks.protection.outlook.com\/?url=https%3A%2F%2Fcadenaser.com%2Fcadena-ser%2Fa-vivir-que-son-dos-dias%2F&amp;data=05%7C02%7CSElguea%40prisaradio.com%7C940accdec7ef4a806ff308ded6694c45%7Cc4fd49f3e15a44d882e2c909735d2e45%7C0%7C0%7C639183944913035387%7CUnknown%7CTWFpbGZsb3d8eyJFbXB0eU1hcGkiOnRydWUsIlYiOiIwLjAuMDAwMCIsIlAiOiJXaW4zMiIsIkFOIjoiTWFpbCIsIldUIjoyfQ%3D%3D%7C0%7C%7C%7C&amp;sdata=OGnCfI3%2BHNp5kbUQ253bG63JBkNrqVH32ojKizJ3f2o%3D&amp;reserved=0\" rel=\"nofollow noopener\" title=\"Direcci\u00f3n URL original: https:\/\/cadenaser.com\/cadena-ser\/a-vivir-que-son-dos-dias\/. Haga clic o pulse si conf\u00eda en este v\u00ednculo.\" target=\"_blank\">A vivir que son dos d\u00edas<\/a>, de Javier del Pino, refuerza su liderazgo en las ma\u00f1anas del fin de semana. Los s\u00e1bados re\u00fane a 2.252.000 seguidores, mientras que los domingos llega a los 1.992.000.<\/p>\n<p class=\"\">La SER tambi\u00e9n est\u00e1 al frente de\u00a0las madrugadas radiof\u00f3nicas con<b> <\/b><a href=\"https:\/\/eur01.safelinks.protection.outlook.com\/?url=https%3A%2F%2Fcadenaser.com%2Fcadena-ser%2Fel-faro%2F&amp;data=05%7C02%7CJPetit%40elpais.es%7Ce83b246db44d45d878a808ded66deb04%7Cc4fd49f3e15a44d882e2c909735d2e45%7C0%7C0%7C639183964789406024%7CUnknown%7CTWFpbGZsb3d8eyJFbXB0eU1hcGkiOnRydWUsIlYiOiIwLjAuMDAwMCIsIlAiOiJXaW4zMiIsIkFOIjoiTWFpbCIsIldUIjoyfQ%3D%3D%7C0%7C%7C%7C&amp;sdata=2jgsSBcfHnY9vBY3b%2FG%2Fs5Kor3pHRfdAe1T26uinF3I%3D&amp;reserved=0\" rel=\"nofollow noopener\" title=\"Direcci\u00f3n URL original: https:\/\/cadenaser.com\/cadena-ser\/el-faro\/. Haga clic o pulse si conf\u00eda en este v\u00ednculo.\" target=\"_blank\">El Faro<\/a>\u00a0y<b> <\/b><a href=\"https:\/\/eur01.safelinks.protection.outlook.com\/?url=https%3A%2F%2Fcadenaser.com%2Fcadena-ser%2Fsi-amanece-nos-vamos%2F&amp;data=05%7C02%7CJPetit%40elpais.es%7Ce83b246db44d45d878a808ded66deb04%7Cc4fd49f3e15a44d882e2c909735d2e45%7C0%7C0%7C639183964789458808%7CUnknown%7CTWFpbGZsb3d8eyJFbXB0eU1hcGkiOnRydWUsIlYiOiIwLjAuMDAwMCIsIlAiOiJXaW4zMiIsIkFOIjoiTWFpbCIsIldUIjoyfQ%3D%3D%7C0%7C%7C%7C&amp;sdata=Bcw9%2FeyWCzcsL9iw4zAcWaqkiIpEhw4GUIMhPEfzZew%3D&amp;reserved=0\" rel=\"nofollow noopener\" title=\"Direcci\u00f3n URL original: https:\/\/cadenaser.com\/cadena-ser\/si-amanece-nos-vamos\/. Haga clic o pulse si conf\u00eda en este v\u00ednculo.\" target=\"_blank\">Si amanece nos vamos<\/a>\u2018. El primer espacio, de Mara Torres,\u00a0sube y\u00a0suma 213.000 oyentes. El segundo de ellos, con Roberto S\u00e1nchez,\u00a0tambi\u00e9n crece y\u00a0consigue 177.000\u00a0oyentes. <\/p>\n<p>Referente en informaci\u00f3n deportiva<\/p>\n<p class=\"\">En el promedio del fin de semana, <a href=\"https:\/\/eur01.safelinks.protection.outlook.com\/?url=https%3A%2F%2Fcadenaser.com%2Fcadena-ser%2Fcarrusel-deportivo%2F&amp;data=05%7C02%7CJPetit%40elpais.es%7Ce83b246db44d45d878a808ded66deb04%7Cc4fd49f3e15a44d882e2c909735d2e45%7C0%7C0%7C639183964789509651%7CUnknown%7CTWFpbGZsb3d8eyJFbXB0eU1hcGkiOnRydWUsIlYiOiIwLjAuMDAwMCIsIlAiOiJXaW4zMiIsIkFOIjoiTWFpbCIsIldUIjoyfQ%3D%3D%7C0%7C%7C%7C&amp;sdata=rXE67xcPyZku7YXlxe6HqPWg7%2BBJbhmzTymo9qPahMc%3D&amp;reserved=0\" rel=\"nofollow noopener\" title=\"Direcci\u00f3n URL original: https:\/\/cadenaser.com\/cadena-ser\/carrusel-deportivo\/. Haga clic o pulse si conf\u00eda en este v\u00ednculo.\" target=\"_blank\">Carrusel Deportivo<\/a>, con Dani Garrido lidera\u00a0en horario coincidente (de\u00a014.00-15.00 a 01.30 horas), con\u00a01.723.000 oyentes.\u00a0<a href=\"https:\/\/eur01.safelinks.protection.outlook.com\/?url=https%3A%2F%2Fcadenaser.com%2Fcadena-ser%2Fel-larguero%2F&amp;data=05%7C02%7CJPetit%40elpais.es%7Ce83b246db44d45d878a808ded66deb04%7Cc4fd49f3e15a44d882e2c909735d2e45%7C0%7C0%7C639183964789568260%7CUnknown%7CTWFpbGZsb3d8eyJFbXB0eU1hcGkiOnRydWUsIlYiOiIwLjAuMDAwMCIsIlAiOiJXaW4zMiIsIkFOIjoiTWFpbCIsIldUIjoyfQ%3D%3D%7C0%7C%7C%7C&amp;sdata=gXRbZpC7EEkAVHLE7ZoRpEiwWA%2FFf6zQ5%2BD5V3v0luA%3D&amp;reserved=0\" rel=\"nofollow noopener\" title=\"Direcci\u00f3n URL original: https:\/\/cadenaser.com\/cadena-ser\/el-larguero\/. Haga clic o pulse si conf\u00eda en este v\u00ednculo.\" target=\"_blank\">El Larguero<\/a>, que dirige cada noche Manu Carre\u00f1o, lidera\u00a0las noches deportivas con\u00a0736.000 oyentes<b>\u00a0<\/b>y\u00a0supera en\u00a027.000 a El Partidazo de Cope. Francisco Jos\u00e9 Delgado, Pacoj\u00f3, con<b>\u00a0<\/b><a href=\"https:\/\/eur01.safelinks.protection.outlook.com\/?url=https%3A%2F%2Fcadenaser.com%2Fcadena-ser%2Fser-deportivos%2F&amp;data=05%7C02%7CJPetit%40elpais.es%7Ce83b246db44d45d878a808ded66deb04%7Cc4fd49f3e15a44d882e2c909735d2e45%7C0%7C0%7C639183964790168419%7CUnknown%7CTWFpbGZsb3d8eyJFbXB0eU1hcGkiOnRydWUsIlYiOiIwLjAuMDAwMCIsIlAiOiJXaW4zMiIsIkFOIjoiTWFpbCIsIldUIjoyfQ%3D%3D%7C0%7C%7C%7C&amp;sdata=dBQG0slmN1Jz9uk%2FgrNiYjNNA8Q9k%2BzAph78UQvFq0U%3D&amp;reserved=0\" rel=\"nofollow noopener\" title=\"Direcci\u00f3n URL original: https:\/\/cadenaser.com\/cadena-ser\/ser-deportivos\/. Haga clic o pulse si conf\u00eda en este v\u00ednculo.\" target=\"_blank\">SER Deportivos<\/a>, lidera\u00a0de lunes a viernes con\u00a0426.000 oyentes. <a href=\"https:\/\/eur01.safelinks.protection.outlook.com\/?url=https%3A%2F%2Fcadenaser.com%2Fcadena-ser%2Fhora-25%2Fhora-25-hora-25-deportes%2F&amp;data=05%7C02%7CJPetit%40elpais.es%7Ce83b246db44d45d878a808ded66deb04%7Cc4fd49f3e15a44d882e2c909735d2e45%7C0%7C0%7C639183964790225588%7CUnknown%7CTWFpbGZsb3d8eyJFbXB0eU1hcGkiOnRydWUsIlYiOiIwLjAuMDAwMCIsIlAiOiJXaW4zMiIsIkFOIjoiTWFpbCIsIldUIjoyfQ%3D%3D%7C0%7C%7C%7C&amp;sdata=0KFMCraPxTnnTWAgYjWCnGji%2FJjLO1SbOj6vwFDz0p0%3D&amp;reserved=0\" rel=\"nofollow noopener\" title=\"Direcci\u00f3n URL original: https:\/\/cadenaser.com\/cadena-ser\/hora-25\/hora-25-hora-25-deportes\/. Haga clic o pulse si conf\u00eda en este v\u00ednculo.\" target=\"_blank\">Hora 25 Deportes<\/a>,\u00a0con Jes\u00fas Gallego,\u00a0consigue\u00a0en\u00a0su tramo\u00a0horario\u00a0228.000\u00a0oyentes.<\/p>\n<p>La mayor comunidad musical<\/p>\n<p class=\"\">Dominio absoluto de\u00a0<a href=\"https:\/\/eur01.safelinks.protection.outlook.com\/?url=https%3A%2F%2Flos40.com%2F&amp;data=05%7C02%7CJPetit%40elpais.es%7Ce83b246db44d45d878a808ded66deb04%7Cc4fd49f3e15a44d882e2c909735d2e45%7C0%7C0%7C639183964790270656%7CUnknown%7CTWFpbGZsb3d8eyJFbXB0eU1hcGkiOnRydWUsIlYiOiIwLjAuMDAwMCIsIlAiOiJXaW4zMiIsIkFOIjoiTWFpbCIsIldUIjoyfQ%3D%3D%7C0%7C%7C%7C&amp;sdata=DVHPH1o3MIvDjiYXbXUGMJi8Iq6RIEB%2FFs3u%2BagrQ%2Bk%3D&amp;reserved=0\" rel=\"nofollow noopener\" title=\"Direcci\u00f3n URL original: https:\/\/los40.com\/. Haga clic o pulse si conf\u00eda en este v\u00ednculo.\" target=\"_blank\">LOS40<\/a><b>\u00a0<\/b>(LOS40,\u00a0<a href=\"https:\/\/eur01.safelinks.protection.outlook.com\/?url=https%3A%2F%2Flos40.com%2Flos40_classic%2F&amp;data=05%7C02%7CJPetit%40elpais.es%7Ce83b246db44d45d878a808ded66deb04%7Cc4fd49f3e15a44d882e2c909735d2e45%7C0%7C0%7C639183964790322838%7CUnknown%7CTWFpbGZsb3d8eyJFbXB0eU1hcGkiOnRydWUsIlYiOiIwLjAuMDAwMCIsIlAiOiJXaW4zMiIsIkFOIjoiTWFpbCIsIldUIjoyfQ%3D%3D%7C0%7C%7C%7C&amp;sdata=6%2B%2FsdoBKiEo8SA%2F5c8VJJlhmniOhfH3vgoE4QSEUjUw%3D&amp;reserved=0\" rel=\"nofollow noopener\" title=\"Direcci\u00f3n URL original: https:\/\/los40.com\/los40_classic\/. Haga clic o pulse si conf\u00eda en este v\u00ednculo.\" target=\"_blank\">LOS40\u00a0Classic<\/a>,\u00a0<a href=\"https:\/\/eur01.safelinks.protection.outlook.com\/?url=https%3A%2F%2Flos40.com%2Flos40_classic%2F&amp;data=05%7C02%7CJPetit%40elpais.es%7Ce83b246db44d45d878a808ded66deb04%7Cc4fd49f3e15a44d882e2c909735d2e45%7C0%7C0%7C639183964790372785%7CUnknown%7CTWFpbGZsb3d8eyJFbXB0eU1hcGkiOnRydWUsIlYiOiIwLjAuMDAwMCIsIlAiOiJXaW4zMiIsIkFOIjoiTWFpbCIsIldUIjoyfQ%3D%3D%7C0%7C%7C%7C&amp;sdata=H6PrgplVIEp%2F%2F1JtCuv4jHbLdEi%2BwzFQ%2B8uFdHBA0M8%3D&amp;reserved=0\" rel=\"nofollow noopener\" title=\"Direcci\u00f3n URL original: https:\/\/los40.com\/los40_classic\/. Haga clic o pulse si conf\u00eda en este v\u00ednculo.\" target=\"_blank\">LOS40 Dance<\/a>, y\u00a0<a href=\"https:\/\/eur01.safelinks.protection.outlook.com\/?url=https%3A%2F%2Flos40.com%2Flos40_urban%2F&amp;data=05%7C02%7CJPetit%40elpais.es%7Ce83b246db44d45d878a808ded66deb04%7Cc4fd49f3e15a44d882e2c909735d2e45%7C0%7C0%7C639183964790428677%7CUnknown%7CTWFpbGZsb3d8eyJFbXB0eU1hcGkiOnRydWUsIlYiOiIwLjAuMDAwMCIsIlAiOiJXaW4zMiIsIkFOIjoiTWFpbCIsIldUIjoyfQ%3D%3D%7C0%7C%7C%7C&amp;sdata=lOyKQDi8NmDD%2FYsSSyMW4zPuZ5qU08DrkqAEUj4RHg0%3D&amp;reserved=0\" rel=\"nofollow noopener\" title=\"Direcci\u00f3n URL original: https:\/\/los40.com\/los40_urban\/. Haga clic o pulse si conf\u00eda en este v\u00ednculo.\" target=\"_blank\">LOS40 Urban<\/a>), que acaba la temporada como la mayor comunidad musical de Espa\u00f1a con\u00a08.926.000 oyentes mensuales. LOS40<b> <\/b>re\u00fane a<b> <\/b>2.898.000 oyentes\u00a0de lunes a viernes\u00a0y se mantiene como la tercera cadena m\u00e1s escuchada en Espa\u00f1a, por detr\u00e1s de la SER y la Cope. El\u00a0programa despertador\u00a0<a href=\"https:\/\/eur01.safelinks.protection.outlook.com\/?url=https%3A%2F%2Flos40.com%2Flos40%2Fanda_ya%2F&amp;data=05%7C02%7CJPetit%40elpais.es%7Ce83b246db44d45d878a808ded66deb04%7Cc4fd49f3e15a44d882e2c909735d2e45%7C0%7C0%7C639183964790486381%7CUnknown%7CTWFpbGZsb3d8eyJFbXB0eU1hcGkiOnRydWUsIlYiOiIwLjAuMDAwMCIsIlAiOiJXaW4zMiIsIkFOIjoiTWFpbCIsIldUIjoyfQ%3D%3D%7C0%7C%7C%7C&amp;sdata=YSEFkGk%2FSiqTeBuw%2FRuy3SrE4eVDw0i5DsOj9TwqgM8%3D&amp;reserved=0\" rel=\"nofollow noopener\" title=\"Direcci\u00f3n URL original: https:\/\/los40.com\/los40\/anda_ya\/. Haga clic o pulse si conf\u00eda en este v\u00ednculo.\" target=\"_blank\">Anda Ya!<\/a>, con Dani Moreno y Cristina Bosc\u00e1, es el espacio musical espa\u00f1ol m\u00e1s escuchado con\u00a01.664.000 oyentes.\u00a0<a href=\"https:\/\/eur01.safelinks.protection.outlook.com\/?url=https%3A%2F%2Flos40.com%2Flos40%2Fdel_40_al_1%2F&amp;data=05%7C02%7CJPetit%40elpais.es%7Ce83b246db44d45d878a808ded66deb04%7Cc4fd49f3e15a44d882e2c909735d2e45%7C0%7C0%7C639183964790531783%7CUnknown%7CTWFpbGZsb3d8eyJFbXB0eU1hcGkiOnRydWUsIlYiOiIwLjAuMDAwMCIsIlAiOiJXaW4zMiIsIkFOIjoiTWFpbCIsIldUIjoyfQ%3D%3D%7C0%7C%7C%7C&amp;sdata=1wmaoN1MyJJshsZ5lA8oZAGhd%2FpYA1S%2FYQaqX%2BlVq%2Bo%3D&amp;reserved=0\" rel=\"nofollow noopener\" title=\"Direcci\u00f3n URL original: https:\/\/los40.com\/los40\/del_40_al_1\/. Haga clic o pulse si conf\u00eda en este v\u00ednculo.\" target=\"_blank\">Del 40 al 1<\/a>, con Tony Aguilar, es el espacio m\u00e1s seguido del fin de semana de la radio musical con\u00a01.233.000 oyentes\u00a0los s\u00e1bados.\u00a0<\/p>\n<p class=\"\">LOS40\u00a0Classic alcanza los\u00a0796.000 oyentes. Su programa despertador <a href=\"https:\/\/eur01.safelinks.protection.outlook.com\/?url=https%3A%2F%2Flos40.com%2Flos40_classic%2Fmorning_box%2F&amp;data=05%7C02%7CJPetit%40elpais.es%7Ce83b246db44d45d878a808ded66deb04%7Cc4fd49f3e15a44d882e2c909735d2e45%7C0%7C0%7C639183964790578616%7CUnknown%7CTWFpbGZsb3d8eyJFbXB0eU1hcGkiOnRydWUsIlYiOiIwLjAuMDAwMCIsIlAiOiJXaW4zMiIsIkFOIjoiTWFpbCIsIldUIjoyfQ%3D%3D%7C0%7C%7C%7C&amp;sdata=YYchDACiqvWvScGq4TRsBMVMQaBWPPmaUHcDf9QZ%2FDc%3D&amp;reserved=0\" rel=\"nofollow noopener\" title=\"Direcci\u00f3n URL original: https:\/\/los40.com\/los40_classic\/morning_box\/. Haga clic o pulse si conf\u00eda en este v\u00ednculo.\" target=\"_blank\">Morning Box<\/a>, con Javier Penedo y Andrea S\u00e1nchez, consigue\u00a0459.000 seguidores. LOS40 Urban\u00a0llega\u00a0hasta los\u00a0351.000\u00a0oyentes diarios. Adem\u00e1s,\u00a0el\u00a0programa despertador de\u00a0<a href=\"https:\/\/eur01.safelinks.protection.outlook.com\/?url=https%3A%2F%2Flos40.com%2Fpodcast%2Flos40-urban-con-ramses-lopez-los40-em%2F&amp;data=05%7C02%7CJPetit%40elpais.es%7Ce83b246db44d45d878a808ded66deb04%7Cc4fd49f3e15a44d882e2c909735d2e45%7C0%7C0%7C639183964790635450%7CUnknown%7CTWFpbGZsb3d8eyJFbXB0eU1hcGkiOnRydWUsIlYiOiIwLjAuMDAwMCIsIlAiOiJXaW4zMiIsIkFOIjoiTWFpbCIsIldUIjoyfQ%3D%3D%7C0%7C%7C%7C&amp;sdata=ljykYe0n4ljlBMHoTjnsldOhjNa3k3PQfMHuaBN%2BtZ4%3D&amp;reserved=0\" rel=\"nofollow noopener\" title=\"Direcci\u00f3n URL original: https:\/\/los40.com\/podcast\/los40-urban-con-ramses-lopez-los40-em\/. Haga clic o pulse si conf\u00eda en este v\u00ednculo.\" target=\"_blank\">LOS40 Urban\u00a0con Rams\u00e9s L\u00f3pez<\/a>, con El Fara\u00f3n al frente, consigue\u00a0180.000 oyentes.<b> <\/b>Y LOS40 Dance<b>\u00a0<\/b>suma por su parte\u00a050.000.<\/p>\n<p class=\"\"><a href=\"https:\/\/eur01.safelinks.protection.outlook.com\/?url=https%3A%2F%2Fwww.cadenadial.com%2F&amp;data=05%7C02%7CJPetit%40elpais.es%7Ce83b246db44d45d878a808ded66deb04%7Cc4fd49f3e15a44d882e2c909735d2e45%7C0%7C0%7C639183964790696485%7CUnknown%7CTWFpbGZsb3d8eyJFbXB0eU1hcGkiOnRydWUsIlYiOiIwLjAuMDAwMCIsIlAiOiJXaW4zMiIsIkFOIjoiTWFpbCIsIldUIjoyfQ%3D%3D%7C0%7C%7C%7C&amp;sdata=R0YNplUCOHdU3a8R4u3uKPCuurioq9r2pBlNtr%2BVjMg%3D&amp;reserved=0\" rel=\"nofollow noopener\" title=\"Direcci\u00f3n URL original: https:\/\/www.cadenadial.com\/. Haga clic o pulse si conf\u00eda en este v\u00ednculo.\" target=\"_blank\">Cadena Dial<\/a><b>\u00a0<\/b>mejora su dato de la pasada ola\u00a0y es la tercera radio musical en Espa\u00f1a, con\u00a01.538.000 oyentes. Su programa despertador <a href=\"https:\/\/eur01.safelinks.protection.outlook.com\/?url=https%3A%2F%2Fwww.cadenadial.com%2Fprogramas%2Fatrevete&amp;data=05%7C02%7CJPetit%40elpais.es%7Ce83b246db44d45d878a808ded66deb04%7Cc4fd49f3e15a44d882e2c909735d2e45%7C0%7C0%7C639183964790748760%7CUnknown%7CTWFpbGZsb3d8eyJFbXB0eU1hcGkiOnRydWUsIlYiOiIwLjAuMDAwMCIsIlAiOiJXaW4zMiIsIkFOIjoiTWFpbCIsIldUIjoyfQ%3D%3D%7C0%7C%7C%7C&amp;sdata=JGPsDBEeGrsOvys%2FgNcxtvASwFizoHQMByeI5EKgQfw%3D&amp;reserved=0\" rel=\"nofollow noopener\" title=\"Direcci\u00f3n URL original: https:\/\/www.cadenadial.com\/programas\/atrevete. Haga clic o pulse si conf\u00eda en este v\u00ednculo.\" target=\"_blank\">Atr\u00e9vete<\/a>, dirigido por Jaime Moreno, tambi\u00e9n sube\u00a0hasta\u00a0los\u00a0877.000\u00a0seguidores. En el fin de semana, Rafa Cano acompa\u00f1a a\u00a0970.000<b> <\/b>seguidores en <a href=\"https:\/\/eur01.safelinks.protection.outlook.com\/?url=https%3A%2F%2Fwww.cadenadial.com%2Fprogramas%2Fdial-tal-cual&amp;data=05%7C02%7CJPetit%40elpais.es%7Ce83b246db44d45d878a808ded66deb04%7Cc4fd49f3e15a44d882e2c909735d2e45%7C0%7C0%7C639183964790812268%7CUnknown%7CTWFpbGZsb3d8eyJFbXB0eU1hcGkiOnRydWUsIlYiOiIwLjAuMDAwMCIsIlAiOiJXaW4zMiIsIkFOIjoiTWFpbCIsIldUIjoyfQ%3D%3D%7C0%7C%7C%7C&amp;sdata=NkA0y7HoQ3xsDfRN1hMf0SYY4tMYsflJGvQzHlxOVmg%3D&amp;reserved=0\" rel=\"nofollow noopener\" title=\"Direcci\u00f3n URL original: https:\/\/www.cadenadial.com\/programas\/dial-tal-cual. Haga clic o pulse si conf\u00eda en este v\u00ednculo.\" target=\"_blank\">Dial tal cual<\/a>.\u00a0Adem\u00e1s, <a href=\"https:\/\/eur01.safelinks.protection.outlook.com\/?url=https%3A%2F%2Fwww.radiole.com%2F&amp;data=05%7C02%7CJPetit%40elpais.es%7Ce83b246db44d45d878a808ded66deb04%7Cc4fd49f3e15a44d882e2c909735d2e45%7C0%7C0%7C639183964790875346%7CUnknown%7CTWFpbGZsb3d8eyJFbXB0eU1hcGkiOnRydWUsIlYiOiIwLjAuMDAwMCIsIlAiOiJXaW4zMiIsIkFOIjoiTWFpbCIsIldUIjoyfQ%3D%3D%7C0%7C%7C%7C&amp;sdata=Ee%2BOjdfzWMbvpYOTFgHOo4qTy7GhK4xT%2BeGyx6BCagw%3D&amp;reserved=0\" rel=\"nofollow noopener\" title=\"Direcci\u00f3n URL original: https:\/\/www.radiole.com\/. Haga clic o pulse si conf\u00eda en este v\u00ednculo.\" target=\"_blank\">Radiol\u00e9<\/a><b>\u00a0<\/b>crece igualmente y\u00a0supera los\u00a0343.000 oyentes. Su\u00a0morning, <a href=\"https:\/\/eur01.safelinks.protection.outlook.com\/?url=https%3A%2F%2Fwww.radiole.com%2Fprogramas%2Fcafe-ole%2F&amp;data=05%7C02%7CJPetit%40elpais.es%7Ce83b246db44d45d878a808ded66deb04%7Cc4fd49f3e15a44d882e2c909735d2e45%7C0%7C0%7C639183964790934823%7CUnknown%7CTWFpbGZsb3d8eyJFbXB0eU1hcGkiOnRydWUsIlYiOiIwLjAuMDAwMCIsIlAiOiJXaW4zMiIsIkFOIjoiTWFpbCIsIldUIjoyfQ%3D%3D%7C0%7C%7C%7C&amp;sdata=4fevQ%2FI0QvJsBeWeVJB6cwyP1Gp109h1APBBmT1FuhY%3D&amp;reserved=0\" rel=\"nofollow noopener\" title=\"Direcci\u00f3n URL original: https:\/\/www.radiole.com\/programas\/cafe-ole\/. Haga clic o pulse si conf\u00eda en este v\u00ednculo.\" target=\"_blank\">Caf\u00e9 Ol\u00e9<\/a>, conducido por Alberto Lezaun, consigue\u00a0232.000 seguidores.<\/p>\n","protected":false},"excerpt":{"rendered":"La SER revalida su liderazgo de la radio en Espa\u00f1a con 4.403.000 oyentes de lunes a viernes, seg\u00fan&hellip;\n","protected":false},"author":2,"featured_media":636232,"comment_status":"","ping_status":"","sticky":false,"template":"","format":"standard","meta":{"footnotes":""},"categories":[170],"tags":[20803,48535,6699,5262,69041,146,147,25,24,32694,32695,3748,2164,184,185,5080,2151,117709,83509,1448,117708,40818,23],"class_list":["post-636231","post","type-post","status-publish","format-standard","has-post-thumbnail","category-musica","tag-audiencia-medios","tag-cadena-cope","tag-cadena-ser","tag-comunicacion","tag-egm","tag-entertainment","tag-entretenimiento","tag-es","tag-espana","tag-grupo-comunicacion","tag-grupo-multimedia","tag-grupo-prisa","tag-medios-comunicacion","tag-music","tag-musica","tag-onda-cero","tag-periodismo","tag-prisa-audio","tag-prisa-media","tag-radio","tag-radio-comercial","tag-radios-locales","tag-spain"],"share_on_mastodon":{"url":"https:\/\/pubeurope.com\/@es\/116846607915737441","error":""},"_links":{"self":[{"href":"https:\/\/www.europesays.com\/es\/wp-json\/wp\/v2\/posts\/636231","targetHints":{"allow":["GET"]}}],"collection":[{"href":"https:\/\/www.europesays.com\/es\/wp-json\/wp\/v2\/posts"}],"about":[{"href":"https:\/\/www.europesays.com\/es\/wp-json\/wp\/v2\/types\/post"}],"author":[{"embeddable":true,"href":"https:\/\/www.europesays.com\/es\/wp-json\/wp\/v2\/users\/2"}],"replies":[{"embeddable":true,"href":"https:\/\/www.europesays.com\/es\/wp-json\/wp\/v2\/comments?post=636231"}],"version-history":[{"count":0,"href":"https:\/\/www.europesays.com\/es\/wp-json\/wp\/v2\/posts\/636231\/revisions"}],"wp:featuredmedia":[{"embeddable":true,"href":"https:\/\/www.europesays.com\/es\/wp-json\/wp\/v2\/media\/636232"}],"wp:attachment":[{"href":"https:\/\/www.europesays.com\/es\/wp-json\/wp\/v2\/media?parent=636231"}],"wp:term":[{"taxonomy":"category","embeddable":true,"href":"https:\/\/www.europesays.com\/es\/wp-json\/wp\/v2\/categories?post=636231"},{"taxonomy":"post_tag","embeddable":true,"href":"https:\/\/www.europesays.com\/es\/wp-json\/wp\/v2\/tags?post=636231"}],"curies":[{"name":"wp","href":"https:\/\/api.w.org\/{rel}","templated":true}]}}