{"id":636397,"date":"2026-07-01T22:40:14","date_gmt":"2026-07-01T22:40:14","guid":{"rendered":"https:\/\/www.europesays.com\/es\/636397\/"},"modified":"2026-07-01T22:40:14","modified_gmt":"2026-07-01T22:40:14","slug":"condenado-un-exdiputado-de-yolanda-diaz-que-violo-a-una-menor-con-practicas-sadicas-y-le-transmitio-la-sifilis","status":"publish","type":"post","link":"https:\/\/www.europesays.com\/es\/636397\/","title":{"rendered":"Condenado un exdiputado de Yolanda D\u00edaz que viol\u00f3 a una menor, con pr\u00e1cticas s\u00e1dicas, y le transmiti\u00f3 la s\u00edfilis"},"content":{"rendered":"<p style=\"\">Nueve a\u00f1os y medio de prisi\u00f3n. Es la condena de conformidad que acept\u00f3 el mes pasado Xabier Ron -exdiputado de Alternativa Galega de Esquerda (AGE), formaci\u00f3n liderada por Yolanda D\u00edaz durante su etapa gallega- por un delito continuado de<strong> agresi\u00f3n sexual contra una alumna <\/strong> &#8230; <strong>de 12 a\u00f1os a la que daba clase de franc\u00e9s <\/strong>en un instituto pr\u00f3ximo a la capital gallega. El caso, explican fuentes directas consultadas por ABC, es de una \u00abgravedad extrema\u00bb. Seg\u00fan el relato de hechos probados, el docente, aprovechando el v\u00ednculo que ten\u00eda con la estudiante, inici\u00f3 con ella una relaci\u00f3n que pronto excedi\u00f3 los l\u00edmites del recinto escolar para transformarse en citas en las que el expol\u00edtico daba toda serie de instrucciones a la ni\u00f1a para que no fuesen descubiertos, y que inclu\u00edan quedadas en una localidad pr\u00f3xima a la capital, donde \u00e9l resid\u00eda. En ellas le lleg\u00f3 a decir a la v\u00edctima que el parque donde se ve\u00edan era <strong>el lugar ideal \u00abpara ir con un compa\u00f1ero del instituto y tener sexo\u00bb. <\/strong><\/p>\n<p class=\"v-d-p\" style=\"\">Tras esos primeros encuentros, y seg\u00fan Ron reconoci\u00f3 al aceptar la pena que evita el juicio, se produjeron distintas agresiones sexuales con penetraci\u00f3n e incluso la <strong>transmisi\u00f3n de la s\u00edfilis<\/strong>, una enfermedad que le fue detectada a la menor durante una anal\u00edtica. El expol\u00edtico fue detenido el 30 de enero de 2025, cuando el esc\u00e1ndalo salt\u00f3, y desde entonces permanece en la prisi\u00f3n coru\u00f1esa de Teixeiro, <strong>desde donde entr\u00f3 por videoconferencia<\/strong> para ratificarse en su culpabilidad. Lo hizo con un sucinto \u00abs\u00ed\u00bb con el que acept\u00f3 todas las acusaciones que se le imputaban sin dar m\u00e1s explicaci\u00f3n. El fallo, alcanzado por conformidad de las partes, establece como probado que Ron abus\u00f3 de su condici\u00f3n de profesor de la menor y de la relaci\u00f3n de confianza generada entre ellos, para provocar <strong>una \u00abdependencia emocional\u00bb<\/strong> que deriv\u00f3 en estos encuentros sexuales con la ni\u00f1a, que cursaba 2\u00ba de la ESO en el momento de los hechos.<\/p>\n<p class=\"v-d-p\" style=\"\">Fuentes del caso explicaron a ABC que<strong> la relaci\u00f3n se prolong\u00f3 durante cerca de un a\u00f1o<\/strong>, en el que la menor lleg\u00f3 a visitar la casa del docente, siguiendo sus indicaciones y deseos. Las partes, tanto Fiscal\u00eda como acusaci\u00f3n particular, elaboraron <strong>un \u00abdur\u00edsimo escrito\u00bb<\/strong> que refleja el cariz pseudomasoquista de alguno de estos encuentros, que la menor acab\u00f3 denunciando ante su familia. Una relaci\u00f3n de dominaci\u00f3n que el acusado se encarg\u00f3 de ocultar, pese a que los dos compart\u00edan centro escolar.<\/p>\n<p class=\"v-d-p\" style=\"\">La detenci\u00f3n de Ron, que <strong>hab\u00eda solicitado el traslado a otro instituto de Pontedeume<\/strong> para poner distancia cuando la menor decidi\u00f3 cortar la relaci\u00f3n, provoc\u00f3 el registro de todos los materiales inform\u00e1ticos de los que dispon\u00eda, tanto en su centro de trabajo como en su vivienda. Todos ellos fueron volcados para su an\u00e1lisis por parte de los investigadores en el marco de una instrucci\u00f3n activada por el Juzgado 1 de Instrucci\u00f3n de la capital gallega, que llev\u00f3 el caso con total hermetismo.  [media link]<\/p>\n<p class=\"v-d-p\" style=\"\">La sentencia recoge que, durante 15 a\u00f1os, Xabier Ron no podr\u00e1 ejercer actividades relacionadas con menores y tendr\u00e1 libertad vigilada durante 10 a\u00f1os posteriores al cumplimiento de la pena. El fallo reconoce, adem\u00e1s, que el procesado ya <strong>ha indemnizado a la v\u00edctima con 82.000 euros<\/strong> por los da\u00f1os morales generados.<\/p>\n<p class=\"v-d-p\" style=\"\"><strong>Ron fue diputado auton\u00f3mico entre 2012 y 2016<\/strong>, dentro del grupo parlamentario de la coalici\u00f3n Alternativa Galega de Esquerda (AGE); concretamente, formaba parte del cupo de Esquerda Unida (EU), liderada entonces por la ahora vicepresidenta segunda del Gobierno, Yolanda D\u00edaz. Antes, hab\u00eda sido dos veces candidato a la Alcald\u00eda de Santiago de Compostela bajo las siglas de Esquerda Unida.<\/p>\n","protected":false},"excerpt":{"rendered":"Nueve a\u00f1os y medio de prisi\u00f3n. Es la condena de conformidad que acept\u00f3 el mes pasado Xabier Ron&hellip;\n","protected":false},"author":2,"featured_media":636398,"comment_status":"","ping_status":"","sticky":false,"template":"","format":"standard","meta":{"footnotes":""},"categories":[5],"tags":[17,18,25174,779,25,24,51447,13,14,11,19,20,2126,9,10,15,16,10325,43886,47613,23,12,117732,21,22,42656,12392],"class_list":["post-636397","post","type-post","status-publish","format-standard","has-post-thumbnail","category-titulares","tag-breaking-news","tag-breakingnews","tag-condenado","tag-diaz","tag-es","tag-espana","tag-exdiputado","tag-featured-news","tag-featurednews","tag-headlines","tag-latest-news","tag-latestnews","tag-menor","tag-news","tag-noticias","tag-noticias-destacadas","tag-noticiasdestacadas","tag-practicas","tag-sadicas","tag-sifilis","tag-spain","tag-titulares","tag-transmitio","tag-ultimas-noticias","tag-ultimasnoticias","tag-violo","tag-yolanda"],"share_on_mastodon":{"url":"https:\/\/pubeurope.com\/@es\/116847131052779193","error":""},"_links":{"self":[{"href":"https:\/\/www.europesays.com\/es\/wp-json\/wp\/v2\/posts\/636397","targetHints":{"allow":["GET"]}}],"collection":[{"href":"https:\/\/www.europesays.com\/es\/wp-json\/wp\/v2\/posts"}],"about":[{"href":"https:\/\/www.europesays.com\/es\/wp-json\/wp\/v2\/types\/post"}],"author":[{"embeddable":true,"href":"https:\/\/www.europesays.com\/es\/wp-json\/wp\/v2\/users\/2"}],"replies":[{"embeddable":true,"href":"https:\/\/www.europesays.com\/es\/wp-json\/wp\/v2\/comments?post=636397"}],"version-history":[{"count":0,"href":"https:\/\/www.europesays.com\/es\/wp-json\/wp\/v2\/posts\/636397\/revisions"}],"wp:featuredmedia":[{"embeddable":true,"href":"https:\/\/www.europesays.com\/es\/wp-json\/wp\/v2\/media\/636398"}],"wp:attachment":[{"href":"https:\/\/www.europesays.com\/es\/wp-json\/wp\/v2\/media?parent=636397"}],"wp:term":[{"taxonomy":"category","embeddable":true,"href":"https:\/\/www.europesays.com\/es\/wp-json\/wp\/v2\/categories?post=636397"},{"taxonomy":"post_tag","embeddable":true,"href":"https:\/\/www.europesays.com\/es\/wp-json\/wp\/v2\/tags?post=636397"}],"curies":[{"name":"wp","href":"https:\/\/api.w.org\/{rel}","templated":true}]}}