{"id":636474,"date":"2026-07-01T23:49:13","date_gmt":"2026-07-01T23:49:13","guid":{"rendered":"https:\/\/www.europesays.com\/es\/636474\/"},"modified":"2026-07-01T23:49:13","modified_gmt":"2026-07-01T23:49:13","slug":"espinosa-de-los-monteros-anuncia-que-vox-le-ha-expulsado-del-partido-que-ayudo-a-fundar","status":"publish","type":"post","link":"https:\/\/www.europesays.com\/es\/636474\/","title":{"rendered":"Espinosa de los Monteros anuncia que Vox le ha expulsado del partido \u00abque ayud\u00f3 a fundar\u00bb"},"content":{"rendered":"<p>Ruptura definitiva entre <a href=\"https:\/\/theobjective.com\/etiqueta\/ivan-espinosa-de-los-monteros\/\" type=\"post_tag\" id=\"384909\" rel=\"nofollow noopener\" target=\"_blank\">Iv\u00e1n Espinosa de los Monteros<\/a> y <a href=\"https:\/\/theobjective.com\/etiqueta\/vox\/\" type=\"post_tag\" id=\"133325\" rel=\"nofollow noopener\" target=\"_blank\">Vox<\/a>. El ex portavoz parlamentario ha anunciado este mi\u00e9rcoles que ha sido expulsado de la formaci\u00f3n que ayud\u00f3 a fundar, poniendo fin de forma oficial a una relaci\u00f3n que llevaba tiempo deteriorada. \u00ab<strong>No puedo decir que me haya sorprendido, pero, la verdad, me ha dado un poco de pena<\/strong>\u00bb, ha afirmado Espinosa de los Monteros en un v\u00eddeo difundido a trav\u00e9s de su perfil en X, donde ha confirmado que la decisi\u00f3n le fue comunicada durante la jornada.<\/p>\n<p>En su mensaje, el exdiputado ha echado la vista atr\u00e1s para recordar los inicios del partido, cuando un reducido grupo de dirigentes impuls\u00f3 un proyecto pol\u00edtico que acabar\u00eda convirti\u00e9ndose en la tercera fuerza del Congreso. \u00ab<strong>\u00c9ramos muy pocos y ten\u00edamos que multiplicarnos para estar en todas partes<\/strong>\u00bb, rememora.<\/p>\n<p>Espinosa de los Monteros ha reivindicado adem\u00e1s el esp\u00edritu fundacional de la formaci\u00f3n, que, seg\u00fan ha se\u00f1alado, naci\u00f3 con el objetivo de ofrecer a los espa\u00f1oles \u00abuna opci\u00f3n m\u00e1s clara, m\u00e1s valiente y m\u00e1s libre\u00bb. \u00abRecuerdo campa\u00f1as dif\u00edciles, noches duras y muchos fracasos, pero tambi\u00e9n la noche en la que llegamos a las instituciones. Por fin, millones de espa\u00f1oles ten\u00edan una voz que les representaba\u00bb, a\u00f1ade en su intervenci\u00f3n.<\/p>\n<p>Esta decisi\u00f3n llega como consecuencia del <a href=\"https:\/\/theobjective.com\/espana\/politica\/2026-03-26\/vox-expediente-espinosa-monteros-expulsarle-partido\/\" rel=\"nofollow noopener\" target=\"_blank\">expediente disciplinario que le abri\u00f3 la formaci\u00f3n<\/a> tras impulsar una recogida de firmas para reclamar un congreso extraordinario. \u00abAdi\u00f3s y gracias\u00bb, se ha despedido el exdirigente de Vox en un v\u00eddeo acompa\u00f1ado por la canci\u00f3n I still haven\u2019t found what I\u2019m looking for. Su salida, en todo caso, representa solo la parte m\u00e1s visible de una fractura interna m\u00e1s amplia. Detr\u00e1s emerge un frente cr\u00edtico cada vez m\u00e1s consolidado, integrado por dirigentes hist\u00f3ricos y cuadros territoriales que cuestionan el rumbo org\u00e1nico del partido.<\/p>\n<p>El frente cr\u00edtico de Vox, cada vez m\u00e1s amplio<\/p>\n<p>La fractura entre Espinosa de los Monteros y la c\u00fapula de Vox llevaba a\u00f1os gest\u00e1ndose, y lo que termin\u00f3 de precipitarla fue <strong><a href=\"https:\/\/theobjective.com\/espana\/politica\/2026-03-18\/espinosa-monteros-manifiesto-congreso-extraordinario-vox\/\" rel=\"nofollow noopener\" target=\"_blank\">el manifiesto que \u00e9l mismo impuls\u00f3 el pasado 18 de marzo<\/a><\/strong>. El texto fue respaldado por exdirigentes, exdiputados y cuadros intermedios de la formaci\u00f3n, y en \u00e9l reclamaban sin ambages la convocatoria de un congreso extraordinario. Su argumento: Vox necesita \u00abdemocratizarse\u00bb y abandonar lo que consideran una \u00abderiva excluyente\u00bb impuesta desde la direcci\u00f3n.<\/p>\n<p>El punto de ruptura, si hay que situarlo, se remonta a agosto de 2023. Espinosa de los Monteros anunci\u00f3 entonces que no recoger\u00eda su acta de diputado alegando \u00abmotivos personales y familiares\u00bb. Sin embargo, su salida se interpret\u00f3 como la consecuencia de una batalla interna que hab\u00eda perdido. El sector liberal-conservador que representaba qued\u00f3 progresivamente desplazado frente al ala m\u00e1s identitaria y proteccionista, encabezada por Jorge Buxad\u00e9 e Ignacio Garriga. Desde entonces, <strong>numerosos perfiles afines a Espinosa han ido abandonando la formaci\u00f3n de manera paulatina.<\/strong><\/p>\n<p>Pero el malestar no se limita a su entorno. Detr\u00e1s existe un frente cr\u00edtico m\u00e1s amplio, con nombres de peso en la historia del partido. Entre ellos destaca <strong>Javier Ortega Smith<\/strong>. El exsecretario general y actual portavoz de Vox en el Ayuntamiento de Madrid lleva tiempo alejado del n\u00facleo de poder org\u00e1nico y, en los \u00faltimos meses, ha deslizado cr\u00edticas sobre la falta de debate interno. Su sinton\u00eda con los firmantes del manifiesto no ha pasado desapercibida. A ese bloque se suman tambi\u00e9n <strong>Juan Garc\u00eda-Gallardo<\/strong> y <strong>Jos\u00e9 \u00c1ngel Antelo<\/strong>. Ambos encarnan el creciente hartazgo de parte de las estructuras provinciales ante lo que muchos describen como un partido cada vez m\u00e1s centralizado, con decisiones adoptadas desde Madrid y escaso margen para el debate interno.<\/p>\n","protected":false},"excerpt":{"rendered":"Ruptura definitiva entre Iv\u00e1n Espinosa de los Monteros y Vox. El ex portavoz parlamentario ha anunciado este mi\u00e9rcoles&hellip;\n","protected":false},"author":2,"featured_media":636475,"comment_status":"","ping_status":"","sticky":false,"template":"","format":"standard","meta":{"footnotes":""},"categories":[8],"tags":[17,18,25,24,3193,13,14,11,43570,19,20,9,10,15,16,957,1670,6914,23,12,21,22,624],"class_list":["post-636474","post","type-post","status-publish","format-standard","has-post-thumbnail","category-espana","tag-breaking-news","tag-breakingnews","tag-es","tag-espana","tag-expulsion","tag-featured-news","tag-featurednews","tag-headlines","tag-ivan-espinosa-de-los-monteros","tag-latest-news","tag-latestnews","tag-news","tag-noticias","tag-noticias-destacadas","tag-noticiasdestacadas","tag-partidos-politicos","tag-politicos","tag-santiago-abascal","tag-spain","tag-titulares","tag-ultimas-noticias","tag-ultimasnoticias","tag-vox"],"share_on_mastodon":{"url":"","error":""},"_links":{"self":[{"href":"https:\/\/www.europesays.com\/es\/wp-json\/wp\/v2\/posts\/636474","targetHints":{"allow":["GET"]}}],"collection":[{"href":"https:\/\/www.europesays.com\/es\/wp-json\/wp\/v2\/posts"}],"about":[{"href":"https:\/\/www.europesays.com\/es\/wp-json\/wp\/v2\/types\/post"}],"author":[{"embeddable":true,"href":"https:\/\/www.europesays.com\/es\/wp-json\/wp\/v2\/users\/2"}],"replies":[{"embeddable":true,"href":"https:\/\/www.europesays.com\/es\/wp-json\/wp\/v2\/comments?post=636474"}],"version-history":[{"count":0,"href":"https:\/\/www.europesays.com\/es\/wp-json\/wp\/v2\/posts\/636474\/revisions"}],"wp:featuredmedia":[{"embeddable":true,"href":"https:\/\/www.europesays.com\/es\/wp-json\/wp\/v2\/media\/636475"}],"wp:attachment":[{"href":"https:\/\/www.europesays.com\/es\/wp-json\/wp\/v2\/media?parent=636474"}],"wp:term":[{"taxonomy":"category","embeddable":true,"href":"https:\/\/www.europesays.com\/es\/wp-json\/wp\/v2\/categories?post=636474"},{"taxonomy":"post_tag","embeddable":true,"href":"https:\/\/www.europesays.com\/es\/wp-json\/wp\/v2\/tags?post=636474"}],"curies":[{"name":"wp","href":"https:\/\/api.w.org\/{rel}","templated":true}]}}