{"id":63651,"date":"2025-08-22T01:26:11","date_gmt":"2025-08-22T01:26:11","guid":{"rendered":"https:\/\/www.europesays.com\/es\/63651\/"},"modified":"2025-08-22T01:26:11","modified_gmt":"2025-08-22T01:26:11","slug":"minuto-a-minuto-boric-despide-a-ministros-salientes-y-finaliza-cambio-de-gabinete-la-tercera","status":"publish","type":"post","link":"https:\/\/www.europesays.com\/es\/63651\/","title":{"rendered":"Minuto a minuto| Boric despide a ministros salientes y finaliza cambio de gabinete &#8211; La Tercera"},"content":{"rendered":"<ol>\n<li><a href=\"https:\/\/news.google.com\/rss\/articles\/CBMihAFBVV95cUxQYlZqdEc2UzZZOEtQMUZON0lJWHFWMGFrbjhyRnRNczRNZVZkRFJGaWl1VGNlbXdkYnA1ZXlvVGlTUjF2UV9RZGJtUnFRYXRjSFFMNzROaWpIeWEtOVlvU1dsVFNqU1pWT04zblZQZ1k5T3I2SEhfNUhxSElkUXVLR1c2TFrSAaYBQVVfeXFMTnA5dmpFd3llWlZkTl9zcVllM0FxUER2c2p5X3FGRUV2aWdCS0lvaDEwbTdpYVFkX21vN29LZUNrZ0hFLVh6YVZUZUtNV20tejc4VWE5MEJzU1RreE43R2dWQTFoZERpN3ItS0E5OUtHRUlSWXExeGQxZlgzbnFzNXhibUkxcEw1WG83N3lxZElyVWwwd1hGbFJMdTN0VlpROVZlUzVndw?oc=5\" target=\"_blank\" rel=\"nofollow noopener\">Minuto a minuto| Boric despide a ministros salientes y finaliza cambio de gabinete<\/a>&nbsp;&nbsp;La Tercera<\/li>\n<li><a href=\"https:\/\/news.google.com\/rss\/articles\/CBMi5wFBVV95cUxOVlRpSEgza012ZEdXTDh1RnVmeENBTGxoNV9RanE3SlAydllrd1NVVkp6UHJQQmw4aDdyUGZoWHZTNWxzZzJKcTFsZVdSRjZDdXN0OXZmVFlxbEVFTWk0eFNaTnRVRkV5RGxRWWNhUk1qb3ZrRWRlaTVDc0RkdWpTUEZ0TTVYMjhFNVlORXpXeHlGRmtSZU5yUTV6ZE9iWDFJUjgyYl9JUkt3ajlPSm5YZkFyNmxleWhINDVFeUVxYlJZQVhpU0hlSURxWkZpczhfWkI2VVoxMFZkeDk1Wkc3Z3lGekxpblk?oc=5\" target=\"_blank\" rel=\"nofollow noopener\">Renuncia sorpresivamente Mario Marcel, el ministro de Hacienda de Boric, a menos de siete meses del fin del Gobierno<\/a>&nbsp;&nbsp;EL PA\u00cdS<\/li>\n<li><a href=\"https:\/\/news.google.com\/rss\/articles\/CBMingFBVV95cUxPREJ1OVdzTVN6WXRzUjhxVF9BcllFQXZyRFpGVUppcEE5eHdrbFBqYktaS0RYa3Z6UGdhN1JWUGxyeXVrVE0xN2VJQTVUcjlYcXFKNldRb0xVZjIta3Q1V0twd3lJS3Z3elhRR2xPNFdGdFBZZGo1YXBnV24wODBvdmpreU14RWJhbERLY3pkS1hKb0JBU3lzeDY3clFrZw?oc=5\" target=\"_blank\" rel=\"nofollow noopener\">Gabriel Boric nombra a Nicol\u00e1s Grau nuevo ministro de Hacienda tras la salida de Mario Marcel<\/a>&nbsp;&nbsp;ABC<\/li>\n<li><a href=\"https:\/\/news.google.com\/rss\/articles\/CBMixgFBVV95cUxQaUIxVHMyMUJmTUJGQzlVZ0dWUUxIZ08td3pWRlNiY1ZsU1V4QTNFTDNKZE8zcVVDeEloRXBlMzl0clNabG1aYm8yU1pubE1KSUxkV2REYVN6aVNuT1ZFbDNqeDgyME1MZk0xdmpzRXVsdVBDM0RzRHNLWXlRUmdzOEZCMHhDakthYjZpYUQyTWNUWWk3YnpqZE04TDE1eTVLNjNKbFJHYnRYNEtLQW1BUk5ZV25vT1Q0TFh1OXc0S05lcHN3b2c?oc=5\" target=\"_blank\" rel=\"nofollow noopener\">Dimite el ministro chileno de Hacienda, figura clave de Boric, horas antes de un cambio de gabinete<\/a>&nbsp;&nbsp;elDiario.es<\/li>\n<li><a href=\"https:\/\/news.google.com\/rss\/articles\/CBMitwFBVV95cUxNNERKX1kwbm0tcWVTXzdzOE9kTWxVSEdnOFlwdmlNZ0VOOW83RF85MHBIMUVUNU9CRV9NZnd2WGFlZHVVS3gwN3NFS0JyYkNlbE5VeWc4UHhUOUFoNkJIazREZTBsUHR6UWdnemRNMWVHeVhDSlRVclhXM0hkYWNFMExpdmlpNUpXYWZqVVg2MmNWaW0waF9UWmRHTnY2X0tPTl9Hb3NEclYwaGVfZFBlMExmeDJUWDDSAdgBQVVfeXFMTV9ITXdYclBESnBEdEZQaXhpSG9VbF9SbW1KYUtlYTc4dG12OEY0OXEydkxybndvaWZVYkhBM2hnMUwtZ1ZLa1JRY1NTVDdMMGZ5bndDTkdqWXdjQkFSQlJZeHVJUmo5bEhjeTFwX2ZpeTc4Vlc2S1BhQS1mUFVuSnRMTFUxWTFMOURJbmtOZjdWV0FDd295WDVRMGsyMzhaMjlMellPT2ltQ3NLWkFSYjhBWHJlNVJuaThhb0dkeS1HYzJRY2h6UXRQSEJIQXBWSV9QeE9nT3Yz?oc=5\" target=\"_blank\" rel=\"nofollow noopener\">Cambio de Gabinete: Nicol\u00e1s Grau asume en Hacienda y \u00c1lvaro Garc\u00eda en Econom\u00eda<\/a>&nbsp;&nbsp;La Tercera<\/li>\n<\/ol>\n","protected":false},"excerpt":{"rendered":"Minuto a minuto| Boric despide a ministros salientes y finaliza cambio de gabinete&nbsp;&nbsp;La Tercera Renuncia sorpresivamente Mario Marcel,&hellip;\n","protected":false},"author":2,"featured_media":63652,"comment_status":"","ping_status":"","sticky":false,"template":"","format":"standard","meta":{"footnotes":""},"categories":[42],"tags":[17,18,26176,13,14,10204,11,61,62,63,64,19,20,26175,9,10,15,16,12,21,22,65,66,67],"class_list":{"0":"post-63651","1":"post","2":"type-post","3":"status-publish","4":"format-standard","5":"has-post-thumbnail","7":"category-internacional","8":"tag-breaking-news","9":"tag-breakingnews","10":"tag-cambio-de-gabinete","11":"tag-featured-news","12":"tag-featurednews","13":"tag-gabriel-boric","14":"tag-headlines","15":"tag-internacional","16":"tag-international","17":"tag-international-news","18":"tag-internationalnews","19":"tag-latest-news","20":"tag-latestnews","21":"tag-mario-marcel","22":"tag-news","23":"tag-noticias","24":"tag-noticias-destacadas","25":"tag-noticiasdestacadas","26":"tag-titulares","27":"tag-ultimas-noticias","28":"tag-ultimasnoticias","29":"tag-world","30":"tag-world-news","31":"tag-worldnews"},"share_on_mastodon":{"url":"","error":""},"_links":{"self":[{"href":"https:\/\/www.europesays.com\/es\/wp-json\/wp\/v2\/posts\/63651","targetHints":{"allow":["GET"]}}],"collection":[{"href":"https:\/\/www.europesays.com\/es\/wp-json\/wp\/v2\/posts"}],"about":[{"href":"https:\/\/www.europesays.com\/es\/wp-json\/wp\/v2\/types\/post"}],"author":[{"embeddable":true,"href":"https:\/\/www.europesays.com\/es\/wp-json\/wp\/v2\/users\/2"}],"replies":[{"embeddable":true,"href":"https:\/\/www.europesays.com\/es\/wp-json\/wp\/v2\/comments?post=63651"}],"version-history":[{"count":0,"href":"https:\/\/www.europesays.com\/es\/wp-json\/wp\/v2\/posts\/63651\/revisions"}],"wp:featuredmedia":[{"embeddable":true,"href":"https:\/\/www.europesays.com\/es\/wp-json\/wp\/v2\/media\/63652"}],"wp:attachment":[{"href":"https:\/\/www.europesays.com\/es\/wp-json\/wp\/v2\/media?parent=63651"}],"wp:term":[{"taxonomy":"category","embeddable":true,"href":"https:\/\/www.europesays.com\/es\/wp-json\/wp\/v2\/categories?post=63651"},{"taxonomy":"post_tag","embeddable":true,"href":"https:\/\/www.europesays.com\/es\/wp-json\/wp\/v2\/tags?post=63651"}],"curies":[{"name":"wp","href":"https:\/\/api.w.org\/{rel}","templated":true}]}}