{"id":636599,"date":"2026-07-02T01:45:19","date_gmt":"2026-07-02T01:45:19","guid":{"rendered":"https:\/\/www.europesays.com\/es\/636599\/"},"modified":"2026-07-02T01:45:19","modified_gmt":"2026-07-02T01:45:19","slug":"la-comunidad-arqueologica-se-vuelca-en-defensa-de-juan-cabre-y-recopolis-cultura","status":"publish","type":"post","link":"https:\/\/www.europesays.com\/es\/636599\/","title":{"rendered":"La comunidad arqueol\u00f3gica se vuelca en defensa de Juan Cabr\u00e9 y Rec\u00f3polis | Cultura"},"content":{"rendered":"<p class=\"\">La posibilidad de que Juan Cabr\u00e9, uno de los grandes arque\u00f3logos de mediados del siglo XX y padre de la fotograf\u00eda arqueol\u00f3gica, colocase 90 monedas de oro en la iglesia de la ciudad visigoda de Rec\u00f3polis (Zorita de los Canes, Guadalajara) para confirmar su construcci\u00f3n por el rey Leovigildo ha conmocionado al colectivo de expertos. El estudio, <a href=\"https:\/\/elpais.com\/cultura\/2026-07-01\/un-experto-del-csic-destapa-un-cataclismo-historiografico-al-descubrir-que-el-tesoro-visigodo-de-recopolis-es-falso.html\" target=\"_self\" rel=\"nofollow noopener\" title=\"https:\/\/elpais.com\/cultura\/2026-07-01\/un-experto-del-csic-destapa-un-cataclismo-historiografico-al-descubrir-que-el-tesoro-visigodo-de-recopolis-es-falso.html\">que hoy adelant\u00f3 EL PA\u00cdS<\/a> y que aparece en el <a href=\"https:\/\/aeam.es\/category\/boletin-de-arqueologia-medieval\/\" target=\"_self\" rel=\"nofollow noopener\" title=\"https:\/\/aeam.es\/category\/boletin-de-arqueologia-medieval\/\">Bolet\u00edn de Arqueolog\u00eda Medieval,<\/a> firmado por el arque\u00f3logo y experto del CSIC Fernando Arce, ha provocado una cascada de reacciones, fundamentalmente en contra de esta tesis. <\/p>\n<p>M\u00e1s informaci\u00f3n<\/p>\n<p class=\"\">Jorge Mor\u00edn, uno de los mayores especialistas del mundo visigodo de Espa\u00f1a y director del Departamento de Arqueolog\u00eda de la <a href=\"https:\/\/www.audema.com\/\" target=\"_self\" rel=\"nofollow noopener\" title=\"https:\/\/www.audema.com\/\">consultora Audema<\/a>, se muestra indignado: \u201cPero \u00bfc\u00f3mo va a meter 90 monedas de oro Cabr\u00e9 para demostrar la existencia de Rec\u00f3polis? \u00bfEstamos locos? Cabr\u00e9 no era rico. \u00bfC\u00f3mo iba a gastarse varios millones de euros, que es lo que vale ahora el conjunto y lo que val\u00eda en su momento? Es completamente absurdo. Adem\u00e1s, el nivel donde encontr\u00f3 las monedas es plenamente godo, no medieval como dice el art\u00edculo de Arce\u201d.<\/p>\n<p class=\"\">Mor\u00edn afirma que el especialista del CSIC forma parte de \u201cuna secta de talibanes con poder en la revista\u201d. \u201cY yo, como no trago, he sido cancelado durante diez a\u00f1os. Me hundieron mi carrera cient\u00edfica. Ese es el nivel\u201d, asegura. <\/p>\n<p class=\"\">El arque\u00f3logo recuerda <a href=\"https:\/\/elpais.com\/cultura\/2021-05-31\/los-dioses-del-santuario-celtibero-saqueado-reclaman-proteccion.html\" target=\"_self\" rel=\"nofollow noopener\" title=\"https:\/\/elpais.com\/cultura\/2021-05-31\/los-dioses-del-santuario-celtibero-saqueado-reclaman-proteccion.html\">que Cabr\u00e9 es \u201cel creador de la arqueolog\u00eda<\/a> moderna\u201d y que la \u00fanica memoria arqueol\u00f3gica de Zorita de los Canes es de \u00e9l. \u201cLos muertos que aparecieron <a href=\"https:\/\/elpais.com\/diario\/2005\/04\/22\/madrid\/1114169078_850215.html\" target=\"_self\" rel=\"nofollow noopener\" title=\"https:\/\/elpais.com\/diario\/2005\/04\/22\/madrid\/1114169078_850215.html\">en Melque <\/a>[complejo mon\u00e1stico godo en Toledo], Arce y su equipo los dejaron abandonados en la Universidad Complutense. Un t\u00edo sin prestigio arqueol\u00f3gico alguno est\u00e1 intentando laminar la figura de Cabr\u00e9, que hizo una excavaci\u00f3n de Rec\u00f3polis impecable\u201d. <\/p>\n<p><img alt=\"\" decoding=\"auto\" class=\"_re lazyload a_m-h\" height=\"233\"  width=\"414\"  src=\"https:\/\/www.europesays.com\/es\/wp-content\/uploads\/2026\/07\/DBJAMUCL3FD75OVBLBMTU74OLE.png\" loading=\"lazy\" fetchpriority=\"low\"\/>Tesoro de Rec\u00f3polis, en una imagen del Museo Arqueol\u00f3gico Nacional.MAN<\/p>\n<p class=\"\"><a href=\"https:\/\/elpais.com\/cultura\/2023-06-15\/la-investigacion-sobre-la-enigmatica-cultura-de-el-argar-gana-el-premio-palarq-de-arqueologia.html\" target=\"_self\" rel=\"nofollow noopener\" title=\"https:\/\/elpais.com\/cultura\/2023-06-15\/la-investigacion-sobre-la-enigmatica-cultura-de-el-argar-gana-el-premio-palarq-de-arqueologia.html\">Vicente Lull,<\/a> catedr\u00e1tico de Prehistoria de la Universidad Aut\u00f3noma de Barcelona, no es tan tajante. \u201cNo me extra\u00f1ar\u00eda que Cabr\u00e9 metiese las monedas, siempre ha habido rumores, rumores que afectan a la mayor\u00eda de los arque\u00f3logos de aquella \u00e9poca de mediados del XX\u201d. Lull no cree, sin embargo, que Cabr\u00e9 comprase las monedas, sino que las encontr\u00f3 en otra parte y las recoloc\u00f3. \u201cTodo era turbio en aquellos a\u00f1os. Siempre hubo rumores, pero son rumores que afectan a la mayor\u00eda de los arque\u00f3logos de principios del XX\u201d, admite. <\/p>\n<p class=\"\">La tambi\u00e9n arque\u00f3loga <a href=\"https:\/\/www.arqueologas.es\/publicaciones-2020-23\/\" target=\"_self\" rel=\"nofollow noopener\" title=\"https:\/\/www.arqueologas.es\/publicaciones-2020-23\/\">Isabel Baquedano,<\/a> jefa del \u00c1rea de Protecci\u00f3n del Patrimonio de la Direcci\u00f3n General de Patrimonio Cultural de la Comunidad de Madrid y <a href=\"https:\/\/elpais.com\/cultura\/2019\/03\/03\/actualidad\/1551642391_127330.html\" target=\"_self\" rel=\"nofollow noopener\" title=\"https:\/\/elpais.com\/cultura\/2019\/03\/03\/actualidad\/1551642391_127330.html\">bi\u00f3grafa de Encarnaci\u00f3n Cabr\u00e9,<\/a> hija de Juan Cabr\u00e9, muestra su total enojo ante el estudio de Fernando Arce. \u201cCabr\u00e9 jam\u00e1s, jam\u00e1s, habr\u00eda comprado 90 monedas de oro. Y si hubiese podido hacer que se comprasen, ser\u00edan para el Museo Arqueol\u00f3gico Nacional, no para falsear una excavaci\u00f3n\u201d. \u201cEl informe de Arce es una verg\u00fcenza, lleno de inexactitudes y mentiras. Puede ser por ignorancia o por algo peor, como tapar su incompetencia para poner verde a los dem\u00e1s. Cabr\u00e9 excav\u00f3 Rec\u00f3polis los \u00faltimos a\u00f1os de su vida. Lo mucho o poco que se sabe de Rec\u00f3polis es por \u00e9l. Era un hombre decente, impecable. Todas las cosas que excavaba las restauraba para que la gente las pudiera ver. Y no estos se\u00f1ores [Arce y Luis Caballero], cuyos trabajos en Melque no se pueden conocer, porque han hecho tres sondeos de mierda, los han tapado y se acab\u00f3. Estamos esperando la memoria y la entrega de materiales, que no han hecho\u201d. <\/p>\n<p><img alt=\"\" decoding=\"auto\" class=\"_re lazyload a_m-h\" height=\"276\"  width=\"414\"  src=\"https:\/\/www.europesays.com\/es\/wp-content\/uploads\/2026\/07\/V4LYJWQTBHMXL5HAJJHB34D2GY.jpg\" loading=\"lazy\" fetchpriority=\"low\"\/>Restos de la bas\u00edlica de Rec\u00f3polis.Junta de Comunidades de Castilla-La Mancha<\/p>\n<p class=\"\">Por su parte, Fernando Arce asegura que \u00e9l no ha sido nunca director de la investigaci\u00f3n de Melque, sino Luis Caballero, investigador del CSIC, que se jubil\u00f3 hace unos a\u00f1os. \u201cY siempre ha tenido el pesar de que no se publicara una memoria en condiciones. No la publica porque est\u00e1 jubilado y a otras cosas\u201d.<\/p>\n<p class=\"\">Jos\u00e9 Soto Chica, investigador del Departamento de Historia Medieval de la Universidad de Granada y autor del best seller <a href=\"https:\/\/elpais.com\/babelia\/2020-11-01\/todo-comenzo-con-los-godos.html\" target=\"_self\" rel=\"nofollow noopener\" title=\"https:\/\/elpais.com\/babelia\/2020-11-01\/todo-comenzo-con-los-godos.html\">Visigodos. Hijos de un dios furioso,<\/a> sostiene que \u201cindependientemente de que se d\u00e9 o no cr\u00e9dito a que Cabr\u00e9 haya ocultado el tesoro, lo cierto es que las excavaciones han demostrado que eso es Rec\u00f3polis sin ninguna duda\u201d. \u201cEst\u00e1 donde sabemos que ten\u00eda que estar y porque el aparato urban\u00edstico, incluido el palacio, que es un gui\u00f1o a la arquitectura bizantina, y su hidr\u00e1ulica al lado del Tajo, lo demuestran. Es una capital palatina indubitablemente, la que fundo Leovigildo. Yo no s\u00e9 si hubo mala praxis por parte de Cabr\u00e9, no es la primera vez que se hace, pero eso es Rec\u00f3polis. La calidad de los edificios y de las estructura urbanas lo confirman\u201d, explica. <\/p>\n<p class=\"\"><a href=\"https:\/\/www.ucm.es\/preharq-hantigua\/rafael-barroso\" target=\"_self\" rel=\"nofollow noopener\" title=\"https:\/\/www.ucm.es\/preharq-hantigua\/rafael-barroso\">Rafael Barroso<\/a>, investigador de la Universidad Complutense de Madrid, muestra su indignaci\u00f3n ante el informe de Arce: \u201cEsto es un desprop\u00f3sito sumado a otros muchos. Es un desastre total\u201d. Barroso afirma que Arce ha interpretado mal el yacimiento. \u201cLa bas\u00edlica cristiana donde se hall\u00f3 el tesoro era, al principio, un edificio destinado a cuestiones fiscales, porque era una ciudad fundada con sentido imperial. Rec\u00f3polis significaba la ciudad del rey, aunque luego termin\u00f3 aplic\u00e1ndose a Recaredo, la ciudad de Recaredo\u201d, cuenta. <\/p>\n<p class=\"\">Cuando Recaredo se convierte al catolicismo en el a\u00f1o 589 y deja el arrianismo, explica Barroso, \u201cel edificio se transforma en bas\u00edlica cristiana. Se construye el baptisterio donde se esconde el tesoro, lo cual no es extra\u00f1o, ya que hay otros yacimientos godos donde pasa igual. No hay monedas de Recaredo porque es algo simb\u00f3lico. Los godos se hab\u00edan convertido al catolicismo y retiran todas las monedas anteriores, cuando eran arrianos. Es una forma simb\u00f3lica de enterrar el pasado\u201d. <\/p>\n<p class=\"\">Barroso, como otros investigadores consultados, insiste en que Cabr\u00e9 no ten\u00eda dinero para comprar 90 monedas de oro. \u201cEs absurdo, es muy fuerte y llueve sobre mojado. La arqueolog\u00eda de \u00e9poca visigoda est\u00e1 secuestrada por el CSIC y cada vez dicen tonter\u00edas m\u00e1s gordas\u201d. <\/p>\n<p class=\"\">Este peri\u00f3dico no ha podido obtener la versi\u00f3n del <a href=\"https:\/\/www.man.es\/man\/home.html\" target=\"_self\" rel=\"nofollow noopener\" title=\"https:\/\/www.man.es\/man\/home.html\">Museo Arqueol\u00f3gico Naciona<\/a>l. Por su parte, el peri\u00f3dico <a href=\"https:\/\/nuevaalcarria.com\/articulos\/recopolis-defiende-cientificamente-la-autenticidad-de-su-tesoro-visigodo\" target=\"_self\" rel=\"nofollow noopener\" title=\"https:\/\/nuevaalcarria.com\/articulos\/recopolis-defiende-cientificamente-la-autenticidad-de-su-tesoro-visigodo\">Nueva Alcarria<\/a> recoge en una informaci\u00f3n de hoy que \u201clos responsables cient\u00edficos de las excavaciones de Rec\u00f3polis han rechazado de forma contundente las acusaciones que cuestionan la autenticidad del tesoro visigodo hallado en el yacimiento en 1945 y han defendido la solidez cient\u00edfica de uno de los enclaves arqueol\u00f3gicos m\u00e1s importantes de la Hispania visigoda\u201d. <\/p>\n<p class=\"\">El arque\u00f3logo Manuel Castro, codirector junto a <a href=\"https:\/\/elpais.com\/cultura\/2019\/06\/26\/actualidad\/1561559568_607219.html\" target=\"_self\" rel=\"nofollow noopener\" title=\"https:\/\/elpais.com\/cultura\/2019\/06\/26\/actualidad\/1561559568_607219.html\">Lauro Olmo<\/a> de los trabajos de investigaci\u00f3n desarrollados por la Universidad de Alcal\u00e1, asegura que las tesis difundidas recientemente sobre un supuesto fraude \u201cno est\u00e1n contrastadas\u201d y sostiene que \u201cno hay ninguna duda de que Rec\u00f3polis es Rec\u00f3polis\u201d. \u201cNo hay ninguna falsificaci\u00f3n, ni Cabr\u00e9 mete el tesoro en ning\u00fan sitio, ni nada de esto. El tesoro es un tesoro fundacional y apareci\u00f3 debajo del suelo de la iglesia\u201c, asevera.<\/p>\n<p class=\"\">Por su parte, Lauro Olmo se echa las manos a la cabeza: \u201cCabr\u00e9 fue un represaliado, un depurado. \u00bfDe d\u00f3nde va a sacar dinero para comprar 90 monedas de oro? Es indigno. Ya quisiera Cabr\u00e9 tener dinero para comprarse un tesoro en aquella Espa\u00f1a del a\u00f1o 45. No se puede manchar su figura. Es un desprop\u00f3sito\u2033. <\/p>\n<p class=\"\">El arque\u00f3logo<a href=\"https:\/\/elpais.com\/diario\/1996\/08\/09\/madrid\/839589867_850215.html\" target=\"_self\" rel=\"nofollow noopener\" title=\"https:\/\/elpais.com\/diario\/1996\/08\/09\/madrid\/839589867_850215.html\"> Manuel Retuerce<\/a>, miembro de consejo editorial (tesorero) de la revista Bolet\u00edn de Arqueolog\u00eda Medieval, donde se public\u00f3 el informe de Arce, se\u00f1ala: \u201cNo tenemos pares ciegos [mecanismo de comprobaci\u00f3n de los art\u00edculos]. No vamos a censurar a nadie. Si alguien no est\u00e1 de acuerdo, que conteste. No publicar esto significa censura. Punto\u201d.<\/p>\n","protected":false},"excerpt":{"rendered":"La posibilidad de que Juan Cabr\u00e9, uno de los grandes arque\u00f3logos de mediados del siglo XX y padre&hellip;\n","protected":false},"author":2,"featured_media":636600,"comment_status":"","ping_status":"","sticky":false,"template":"","format":"standard","meta":{"footnotes":""},"categories":[8],"tags":[16227,17,18,209,51105,25,24,13,14,16229,11,19,20,117750,117748,9,10,15,16,23,12,21,22,117749],"class_list":["post-636599","post","type-post","status-publish","format-standard","has-post-thumbnail","category-espana","tag-arqueologia","tag-breaking-news","tag-breakingnews","tag-cultura","tag-descubrimientos-arqueologicos","tag-es","tag-espana","tag-featured-news","tag-featurednews","tag-hallazgos-arqueologicos","tag-headlines","tag-latest-news","tag-latestnews","tag-lauro-olmo","tag-melque-de-cercos","tag-news","tag-noticias","tag-noticias-destacadas","tag-noticiasdestacadas","tag-spain","tag-titulares","tag-ultimas-noticias","tag-ultimasnoticias","tag-zorita-de-los-canes"],"share_on_mastodon":{"url":"https:\/\/pubeurope.com\/@es\/116847858709961063","error":""},"_links":{"self":[{"href":"https:\/\/www.europesays.com\/es\/wp-json\/wp\/v2\/posts\/636599","targetHints":{"allow":["GET"]}}],"collection":[{"href":"https:\/\/www.europesays.com\/es\/wp-json\/wp\/v2\/posts"}],"about":[{"href":"https:\/\/www.europesays.com\/es\/wp-json\/wp\/v2\/types\/post"}],"author":[{"embeddable":true,"href":"https:\/\/www.europesays.com\/es\/wp-json\/wp\/v2\/users\/2"}],"replies":[{"embeddable":true,"href":"https:\/\/www.europesays.com\/es\/wp-json\/wp\/v2\/comments?post=636599"}],"version-history":[{"count":0,"href":"https:\/\/www.europesays.com\/es\/wp-json\/wp\/v2\/posts\/636599\/revisions"}],"wp:featuredmedia":[{"embeddable":true,"href":"https:\/\/www.europesays.com\/es\/wp-json\/wp\/v2\/media\/636600"}],"wp:attachment":[{"href":"https:\/\/www.europesays.com\/es\/wp-json\/wp\/v2\/media?parent=636599"}],"wp:term":[{"taxonomy":"category","embeddable":true,"href":"https:\/\/www.europesays.com\/es\/wp-json\/wp\/v2\/categories?post=636599"},{"taxonomy":"post_tag","embeddable":true,"href":"https:\/\/www.europesays.com\/es\/wp-json\/wp\/v2\/tags?post=636599"}],"curies":[{"name":"wp","href":"https:\/\/api.w.org\/{rel}","templated":true}]}}