{"id":636605,"date":"2026-07-02T01:54:24","date_gmt":"2026-07-02T01:54:24","guid":{"rendered":"https:\/\/www.europesays.com\/es\/636605\/"},"modified":"2026-07-02T01:54:24","modified_gmt":"2026-07-02T01:54:24","slug":"las-opciones-de-valencia-basket-para-sustituir-a-pedro-martinez","status":"publish","type":"post","link":"https:\/\/www.europesays.com\/es\/636605\/","title":{"rendered":"Las opciones de Valencia Basket para sustituir a Pedro Mart\u00ednez"},"content":{"rendered":"<p class=\"ft-text\">Salvo giro inesperado, <a class=\"ft-link ft-link--decoration themonetise\" href=\"https:\/\/www.superdeporte.es\/valencia-basket\/2026\/06\/30\/motivos-pedro-martinez-irse-madrid-valenciabasket-mercado-131964152.html\" rel=\"nofollow sponsored noopener\" target=\"_blank\">Pedro Mart\u00ednez va a dejar de ser el entrenador de Valencia Basket en las pr\u00f3ximas horas<\/a>. El t\u00e9cnico catal\u00e1n, el mejor de la historia del conjunto taronja, va a poner rumbo al Real Madrid una vez el conjunto blanco haga efectivo el pago de su cl\u00e1usula. <strong>Pedro, que tambi\u00e9n ten\u00eda sobre la mesa una oferta de Valencia BC para mejorar sustancialmente su contrato, ha tomado finalmente la decisi\u00f3n de aceptar la propuesta del Madrid y cambiar de aires<\/strong>.<\/p>\n<p class=\"ft-text\"><a class=\"ft-link ft-link--decoration themonetise\" href=\"https:\/\/www.superdeporte.es\/valencia-basket\/2026\/06\/30\/pedro-martinez-valencia-basket-opinion-francesco-totti-roma-real-madrid-131967985.html\" rel=\"nofollow sponsored noopener\" target=\"_blank\">El golpe para el conjunto taronja es de los que duelen y mucho<\/a>, pero el club no para ni por nada ni por nadie y desde ya el objetivo es buscar al mejor sustituto posible para el mejor entrenador de la historia del club, o por lo menos al m\u00e1s exitoso. <strong>Valencia Basket, que sigue esperando a recibir el &#8216;buy out&#8217; del Real Madrid para llevarse a Pedro, ya medita las mejores opciones para asumir el mando de la plantilla de cara a la pr\u00f3xima temporada. <\/strong><\/p>\n<p>Xavi Albert, v\u00eda continuista<\/p>\n<p class=\"ft-text\"><strong>Sobre la mesa y <\/strong><a class=\"ft-link ft-link--decoration themonetise\" href=\"https:\/\/www.superdeporte.es\/valencia-basket\/2024\/05\/29\/xavi-albert-volvera-antiguo-puesto-pedro-martinez-valencia-basket-103064421.html\" rel=\"nofollow sponsored noopener\" target=\"_blank\"><strong>con mucha fuerza est\u00e1 la opci\u00f3n de Xavi Albert<\/strong><\/a><strong>. El que hasta ahora era el primer asistente de Pedro Mart\u00ednez es la v\u00eda continuista que maneja el club. A su favor est\u00e1 que conoce perfectamente a la plantilla<\/strong>, o por lo menos a lo que va a quedar de ella, y el estilo de juego por el que quiere seguir apostando el club independiente de la salida de Pedro. Xavi, adem\u00e1s, ya dirigi\u00f3 al primer equipo en el tramo final de la temporada 2023\/24 cuando fue destituido \u00c1lex Mumbr\u00fa tras un a\u00f1o muy complicado, completando un buen trabajo.<\/p>\n<p><img decoding=\"async\" src=\"https:\/\/www.europesays.com\/es\/wp-content\/uploads\/2026\/07\/08c4a5d9-fa93-467c-b3ee-aa4ab47972c6_alta-libre-aspect-ratio_default_0_x903y401.jpg\" width=\"1200\" height=\"800\" alt=\"Xavi Albert\" class=\"ft-helper-img-rd\" loading=\"lazy\" fetchpriority=\"auto\"\/><\/p>\n<p class=\"ft-helper-fontColor-quaternary ft-helper-fontSize-body-S ft-helper-spacer-t-xxs\">Xavi Albert  \/ Miguel \u00c1ngel Polo \/ EFE<\/p>\n<p class=\"ft-text\">Ahora asumir\u00eda las riendas del equipo dos a\u00f1os despu\u00e9s, con m\u00e1s experiencia y habi\u00e9ndose empapado todav\u00eda m\u00e1s del estilo de juego por el que apuesta el club. Los jugadores le conocen, le respetan y <strong>ser\u00eda la mejor manera de dar continuidad de alguna forma a la hist\u00f3rica temporada que ha completado Valencia Basket.<\/strong> Aunque a d\u00eda de hoy no hay nada cerrado, es la opci\u00f3n con m\u00e1s fuerza. <\/p>\n<p>Sobresaliente ante Panathinaikos<\/p>\n<p class=\"ft-text\">Adem\u00e1s de su experiencia a final de la temporada 23\/24, Xavi Albert tambi\u00e9n hizo de primer entrenador de Valencia Basket esta misma temporada. Fue en Atenas, en el OAKA, en el tercer partido de la ag\u00f3nica serie ante Panathinaikos. Pedro Mart\u00ednez y Ataman terminaron expulsados tras su enganch\u00f3n y <strong>Xavi Albert asumi\u00f3 las riendas del partido en la segunda parte. El resultado fue positivo porque Valencia Basket sum\u00f3 la primera victoria<\/strong> de lo que a la postre ser\u00eda una remontada hist\u00f3rica.<\/p>\n<p>Salir al mercado: \u00bfOpci\u00f3n Ocampo?<\/p>\n<p class=\"ft-text\">La otra opci\u00f3n es salir al mercado en busca de un nombre m\u00e1s contrastado como primer entrenador. El mercado de fichajes acaba de comenzar y ahora mismo el abanico de opciones todav\u00eda es relativamente amplio, aunque <strong>si el club se decide finalmente por esta v\u00eda tendr\u00e1 que busca un perfil que cumpla con el estilo de juego valiente, r\u00e1pido y moderno<\/strong> que ha reiterado en varias ocasiones que quiere desempe\u00f1ar. <\/p>\n<p><img decoding=\"async\" src=\"https:\/\/www.europesays.com\/es\/wp-content\/uploads\/2026\/07\/46d52274-52e5-48c4-a23a-9b119e7b49dc_alta-libre-aspect-ratio_default_0_x1000y444.jpg\" width=\"1200\" height=\"800\" alt=\"MANRESA (BARCELONA) 26\/04\/2026.-El entrenador espa\u00f1ol del Baxi Manresa Diego Ocampo durante el encuentro de la jornada 28 de la Liga Endesa entre el Baxi Manresa y el San Pablo Burgos, disputado este domingo en el Pabell\u00f3n Nou Congost de Manresa. EFE\/Siu Wu\" class=\"ft-helper-img-rd\" loading=\"lazy\" fetchpriority=\"auto\"\/><\/p>\n<p class=\"ft-helper-fontColor-quaternary ft-helper-fontSize-body-S ft-helper-spacer-t-xxs\">MANRESA (BARCELONA) 26\/04\/2026.-El entrenador espa\u00f1ol del Baxi Manresa Diego Ocampo durante el encuentro de la jornada 28 de la Liga Endesa entre el Baxi Manresa y el San Pablo Burgos, disputado este domingo en el Pabell\u00f3n Nou Congost de Manresa. EFE\/Siu Wu  \/ Siu Wu \/ EFE<\/p>\n<p class=\"ft-text\">Hasta el momento, la opci\u00f3n que ha sonado con m\u00e1s fuerza es la de Diego Ocampo. <strong>El actual entrenador del Manresa podr\u00eda estar en agenda pero, seg\u00fan ha podido saber SUPER, a d\u00eda de hoy Valencia Basket no se ha puesto en contacto con \u00e9l.<\/strong> El entrenador gallego tiene dos a\u00f1os de contrato m\u00e1s en el Manresa, por lo que su llegada ser\u00eda v\u00eda clausulazo. En cualquier caso, de momento no es un perfil por el que se haya avanzado. <\/p>\n","protected":false},"excerpt":{"rendered":"Salvo giro inesperado, Pedro Mart\u00ednez va a dejar de ser el entrenador de Valencia Basket en las pr\u00f3ximas&hellip;\n","protected":false},"author":2,"featured_media":636606,"comment_status":"","ping_status":"","sticky":false,"template":"","format":"standard","meta":{"footnotes":""},"categories":[269],"tags":[299,1918,298,168,2226,25,24,10386,825,1173,1822,12326,3048,23,167,10674,235,2916,6278],"class_list":["post-636605","post","type-post","status-publish","format-standard","has-post-thumbnail","category-baloncesto","tag-baloncesto","tag-basket","tag-basketball","tag-deportes","tag-entrenador","tag-es","tag-espana","tag-estilo","tag-martinez","tag-opciones","tag-pedro","tag-pedro-martinez","tag-real-madrid","tag-spain","tag-sports","tag-sustituir","tag-valencia","tag-valencia-basket","tag-xavi"],"share_on_mastodon":{"url":"https:\/\/pubeurope.com\/@es\/116847894683598562","error":""},"_links":{"self":[{"href":"https:\/\/www.europesays.com\/es\/wp-json\/wp\/v2\/posts\/636605","targetHints":{"allow":["GET"]}}],"collection":[{"href":"https:\/\/www.europesays.com\/es\/wp-json\/wp\/v2\/posts"}],"about":[{"href":"https:\/\/www.europesays.com\/es\/wp-json\/wp\/v2\/types\/post"}],"author":[{"embeddable":true,"href":"https:\/\/www.europesays.com\/es\/wp-json\/wp\/v2\/users\/2"}],"replies":[{"embeddable":true,"href":"https:\/\/www.europesays.com\/es\/wp-json\/wp\/v2\/comments?post=636605"}],"version-history":[{"count":0,"href":"https:\/\/www.europesays.com\/es\/wp-json\/wp\/v2\/posts\/636605\/revisions"}],"wp:featuredmedia":[{"embeddable":true,"href":"https:\/\/www.europesays.com\/es\/wp-json\/wp\/v2\/media\/636606"}],"wp:attachment":[{"href":"https:\/\/www.europesays.com\/es\/wp-json\/wp\/v2\/media?parent=636605"}],"wp:term":[{"taxonomy":"category","embeddable":true,"href":"https:\/\/www.europesays.com\/es\/wp-json\/wp\/v2\/categories?post=636605"},{"taxonomy":"post_tag","embeddable":true,"href":"https:\/\/www.europesays.com\/es\/wp-json\/wp\/v2\/tags?post=636605"}],"curies":[{"name":"wp","href":"https:\/\/api.w.org\/{rel}","templated":true}]}}