{"id":636669,"date":"2026-07-02T03:14:19","date_gmt":"2026-07-02T03:14:19","guid":{"rendered":"https:\/\/www.europesays.com\/es\/636669\/"},"modified":"2026-07-02T03:14:19","modified_gmt":"2026-07-02T03:14:19","slug":"no-entiendo-a-nagelsmann-no-reconozco-a-alemania-mundial-2026-de-futbol","status":"publish","type":"post","link":"https:\/\/www.europesays.com\/es\/636669\/","title":{"rendered":"No entiendo a Nagelsmann, no reconozco a Alemania | Mundial 2026 de F\u00fatbol"},"content":{"rendered":"<p class=\"\">Estoy at\u00f3nito. Alemania ha ca\u00eddo a las primeras de cambio en un Mundial por tercera vez consecutiva. Necesito tiempo para asimilarlo. La palabra clave que debe analizarse es continuidad: algo de lo que la Selecci\u00f3n carece desde hace una d\u00e9cada. <a href=\"https:\/\/elpais.com\/deportes\/mundial-futbol\/2026-06-02\/oke-gottlich-el-hombre-que-agita-el-futbol-aleman-ante-trump-discutimos-mucho-nuestras-lineas-rojas-para-boicotear-el-mundial.html\" target=\"_self\" rel=\"nofollow noopener\" title=\"https:\/\/elpais.com\/deportes\/mundial-futbol\/2026-06-02\/oke-gottlich-el-hombre-que-agita-el-futbol-aleman-ante-trump-discutimos-mucho-nuestras-lineas-rojas-para-boicotear-el-mundial.html\">El f\u00fatbol alem\u00e1n no ha decidido a qu\u00e9 quiere jugar<\/a>. Surgen constantemente nuevas ideas y, una y otra vez, nuevos jugadores en nuevas posiciones. Julian Nagelsmann ha experimentado en exceso, y no solo durante este torneo. Pero construir un equipo lleva a\u00f1os.<\/p>\n<p class=\"\">Alemania siempre ha tenido \u00e9xito cuando los roles de los jugadores estaban claramente definidos, la jerarqu\u00eda establecida y el equipo contaba con un concepto n\u00edtido de c\u00f3mo atacar y defender. Esa convicci\u00f3n ha faltado por completo. En este Mundial, el equipo no ha dado la impresi\u00f3n de haber recorrido el proceso que toda selecci\u00f3n necesita atravesar.<\/p>\n<p class=\"\">Se ha visto en el campo en cada partido. Ha faltado control del juego: la capacidad de sacar el bal\u00f3n con seguridad desde atr\u00e1s, conectar con el centro del campo y llegar al ataque, y despu\u00e9s mantener la posesi\u00f3n en campo rival. O, cuando el rival tiene el bal\u00f3n, alejarlo de nuestra porter\u00eda. Lo veo en otras selecciones, pero no en la nuestra.<\/p>\n<p class=\"\">Antes \u00e9ramos conocidos como una Turniermannschaft (\u201cequipo de torneos\u201d), capaz de encontrar su ritmo a medida que avanzaba la competici\u00f3n. Esos d\u00edas han quedado atr\u00e1s. Esta vez, el equipo fue a peor con el paso de los partidos. Ocurri\u00f3 porque se abandonaron planteamientos prometedores incluso cuando estaban funcionando. La idea de utilizar a Deniz Undav como revulsivo dio buen resultado, <a href=\"https:\/\/elpais.com\/deportes\/mundial-futbol\/2026-06-30\/paraguay-elimina-a-la-apagada-alemania-en-la-tanda-de-penaltis-para-firmar-la-primera-gran-hazana-del-mundial.html\" target=\"_self\" rel=\"nofollow noopener\" title=\"https:\/\/elpais.com\/deportes\/mundial-futbol\/2026-06-30\/paraguay-elimina-a-la-apagada-alemania-en-la-tanda-de-penaltis-para-firmar-la-primera-gran-hazana-del-mundial.html\">y sin embargo Nagelsmann descart\u00f3 esa estrategia ante Paraguay<\/a>.<\/p>\n<p class=\"\">Perm\u00edtanme dos ejemplos de lo que yo habr\u00eda hecho de otra manera. Primero, Joshua Kimmich juega en el centro del campo en el Bayern, as\u00ed que deber\u00eda haber jugado ah\u00ed tambi\u00e9n en la selecci\u00f3n. Segundo, Florian Wirtz y Kai Havertz son dos de nuestros mejores jugadores \u2014como demostr\u00f3 el gol ante Paraguay\u2014. Me habr\u00eda gustado ver a Wirtz por dentro, como mediapunta, detr\u00e1s de Havertz, donde es m\u00e1s fuerte. Y habr\u00eda apostado por ello de forma consistente: partido tras partido y d\u00eda tras d\u00eda en los entrenamientos.<\/p>\n<p class=\"\">A Nagelsmann le gusta cambiar sistemas y esquemas. Dice que ese es su estilo. Pero las grandes selecciones, como Espa\u00f1a o Francia, juegan siempre en base a un mismo patr\u00f3n. Las reconozco de inmediato cuando las veo. Simplemente lo ejecutan tan bien que los dem\u00e1s no pueden frenarlas. En f\u00fatbol no conviene complicar las cosas m\u00e1s de lo necesario.<\/p>\n<p class=\"\">Por supuesto, un entrenador puede introducir variaciones, pero solo en los detalles y \u00fanicamente cuando el equipo ya tiene orden. Ese es un problema general del f\u00fatbol alem\u00e1n, tambi\u00e9n en la Bundesliga. A la mayor\u00eda de los equipos les falta esa claridad.<\/p>\n<p class=\"\">Tambi\u00e9n hay que hablar de los cambios de Nagelsmann. Ante Ecuador \u2014en el \u00faltimo partido de la fase de grupos, ya intrascendente\u2014 aline\u00f3 un once completamente distinto al que hab\u00eda presentado contra Paraguay en octavos. Como tantas otras decisiones, no lo entend\u00ed. Cada sustituci\u00f3n env\u00eda un mensaje al equipo, y ese mensaje debe ser comprensible. Cualquier rotaci\u00f3n deber\u00eda responder a un prop\u00f3sito evidente. No fue el caso.<\/p>\n<p class=\"\">Sin embargo, hubo algo en este Mundial que me da esperanza. Ante el fracaso, los jugadores no se han se\u00f1alado entre ellos; el equipo se protege a s\u00ed mismo. <a href=\"https:\/\/elpais.com\/deportes\/mundial-futbol\/2026-06-29\/antonio-rudiger-el-hijo-pequeno-de-dos-refugiados-de-sierra-leona-al-que-alemania-cuestiona-por-hacer-cosas-inaceptables.html\" target=\"_self\" rel=\"nofollow noopener\" title=\"https:\/\/elpais.com\/deportes\/mundial-futbol\/2026-06-29\/antonio-rudiger-el-hijo-pequeno-de-dos-refugiados-de-sierra-leona-al-que-alemania-cuestiona-por-hacer-cosas-inaceptables.html\">Antonio R\u00fcdiger elogi\u00f3 a sus compa\u00f1eros Jonathan Tah y Nico Schlotterbeck<\/a>; Kai Havertz habl\u00f3 maravillas de Deniz Undav; y Joshua Kimmich respald\u00f3 tanto a Leroy San\u00e9 como a Nagelsmann. Eso me gust\u00f3. Es una base sobre la que construir.<\/p>\n<p class=\"\">S\u00ed defiendo a los jugadores frente a las acusaciones de falta de actitud. Eso s\u00ed ocurri\u00f3 en Rusia 2018, cuando la generaci\u00f3n campeona del mundo firm\u00f3 una actuaci\u00f3n desastrosa. Pero no acepto esa cr\u00edtica para 2022 ni para 2026. No es una cuesti\u00f3n de car\u00e1cter. Veo a un equipo que lo da todo. Las derrotas les golpean. Tras la eliminaci\u00f3n en Qatar 2022, Kimmich habl\u00f3 de su miedo a caer en un pozo profundo. Esta vez tambi\u00e9n estaba devastado.<\/p>\n<p class=\"\">La generaci\u00f3n actual est\u00e1 formada por \u201cjugadores de sistema\u201d, formados en academias. Desde los 12 o 13 a\u00f1os conciben el f\u00fatbol como una profesi\u00f3n en la que todo ha crecido de forma vertiginosa durante quince a\u00f1os: salarios, exposici\u00f3n digital y los excesos de la individualizaci\u00f3n. Es dif\u00edcil seguir ese ritmo. Ah\u00ed es donde hace falta liderazgo.<\/p>\n<p><img alt=\"\" decoding=\"auto\" class=\"_re lazyload a_m-h\" height=\"269\"  width=\"414\"  src=\"https:\/\/www.europesays.com\/es\/wp-content\/uploads\/2026\/07\/AS4JAMPZGXONHAPKM4VZO5C4AM.jpg\" loading=\"lazy\" fetchpriority=\"low\"\/>Lahm levanta la Copa del Mundo tras vencer a Argentina en la final de Brasil 2014.Natacha Pisarenko (AP)<\/p>\n<p class=\"\">Y la generaci\u00f3n posterior a la m\u00eda necesita una oportunidad justa. Sin embargo, una y otra vez los entrenadores recurren a los campeones del mundo de 2014. Ese tipo de decisiones puede aportar estabilidad a corto plazo, pero transmite falta de confianza: la insinuaci\u00f3n de que el equipo no puede valerse por s\u00ed mismo.<\/p>\n<p class=\"\">Argentina y Francia \u2014<a href=\"https:\/\/elpais.com\/deportes\/mundial-futbol\/2026-06-21\/kylian-mbappe-messi-es-el-mejor-junto-a-cristiano.html\" target=\"_self\" rel=\"nofollow noopener\" title=\"https:\/\/elpais.com\/deportes\/mundial-futbol\/2026-06-21\/kylian-mbappe-messi-es-el-mejor-junto-a-cristiano.html\">con Lionel Messi y Kylian Mbapp\u00e9<\/a>\u2014 demuestran que es posible construir equipos a partir de los jugadores actuales. Operan en las mismas condiciones que Alemania. Didier Deschamps y Lionel Scaloni lideran sus selecciones; all\u00ed hay orden y seguridad.<\/p>\n<p class=\"\">Alemania ha visto destituir a tres seleccionadores consecutivos. Aun as\u00ed, no creo que el problema est\u00e9 en los jugadores. Tenemos futbolistas en los grandes clubes europeos. Antonio R\u00fcdiger lleva a\u00f1os en el Real Madrid. Florian Wirtz condujo al Leverkusen a su primera Bundesliga antes de que el Liverpool pagara una suma enorme de dinero para ficharlo. Kai Havertz gan\u00f3 la Champions con el Chelsea y la Premier con el Arsenal. Jamal Musiala es considerado un jugador de potencial de talla mundial. Joshua Kimmich lleva a\u00f1os asumiendo responsabilidades en el Bayern. Solo Francia dispone de m\u00e1s talento que Alemania.<\/p>\n<p class=\"\">El Mundial es el mayor acontecimiento deportivo del mundo. Una selecci\u00f3n debe representar a su pa\u00eds. En Bosnia y Herzegovina, la gente celebra a su equipo porque se ve reflejada en \u00e9l. Pero si interrumpes constantemente el desarrollo del grupo, nadie puede identificarse con el proyecto. Por eso nuestros aficionados est\u00e1n tan decepcionados. Y eso no es bueno.<\/p>\n<p class=\"\">En nuestra \u00e9poca \u2014como en cualquier equipo\u2014 no todos nos llev\u00e1bamos perfectamente. Pero cuando me re\u00fano con antiguos compa\u00f1eros de la etapa 2006-2014, compartimos recuerdos imborrables. Ese \u00e9xito com\u00fan nos dio algo que dura toda la vida. Es una experiencia que mis sucesores probablemente no tendr\u00e1n. Y es una gran pena para ellos.<\/p>\n<p class=\"\">Ahora se habla de Nagelsmann y de posibles sustitutos. Pero antes de discutir nombres, debemos aclarar cuestiones fundamentales. El f\u00fatbol alem\u00e1n tiene que decidir a qu\u00e9 quiere jugar. \u00bfSomos Espa\u00f1a? \u00bfSomos Argentina? \u00bfSomos Francia? No, somos Alemania. Tenemos una cultura propia, una identidad futbol\u00edstica propia. Debemos reconectar con ella. Y hacerlo con convicci\u00f3n.<\/p>\n<p class=\"\"><b>Philipp Lahm<\/b> es exfutbolista y fue campe\u00f3n del mundo con Alemania<\/p>\n","protected":false},"excerpt":{"rendered":"Estoy at\u00f3nito. Alemania ha ca\u00eddo a las primeras de cambio en un Mundial por tercera vez consecutiva. Necesito&hellip;\n","protected":false},"author":2,"featured_media":636670,"comment_status":"","ping_status":"","sticky":false,"template":"","format":"standard","meta":{"footnotes":""},"categories":[93],"tags":[20591,115185,168,1539,25,24,282,1538,99026,103227,33975,117755,100216,32463,11754,112768,117754,66838,23,167],"class_list":["post-636669","post","type-post","status-publish","format-standard","has-post-thumbnail","category-deportes","tag-antonio-rudiger","tag-deniz-undav","tag-deportes","tag-entrenadores","tag-es","tag-espana","tag-futbol","tag-futbolistas","tag-havertz","tag-joshua-kimmich","tag-julian-nagelsmann","tag-leon-goretzka","tag-manuel-neuer","tag-mundial-2026","tag-mundial-futbol","tag-musiala","tag-philipp-lahm","tag-seleccion-futbol-alemania","tag-spain","tag-sports"],"share_on_mastodon":{"url":"https:\/\/pubeurope.com\/@es\/116848209273061603","error":""},"_links":{"self":[{"href":"https:\/\/www.europesays.com\/es\/wp-json\/wp\/v2\/posts\/636669","targetHints":{"allow":["GET"]}}],"collection":[{"href":"https:\/\/www.europesays.com\/es\/wp-json\/wp\/v2\/posts"}],"about":[{"href":"https:\/\/www.europesays.com\/es\/wp-json\/wp\/v2\/types\/post"}],"author":[{"embeddable":true,"href":"https:\/\/www.europesays.com\/es\/wp-json\/wp\/v2\/users\/2"}],"replies":[{"embeddable":true,"href":"https:\/\/www.europesays.com\/es\/wp-json\/wp\/v2\/comments?post=636669"}],"version-history":[{"count":0,"href":"https:\/\/www.europesays.com\/es\/wp-json\/wp\/v2\/posts\/636669\/revisions"}],"wp:featuredmedia":[{"embeddable":true,"href":"https:\/\/www.europesays.com\/es\/wp-json\/wp\/v2\/media\/636670"}],"wp:attachment":[{"href":"https:\/\/www.europesays.com\/es\/wp-json\/wp\/v2\/media?parent=636669"}],"wp:term":[{"taxonomy":"category","embeddable":true,"href":"https:\/\/www.europesays.com\/es\/wp-json\/wp\/v2\/categories?post=636669"},{"taxonomy":"post_tag","embeddable":true,"href":"https:\/\/www.europesays.com\/es\/wp-json\/wp\/v2\/tags?post=636669"}],"curies":[{"name":"wp","href":"https:\/\/api.w.org\/{rel}","templated":true}]}}