{"id":636700,"date":"2026-07-02T03:44:21","date_gmt":"2026-07-02T03:44:21","guid":{"rendered":"https:\/\/www.europesays.com\/es\/636700\/"},"modified":"2026-07-02T03:44:21","modified_gmt":"2026-07-02T03:44:21","slug":"nueve-anos-y-medio-de-carcel-para-un-exdiputado-gallego-por-violar-a-una-alumna-menor-de-edad","status":"publish","type":"post","link":"https:\/\/www.europesays.com\/es\/636700\/","title":{"rendered":"Nueve a\u00f1os y medio de c\u00e1rcel para un exdiputado gallego por violar a una alumna menor de edad"},"content":{"rendered":"<p>\n        La sede compostelana de la Audiencia Provincial de <a href=\"https:\/\/www.noticiasdenavarra.com\/tags\/a-coruna\/\" title=\"A Coru\u00f1a\" class=\"link copy\" rel=\"nofollow noopener\" target=\"_blank\">A Coru\u00f1a<\/a> ha condenado a <strong>nueve a\u00f1os y medio de <\/strong><a href=\"https:\/\/www.noticiasdenavarra.com\/tags\/prision\/\" title=\"prisi\u00f3n\" class=\"link copy\" rel=\"nofollow noopener\" target=\"_blank\">prisi\u00f3n <\/a>al que fuera diputado auton\u00f3mico del grupo Alternativa Galega de Esquerda (AGE), <strong>Xabier Ron<\/strong>, por <strong>agredir sexualmente de forma continuada a una ni\u00f1a de 12 a\u00f1os<\/strong> de la que hab\u00eda sido profesor.\n<\/p>\n<p class=\"article-body__text \">\n        El fallo, alcanzado por <strong>conformidad de las partes<\/strong>, establece como probado que el acusado abus\u00f3 de su condici\u00f3n de profesor de la menor y de la relaci\u00f3n de confianza generada entre ellos, para provocar una \u00abdependencia emocional\u00bb que deriv\u00f3 en varios encuentros de contenido sexual con la ni\u00f1a, que contaba con 12 a\u00f1os de edad.\n<\/p>\n<p>            <a href=\"https:\/\/www.noticiasdenavarra.com\/sociedad\/2025\/01\/30\/prision-provisional-exdiputado-gallego-iu-9219330.html\" title=\"Prisi\u00f3n provisional para el exdiputado gallego de IU Xabier Ron por presunta agresi\u00f3n sexual a una menor\" class=\"new__media\" rel=\"nofollow noopener\" target=\"_blank\"><\/p>\n<p>                <img alt=\"Prisi\u00f3n provisional para el exdiputado gallego de IU Xabier Ron por presunta agresi\u00f3n sexual a una menor\" data-src=\"https:\/\/www.europesays.com\/es\/wp-content\/uploads\/2026\/07\/49ee4fb8-45d1-4543-a2f2-5961188cc374_16-9-aspect-ratio_default_0.jpg\" class=\"lozad\"\/><\/p>\n<p>        <\/a><\/p>\n<p>        <a href=\"https:\/\/www.noticiasdenavarra.com\/sociedad\/2025\/01\/30\/prision-provisional-exdiputado-gallego-iu-9219330.html\" title=\"Prisi\u00f3n provisional para el exdiputado gallego de IU Xabier Ron por presunta agresi\u00f3n sexual a una menor\" class=\"new__headline\" rel=\"nofollow noopener\" target=\"_blank\"><br \/>\n            Prisi\u00f3n provisional para el exdiputado gallego de IU Xabier Ron por presunta agresi\u00f3n sexual a una menor<br \/>\n        <\/a><\/p>\n<p class=\"article-body__text \">\n        Entre julio y noviembre de 2024, tal y como ha quedado probado en el fallo, al que ha tenido acceso Europa Press, se produjeron distintos encuentros entre el acusado y su alumna que derivaron en varias <strong>agresiones sexuales e incluso en la transmisi\u00f3n de una enfermedad<\/strong>. La Audiencia considera los hechos constitutivos de un <strong>delito continuado de agresi\u00f3n sexual<\/strong>, por el que impone a Xabier Ron nueve a\u00f1os y medio de <a href=\"https:\/\/www.noticiasdenavarra.com\/tags\/prision\/\" title=\"prisi\u00f3n\" class=\"link copy\" rel=\"nofollow noopener\" target=\"_blank\">prisi\u00f3n<\/a>, as\u00ed como la <strong>prohibici\u00f3n de acercarse o comunicarse con la v\u00edctima durante 19 a\u00f1os y seis meses<\/strong>.\n<\/p>\n<p>  Penas accesorias, inhabilitaci\u00f3n e indemnizaci\u00f3n<\/p>\n<p class=\"article-body__text \">\n        Durante <strong>15 a\u00f1os no podr\u00e1 ejercer actividades relacionadas con menores<\/strong> y tendr\u00e1 <strong>libertad vigilada durante 10 a\u00f1os<\/strong> posteriores al cumplimiento de la pena. El fallo reconoce, adem\u00e1s, que el procesado ya ha <strong>indemnizado a la v\u00edctima con 82.000 euros<\/strong> por los da\u00f1os morales generados. Jorge Piedrafita, abogado de la <strong>Asociaci\u00f3n Defensa Integral de V\u00edctimas Especializada (ADIVE)<\/strong>, que ha ejercitado la acci\u00f3n popular, ha expresado su <strong>satisfacci\u00f3n moderada con esta resoluci\u00f3n<\/strong>, aunque ha admitido que la gravedad de los hechos har\u00eda necesario \u00abuna pena mucho m\u00e1s elevada\u00bb.<\/p>\n","protected":false},"excerpt":{"rendered":"La sede compostelana de la Audiencia Provincial de A Coru\u00f1a ha condenado a nueve a\u00f1os y medio de&hellip;\n","protected":false},"author":2,"featured_media":636701,"comment_status":"","ping_status":"","sticky":false,"template":"","format":"standard","meta":{"footnotes":""},"categories":[8],"tags":[117756,988,17,18,4280,25,24,51447,13,14,785,11,19,20,697,9,10,15,16,6983,23,12,21,22],"class_list":["post-636700","post","type-post","status-publish","format-standard","has-post-thumbnail","category-espana","tag-alumna","tag-anos","tag-breaking-news","tag-breakingnews","tag-carcel","tag-es","tag-espana","tag-exdiputado","tag-featured-news","tag-featurednews","tag-gallego","tag-headlines","tag-latest-news","tag-latestnews","tag-medio","tag-news","tag-noticias","tag-noticias-destacadas","tag-noticiasdestacadas","tag-nueve","tag-spain","tag-titulares","tag-ultimas-noticias","tag-ultimasnoticias"],"share_on_mastodon":{"url":"https:\/\/pubeurope.com\/@es\/116848326531233506","error":""},"_links":{"self":[{"href":"https:\/\/www.europesays.com\/es\/wp-json\/wp\/v2\/posts\/636700","targetHints":{"allow":["GET"]}}],"collection":[{"href":"https:\/\/www.europesays.com\/es\/wp-json\/wp\/v2\/posts"}],"about":[{"href":"https:\/\/www.europesays.com\/es\/wp-json\/wp\/v2\/types\/post"}],"author":[{"embeddable":true,"href":"https:\/\/www.europesays.com\/es\/wp-json\/wp\/v2\/users\/2"}],"replies":[{"embeddable":true,"href":"https:\/\/www.europesays.com\/es\/wp-json\/wp\/v2\/comments?post=636700"}],"version-history":[{"count":0,"href":"https:\/\/www.europesays.com\/es\/wp-json\/wp\/v2\/posts\/636700\/revisions"}],"wp:featuredmedia":[{"embeddable":true,"href":"https:\/\/www.europesays.com\/es\/wp-json\/wp\/v2\/media\/636701"}],"wp:attachment":[{"href":"https:\/\/www.europesays.com\/es\/wp-json\/wp\/v2\/media?parent=636700"}],"wp:term":[{"taxonomy":"category","embeddable":true,"href":"https:\/\/www.europesays.com\/es\/wp-json\/wp\/v2\/categories?post=636700"},{"taxonomy":"post_tag","embeddable":true,"href":"https:\/\/www.europesays.com\/es\/wp-json\/wp\/v2\/tags?post=636700"}],"curies":[{"name":"wp","href":"https:\/\/api.w.org\/{rel}","templated":true}]}}