{"id":636858,"date":"2026-07-02T06:12:23","date_gmt":"2026-07-02T06:12:23","guid":{"rendered":"https:\/\/www.europesays.com\/es\/636858\/"},"modified":"2026-07-02T06:12:23","modified_gmt":"2026-07-02T06:12:23","slug":"el-baloncesto-canario-femenino-triunfa-en-la-vii-gala-del-baloncesto-espanol","status":"publish","type":"post","link":"https:\/\/www.europesays.com\/es\/636858\/","title":{"rendered":"El baloncesto canario femenino triunfa en la VII Gala del Baloncesto Espa\u00f1ol"},"content":{"rendered":"<p class=\"v-ath__p v-ath__p--1\">\nMarco Almenara\n<\/p>\n<p class=\"v-ath__p v-ath__p--2\">\nLas Palmas de Gran Canaria\n<\/p>\n<p>01\/07\/2026<\/p>\n<p>Actualizado a las 15:27h.<\/p>\n<p class=\"v-d-p\" style=\"\">En el d\u00eda de ayer se celebr\u00f3 la VII Gala del Baloncesto Espa\u00f1ol, organizada por la Federaci\u00f3n Espa\u00f1ola y el diario Marca, en el patio del Espacio Conde Duque de Madrid. En el evento, presentado por Marta Fern\u00e1ndez y Ainhoa S\u00e1nchez, fueron reconocidos los protagonistas de la temporada 2025-2026.<strong> Uno de los ganadores fue sin duda el <strong>baloncesto canario femenino<\/strong>, que se alz\u00f3 con dos de los premios: uno Maite Cazorla y otro Elena Buenavida<\/strong>\ufeff. <\/p>\n<p class=\"v-d-p\" style=\"\">Ante la atenta mirada de m\u00e1s de 200 personalidades del mundo de la canasta, algunos como los integrantes de la selecci\u00f3n espa\u00f1ola masculina, que est\u00e1 ya concentrada en Madrid preparando las ventanas de clasificaci\u00f3n al Mundial de 2027, los galardonados subieron uno a uno a recoger su reconocimiento. <\/p>\n<p class=\"v-d-p\" style=\"\">Una de las protagonistas fue <a href=\"https:\/\/www.canarias7.es\/deportes\/baloncesto\/maite-cazorla-pena-gran-canaria-seguro-volvera-20260602080000-nt.html\" target=\"_self\" data-voc-vtm-id=\"in-text-traffic\" data-mrf-link=\"www.canarias7.es\" rel=\"nofollow noopener\">Maite Cazorla<\/a>. La gran canaria repiti\u00f3 en el premio a <strong><strong>Mejor Jugadora Nacional en competici\u00f3n internacional<\/strong><\/strong>, que tambi\u00e9n gan\u00f3 el a\u00f1o pasado, gracias a su desempe\u00f1o en el USK Praha checo. La base ha promediado este a\u00f1o 7,5 puntos, 5,4 asistencias, 1,1 rebotes y m\u00e1s de una recuperaci\u00f3n por partido en liga dom\u00e9stica, mientras en Euroliga sus n\u00fameros han sido 6 puntos, 5,4 asistencias y 1,1 rebotes por partido. <\/p>\n<p class=\"v-d-p\" style=\"\">Adem\u00e1s, se proclam\u00f3 campeona de la liga checa, aunque cay\u00f3 derrotada por Casademont Zaragoza en la Final 6 de la Euroliga. El siguiente reto ser\u00e1 el Mundial, que se celebra en Berl\u00edn del 4 al 13 de septiembre y en donde ser\u00e1 una de los estandartes de la selecci\u00f3n.<\/p>\n<p class=\"v-d-p\" style=\"\">Por su parte, la tinerfe\u00f1a <strong>Elena Buenavida<\/strong>, a sus 22 a\u00f1os, ha firmado un gran a\u00f1o en Valencia Basket. Esto le ha valido para alzarse con el premio a <strong>Jugadora Joven con mayor proyecci\u00f3n<\/strong>, algo que no sorprende a propios y extra\u00f1os. La base ha sido una de las m\u00e1s destacadas de la Liga Femenina Endesa, proclam\u00e1ndose campeona y promediando 9,4 puntos, 4 rebotes y 2 asistencias por partido. <\/p>\n<p class=\"v-d-p\" style=\"\">Al igual que Cazorla, Buenavida ser\u00e1 convocada por Miguel M\u00e9ndez de cara al Mundial, y tambi\u00e9n est\u00e1 llamada a ser una de las piezas importantes de Espa\u00f1a, como lo fue en el \u00faltimo Europeo.<\/p>\n","protected":false},"excerpt":{"rendered":"Marco Almenara Las Palmas de Gran Canaria 01\/07\/2026 Actualizado a las 15:27h. En el d\u00eda de ayer se&hellip;\n","protected":false},"author":2,"featured_media":636859,"comment_status":"","ping_status":"","sticky":false,"template":"","format":"standard","meta":{"footnotes":""},"categories":[269],"tags":[299,298,16089,168,25,24,1489,4649,1649,23,167,11443,25974],"class_list":["post-636858","post","type-post","status-publish","format-standard","has-post-thumbnail","category-baloncesto","tag-baloncesto","tag-basketball","tag-canario","tag-deportes","tag-es","tag-espana","tag-espanol","tag-femenino","tag-gala","tag-spain","tag-sports","tag-triunfa","tag-vii"],"share_on_mastodon":{"url":"https:\/\/pubeurope.com\/@es\/116848908586650952","error":""},"_links":{"self":[{"href":"https:\/\/www.europesays.com\/es\/wp-json\/wp\/v2\/posts\/636858","targetHints":{"allow":["GET"]}}],"collection":[{"href":"https:\/\/www.europesays.com\/es\/wp-json\/wp\/v2\/posts"}],"about":[{"href":"https:\/\/www.europesays.com\/es\/wp-json\/wp\/v2\/types\/post"}],"author":[{"embeddable":true,"href":"https:\/\/www.europesays.com\/es\/wp-json\/wp\/v2\/users\/2"}],"replies":[{"embeddable":true,"href":"https:\/\/www.europesays.com\/es\/wp-json\/wp\/v2\/comments?post=636858"}],"version-history":[{"count":0,"href":"https:\/\/www.europesays.com\/es\/wp-json\/wp\/v2\/posts\/636858\/revisions"}],"wp:featuredmedia":[{"embeddable":true,"href":"https:\/\/www.europesays.com\/es\/wp-json\/wp\/v2\/media\/636859"}],"wp:attachment":[{"href":"https:\/\/www.europesays.com\/es\/wp-json\/wp\/v2\/media?parent=636858"}],"wp:term":[{"taxonomy":"category","embeddable":true,"href":"https:\/\/www.europesays.com\/es\/wp-json\/wp\/v2\/categories?post=636858"},{"taxonomy":"post_tag","embeddable":true,"href":"https:\/\/www.europesays.com\/es\/wp-json\/wp\/v2\/tags?post=636858"}],"curies":[{"name":"wp","href":"https:\/\/api.w.org\/{rel}","templated":true}]}}