{"id":637086,"date":"2026-07-02T09:26:18","date_gmt":"2026-07-02T09:26:18","guid":{"rendered":"https:\/\/www.europesays.com\/es\/637086\/"},"modified":"2026-07-02T09:26:18","modified_gmt":"2026-07-02T09:26:18","slug":"taylor-swift-y-travis-kelce-se-casan-este-viernes-en-el-madison-square-garden-segun-ap-los-detalles-de-una-boda-de-mas-de-diez-horas","status":"publish","type":"post","link":"https:\/\/www.europesays.com\/es\/637086\/","title":{"rendered":"Taylor Swift y Travis Kelce se casan este viernes en el Madison Square Garden, seg\u00fan AP: los detalles de una boda de m\u00e1s de diez horas"},"content":{"rendered":"<p style=\"\">Despu\u00e9s de meses de rumores sobre un posible compromiso, <a href=\"https:\/\/www.abc.es\/gente\/nuevos-detalles-boda-taylor-swift-travis-kelce-20260606190000-nt.html\" target=\"_self\" data-voc-vtm-id=\"in-text-traffic\" data-mrf-link=\"www.abc.es\" rel=\"nofollow noopener\">Taylor Swift y Travis Kelce<\/a> podr\u00edan estar a punto de dar el paso definitivo. La agencia &#8216;AP&#8217; asegura que la cantante y el jugador de la NFL tienen previsto casarse este viernes 3 de julio  &#8230; en el Madison Square Garden de Nueva York, una informaci\u00f3n que, por el momento, ninguno de los dos ha confirmado p\u00fablicamente.<\/p>\n<p class=\"v-d-p\" style=\"\">Seg\u00fan la citada agencia, los datos proceden de una fuente de las fuerzas de seguridad con conocimiento del dispositivo preparado para el evento. Adem\u00e1s, la informaci\u00f3n apunta a que la pareja celebrar\u00e1 una cena de ensayo la noche anterior al enlace, alimentando a\u00fan m\u00e1s las especulaciones sobre una de las bodas m\u00e1s esperadas del a\u00f1o.<\/p>\n<p class=\"v-d-p\" style=\"\">A estas informaciones se suma ahora la exclusiva publicada por &#8216;Page Six&#8217;, que revela c\u00f3mo estar\u00eda organizado el gran evento, desde los horarios previstos hasta el despliegue de seguridad y la lista de invitados.<\/p>\n<ul class=\"v-cmp-rld__u\">\n<li class=\"v-cmp-rld__l\">\n<p><a class=\"v-a-lnk\" href=\"https:\/\/www.abc.es\/historia\/taylor-swift-travis-kelce-casan-despues-ano-20250826191721-nt.html#vtm_modulosEngag=noticiasrelacionadas-cmp-uno:gente:noticia:1\" data-voc-vtm-id=\"in-text-traffic\" rel=\"nofollow noopener\" target=\"_blank\"><br \/>\n<img decoding=\"async\" loading=\"lazy\" src=\"https:\/\/www.europesays.com\/es\/wp-content\/uploads\/2026\/07\/DL_u566483_010-U81352148673cTx-366x256@diario_abc.jpg\" class=\"v-a-img\" width=\"258\" height=\"180\" alt=\"Taylor Swift y Travis Kelce se casan despu\u00e9s de dos a\u00f1os de relaci\u00f3n\"\/><br \/>\n<\/a><\/p>\n<\/li>\n<\/ul>\n<p>\nUna boda que se prolongar\u00eda durante m\u00e1s de diez horas\n<\/p>\n<p class=\"v-d-p\" style=\"\">Seg\u00fan el tabloide estadounidense, todo comenzar\u00eda el jueves por la noche con una cena de ensayo en el Infosys Theater del Madison Square Garden, a la que asistir\u00edan alrededor de un centenar de invitados.<\/p>\n<p class=\"v-d-p\" style=\"\">Ya el viernes, las puertas del recinto se abrir\u00edan a las 15:30 horas para recibir a los asistentes, mientras que el c\u00f3ctel comenzar\u00eda media hora despu\u00e9s en el vest\u00edbulo de la sexta planta.<\/p>\n<p class=\"v-d-p\" style=\"\">La ceremonia estar\u00eda prevista para las 17:30 en la pista central del recinto y, una hora m\u00e1s tarde, arrancar\u00eda la recepci\u00f3n. Siempre seg\u00fan la informaci\u00f3n publicada por Page Six, la celebraci\u00f3n no terminar\u00eda hasta las dos de la madrugada, por lo que el evento se prolongar\u00eda durante m\u00e1s de diez horas.<\/p>\n<p class=\"v-d-p\" style=\"\">El citado medio tambi\u00e9n asegura que se espera la asistencia de m\u00e1s de un millar de invitados.<\/p>\n<p>\nUn enorme despliegue para mantener el secreto\n<\/p>\n<p class=\"v-d-p\" style=\"\">La organizaci\u00f3n del supuesto enlace habr\u00eda preparado un importante dispositivo para preservar la intimidad de los novios y evitar filtraciones.<\/p>\n<p class=\"v-d-p\" style=\"\">Seg\u00fan Page Six, los invitados acceder\u00edan al teatro por una entrada espec\u00edfica dise\u00f1ada para reducir la presencia de fot\u00f3grafos y curiosos. Adem\u00e1s, durante los \u00faltimos d\u00edas se habr\u00edan realizado diferentes entregas de material en el Madison Square Garden, donde algunas cajas aparec\u00edan identificadas con el nombre de \u00abGarden Party\u00bb.<\/p>\n<p class=\"v-d-p\" style=\"\">El medio estadounidense tambi\u00e9n sostiene que se est\u00e1 levantando una gran estructura en el interior del pabell\u00f3n y que la pareja habr\u00eda solicitado permisos para cerrar varias calles de los alrededores entre el 2 y el 4 de julio, adem\u00e1s de instalar una gran carpa exterior para el evento.<\/p>\n<p>\nInvitados de lujo y varias sorpresas\n<\/p>\n<p class=\"v-d-p\" style=\"\">La lista de invitados tampoco pasar\u00eda desapercibida. Entre los asistentes estar\u00edan nombres tan conocidos como Selena Gomez, Gigi Hadid, Ed Sheeran, Karlie Kloss, Zo\u00eb Kravitz, Suki Waterhouse o las hermanas Haim.<\/p>\n<p class=\"v-d-p\" style=\"\">El tabloide tambi\u00e9n asegura que Stevie Nicks y Tim McGraw ser\u00edan los encargados de poner la m\u00fasica en directo durante la celebraci\u00f3n y que Taylor Swift lucir\u00eda varios cambios de vestuario a lo largo de la jornada.<\/p>\n<p class=\"v-d-p\" style=\"\">Por el momento, ni la cantante ni Travis Kelce han confirmado oficialmente la celebraci\u00f3n del enlace. Sin embargo, las informaciones publicadas por ambos medios han disparado la expectaci\u00f3n en torno a una boda que, de celebrarse, se convertir\u00eda en uno de los acontecimientos sociales m\u00e1s comentados del a\u00f1o.<\/p>\n","protected":false},"excerpt":{"rendered":"Despu\u00e9s de meses de rumores sobre un posible compromiso, Taylor Swift y Travis Kelce podr\u00edan estar a punto&hellip;\n","protected":false},"author":2,"featured_media":637087,"comment_status":"","ping_status":"","sticky":false,"template":"","format":"standard","meta":{"footnotes":""},"categories":[174],"tags":[3158,27134,255,7510,1630,146,147,25,24,256,54001,297,28974,55648,5153,23,22034,20130,9274,10466,381],"class_list":["post-637086","post","type-post","status-publish","format-standard","has-post-thumbnail","category-famosos","tag-boda","tag-casan","tag-celebrities","tag-detalles","tag-diez","tag-entertainment","tag-entretenimiento","tag-es","tag-espana","tag-famosos","tag-garden","tag-horas","tag-kelce","tag-madison","tag-segun","tag-spain","tag-square","tag-swift","tag-taylor","tag-travis","tag-viernes"],"share_on_mastodon":{"url":"https:\/\/pubeurope.com\/@es\/116849672058023135","error":""},"_links":{"self":[{"href":"https:\/\/www.europesays.com\/es\/wp-json\/wp\/v2\/posts\/637086","targetHints":{"allow":["GET"]}}],"collection":[{"href":"https:\/\/www.europesays.com\/es\/wp-json\/wp\/v2\/posts"}],"about":[{"href":"https:\/\/www.europesays.com\/es\/wp-json\/wp\/v2\/types\/post"}],"author":[{"embeddable":true,"href":"https:\/\/www.europesays.com\/es\/wp-json\/wp\/v2\/users\/2"}],"replies":[{"embeddable":true,"href":"https:\/\/www.europesays.com\/es\/wp-json\/wp\/v2\/comments?post=637086"}],"version-history":[{"count":0,"href":"https:\/\/www.europesays.com\/es\/wp-json\/wp\/v2\/posts\/637086\/revisions"}],"wp:featuredmedia":[{"embeddable":true,"href":"https:\/\/www.europesays.com\/es\/wp-json\/wp\/v2\/media\/637087"}],"wp:attachment":[{"href":"https:\/\/www.europesays.com\/es\/wp-json\/wp\/v2\/media?parent=637086"}],"wp:term":[{"taxonomy":"category","embeddable":true,"href":"https:\/\/www.europesays.com\/es\/wp-json\/wp\/v2\/categories?post=637086"},{"taxonomy":"post_tag","embeddable":true,"href":"https:\/\/www.europesays.com\/es\/wp-json\/wp\/v2\/tags?post=637086"}],"curies":[{"name":"wp","href":"https:\/\/api.w.org\/{rel}","templated":true}]}}