{"id":637188,"date":"2026-07-02T10:41:35","date_gmt":"2026-07-02T10:41:35","guid":{"rendered":"https:\/\/www.europesays.com\/es\/637188\/"},"modified":"2026-07-02T10:41:35","modified_gmt":"2026-07-02T10:41:35","slug":"iron-maiden-completara-la-pelicula-de-la-gira-run-for-your-lives-en-eddfest-tras-el-apagon-de-paris-todos-sabemos-lo-que-paso-asi-que-vamos-a-terminarlo-en-knebworth","status":"publish","type":"post","link":"https:\/\/www.europesays.com\/es\/637188\/","title":{"rendered":"Iron Maiden completar\u00e1 la pel\u00edcula de la gira \u201cRun For Your Lives\u201d en EddFest tras el apag\u00f3n de Par\u00eds: \u201cTodos sabemos lo que pas\u00f3, as\u00ed que vamos a terminarlo en Knebworth\u201d"},"content":{"rendered":"<p>Una de las grandes dudas que surgieron alrededor del incidente que <strong><a href=\"https:\/\/mariskalrock.com\/actualidad\/iron-maiden-interrumpe-una-hora-y-recorta-el-concierto-que-grababa-para-la-pelicula-de-la-gira-run-for-your-lives-a-causa-de-un-apagon-masivo-en-paris\/\" target=\"_blank\" rel=\"noopener nofollow\">dej\u00f3 a Iron Maiden sin luz<\/a><\/strong> durante una hora en el concierto de Par\u00eds en el que se estaba rodando la <a href=\"https:\/\/mariskalrock.com\/actualidad\/iron-maiden-prohibira-los-telefonos-moviles-en-la-pista-del-concierto-que-grabara-para-la-pelicula-de-la-gira-run-for-your-lives\/\" target=\"_blank\" rel=\"noopener nofollow\"><strong>pel\u00edcula de la gira \u201cRun For Your Lives\u201d,<\/strong><\/a> adem\u00e1s de los responsables de este <strong><a href=\"https:\/\/mariskalrock.com\/noticias\/comunicado-de-iron-maiden-tras-el-apagon-de-su-concierto-en-paris-descubrimos-que-ha-ocurrido-con-el-suministro-electrico-y-porque\/\" target=\"_blank\" rel=\"noopener nofollow\">apag\u00f3n en plena ola de calor<\/a><\/strong>, es si la pel\u00edcula iba a seguir en pie solo con lo registrado en el estadio <strong>La D\u00e8fense <\/strong>el pasado<strong> 22 de junio<\/strong>, si se cancelaba el proyecto o si habr\u00eda alguna oportunidad m\u00e1s para terminar la filmaci\u00f3n. La respuesta ha llegado apuntando a <strong>Knebworth<\/strong> y al gran <strong>EddFest<\/strong> programado para los d\u00edas <strong>10 y 11 de julio.<\/strong><\/p>\n<p>Mientras hoy, 1 de julio, ha comenzado a desarrollarse la primera de las dos grandes citas que recibir\u00e1n a Iron Maiden de nuevo en nuestro pa\u00eds, con <a href=\"https:\/\/www.resurrectionfest.es\/entradas\/\" target=\"_blank\" rel=\"noopener nofollow\"><strong>Resurrection Fest<\/strong><\/a> ya en marcha y <a href=\"https:\/\/mariskalrock.com\/actualidad\/quedan-ya-muy-pocas-entradas-para-la-proxima-edicion-de-rock-imperium-festival-con-iron-maiden-sabaton-y-within-temptation-liderando-su-cartel\/\" target=\"_blank\" rel=\"noopener nofollow\"><strong>Rock Imperium Festival<\/strong><\/a> arrancando el pr\u00f3ximo viernes, Iron Maiden ha confirmado que su concierto del d\u00eda <strong>11 de julio<\/strong> en el espectacular recinto de Knebworth en el que se desarrollar\u00e1n las dos jornadas del EddFest ser\u00e1 el que se aproveche para terminar el rodaje de la pel\u00edcula de la gira con la que la banda ha celebrado su 50\u00ba aniversario.<\/p>\n<p>En el v\u00eddeo publicado <a href=\"https:\/\/www.instagram.com\/ironmaiden\/reels\/\" target=\"_blank\" rel=\"noopener nofollow\"><strong>en las redes<\/strong> <\/a>de la banda brit\u00e1nica podemos ver a <strong>Steve Harris y Bruce Dickinson<\/strong> comentando los detalles. En palabras del bajista y fundador: \u201cTodos sab\u00e9is lo que pas\u00f3 en Par\u00eds, todos sabemos lo que pas\u00f3 en Par\u00eds, as\u00ed que vamos a terminarlo en Knebworth. All\u00ed nos vemos\u201d.<\/p>\n<p>Por su parte, el vocalista deja este mensaje: \u201c\u00a1Lo de Knebworth se va a grabar! No vamos a perder lo que hicimos en Par\u00eds, sino que le vamos a a\u00f1adir cosas alucinantes en Knebworth. \u00a1As\u00ed que, Knebworth, p\u00f3rtate bien!\u00bb<\/p>\n<blockquote class=\"instagram-media\" style=\"background: #FFF; border: 0; border-radius: 3px; box-shadow: 0 0 1px 0 rgba(0,0,0,0.5),0 1px 10px 0 rgba(0,0,0,0.15); margin: 1px; max-width: 540px; min-width: 326px; padding: 0; width: calc(100% - 2px);\" data-instgrm-captioned=\"\" data-instgrm-permalink=\"https:\/\/www.instagram.com\/reel\/DaQTPp2tL7R\/?utm_source=ig_embed&amp;utm_campaign=loading\" data-instgrm-version=\"14\">\n<\/blockquote>\n<p>EddFest con The Darkness, Blaze Bayley, Airbourne&#8230;<\/p>\n<p class=\"p3\">La que <strong><a href=\"https:\/\/mariskalrock.com\/actualidad\/bruce-dickinson-sugiere-que-el-eddfest-de-iron-maiden-podria-convertirse-en-un-festival-con-continuidad-sin-su-presencia\/\" target=\"_blank\" rel=\"noopener nofollow\">podr\u00eda ser primera edici\u00f3n<\/a><\/strong> de EddFest cuenta, adem\u00e1s de con Iron Maiden como grandes protagonistas, con bandas como <strong>The Darkness, The Hu, Airbourne o The Almighty<\/strong>, adem\u00e1s de <strong>Gypsy&#8217;s Kiss,<\/strong> banda que Steve Harris form\u00f3 en 1974 con el vocalista y guitarrista <strong>David Smith<\/strong>, la primera banda del l\u00edder de Iron Maiden; <strong>Stray, Maiden United, Airforce y Tony Moore\u2019s Awake<\/strong>, grupo del que fuera teclista en un breve periodo en los inicios de Maiden, al que hemos visto <strong><a href=\"https:\/\/mariskalrock.com\/actualidad\/cronica-de-british-lion-tony-moore-awake-en-murcia-un-rugido-cara-a-cara\/\" target=\"_blank\" rel=\"noopener nofollow\">abrir los conciertos de British Lion<\/a><\/strong>; adem\u00e1s del show <strong>Hair Metal Glamageddon<\/strong> y la participaci\u00f3n destacada de <strong><a href=\"https:\/\/mariskalrock.com\/actualidad\/iron-maiden-incorpora-a-su-excantante-blaze-bayley-al-eddfest-el-gran-evento-con-el-que-celebrara-su-50o-aniversario\/\" target=\"_blank\" rel=\"noopener nofollow\">Blaze Bayley<\/a><\/strong>.<\/p>\n<p class=\"p3\">Durante estos dos d\u00edas de festival y celebraci\u00f3n de la carrera de Iron Maiden se podr\u00e1 disfrutar de \u00e1reas tem\u00e1ticas sobre la banda, bares en los que continuar la experiencia \u201cmaideniana\u201d, o explorar el museo <strong>Infinite Dreams Museum Experience<\/strong>, donde espera una exposici\u00f3n interactiva de material utilizado en las actuaciones. En definitiva, Eddfest ser\u00e1 un fin de semana verdaderamente excepcional para los fans de Iron Maiden. Las entradas se pueden <strong><a href=\"https:\/\/ironmaiden-knebworth.gigantic.com\/iron-maiden-tickets?_gl=1*1w1q0do*_gcl_au*MTY1MTQ0NzU5NS4xNzc0OTcxNzEy\" target=\"_blank\" rel=\"noopener nofollow\">comprar en este enlace<\/a><\/strong>.<\/p>\n<p style=\"text-align: center;\">\n<p><a target=\"_blank\" href=\"https:\/\/tienda.mariskalrock.com\/producto\/la-heavy-482-ya-a-la-venta-con-deep-purple-en-portada-junto-a-iron-maiden-judas-priest-within-temptation-y-limp-bizkit\/\" rel=\"nofollow noopener\"><img fetchpriority=\"high\" decoding=\"async\" class=\"aligncenter wp-image-405633 size-full\" src=\"https:\/\/www.europesays.com\/es\/wp-content\/uploads\/2026\/06\/1782747972_643_la-heavy-482-FB-ok-6.webp\" alt=\"\" width=\"600\" height=\"338\"  \/><\/a><\/p>\n<p><strong>Iron Maiden<\/strong> acompa\u00f1a a <strong>Judas Priest, Limp Bizkit y Within Temptation<\/strong> entre los contenidos destacados del <strong><a href=\"https:\/\/tienda.mariskalrock.com\/producto\/la-heavy-482-ya-a-la-venta-con-deep-purple-en-portada-junto-a-iron-maiden-judas-priest-within-temptation-y-limp-bizkit\/\" target=\"_blank\" rel=\"noopener nofollow\">n\u00famero 482 de La Heavy<\/a><\/strong>, con la portada capitaneada por los legendarios <strong>Deep Purple<\/strong>. M\u00e1s contenidos que te esperan en la revista est\u00e1n protagonizados por <strong>Metallica, Megadeth, Kaiser Chiefs, Evergrey, Bloodhunter o Jared James Nichols<\/strong> entre much\u00edsimos otros. Corre a tu kiosco o <strong><a target=\"_blank\" href=\"https:\/\/tienda.mariskalrock.com\/producto\/la-heavy-482-ya-a-la-venta-con-deep-purple-en-portada-junto-a-iron-maiden-judas-priest-within-temptation-y-limp-bizkit\/\" rel=\"nofollow noopener\">visita nuestra tienda online<\/a><\/strong> para no perderte nada.<\/p>\n<p>Iron Maiden en Espa\u00f1a<\/p>\n<p>Antes del <strong><a href=\"https:\/\/mariskalrock.com\/actualidad\/iron-maiden-confirma-los-dos-ultimos-conciertos-de-la-gira-run-for-your-lives-tras-los-que-se-tomara-un-merecido-descanso\/\" target=\"_blank\" rel=\"noopener nofollow\">merecido descanso<\/a><\/strong>, y de la <a href=\"https:\/\/mariskalrock.com\/actualidad\/iron-maiden-entrara-rock-and-roll-hall-of-fame-en-2026-junto-a-billy-idol-oasis-joy-division-o-phil-collins\/\" target=\"_blank\" rel=\"noopener nofollow\"><strong>entrada en el Rock and Roll Hall of Fame<\/strong><\/a> en la que parece que <strong><a href=\"https:\/\/mariskalrock.com\/actualidad\/iron-maiden-no-estara-en-la-ceremonia-de-su-incorporacion-al-rock-and-roll-hall-of-fame-y-esta-es-su-razon\/\" target=\"_blank\" rel=\"noopener nofollow\">no har\u00e1n acto de presencia<\/a><\/strong>, tambi\u00e9n tendremos de nuevo a Iron Maiden en nuestro pa\u00eds. Este 2026 ser\u00e1 otro a\u00f1o en el que la banda brit\u00e1nica tendr\u00e1 toda la atenci\u00f3n de los seguidores en todo el mundo, con nuevas paradas de su gira como las que llegar\u00e1n en Espa\u00f1a a los carteles de <strong>Resurrection Fest<\/strong> (del 1 al 4 de julio, <a href=\"https:\/\/www.resurrectionfest.es\/entradas\/\" target=\"_blank\" rel=\"noopener nofollow\"><strong>entradas aqu\u00ed<\/strong><\/a>) con <strong>Marilyn Manson, Limp Bizkit o Sabaton<\/strong> entre otros, y en <strong>Rock Imperium Festival<\/strong> (del 3 al 5 de julio, <a href=\"https:\/\/www.rockimperiumfestival.es\/es\/entradas\/\" target=\"_blank\" rel=\"noopener nofollow\"><strong>entradas aqu\u00ed<\/strong><\/a>), compartiendo cabecera del cartel con <strong>Within Temptation y Sabaton<\/strong>.<\/p>\n<p style=\"text-align: center;\"><a href=\"https:\/\/www.europesays.com\/es\/wp-content\/uploads\/2026\/06\/1782747973_271_resurrection-fest-26-entradas-diarias-2-3-cartel.webp\" target=\"_blank\" rel=\"noopener\"><img loading=\"lazy\" decoding=\"async\" class=\"alignnone wp-image-384548\" src=\"https:\/\/www.europesays.com\/es\/wp-content\/uploads\/2026\/06\/1782747973_271_resurrection-fest-26-entradas-diarias-2-3-cartel.webp\" alt=\"\" width=\"600\" height=\"751\"  \/><\/a><\/p>\n<p style=\"text-align: center;\"><a href=\"https:\/\/www.europesays.com\/es\/wp-content\/uploads\/2026\/06\/1782747974_240_rock-imperium-90-aforo-cartel.webp\" target=\"_blank\" rel=\"noopener\"><img loading=\"lazy\" decoding=\"async\" class=\"aligncenter wp-image-401922 size-full\" src=\"https:\/\/www.europesays.com\/es\/wp-content\/uploads\/2026\/06\/1782747974_240_rock-imperium-90-aforo-cartel.webp\" alt=\"\" width=\"600\" height=\"750\"  \/><\/a><\/p>\n<p>                         <a target=\"_blank\" href=\"http:\/\/www.mariskalrock.com\" class=\"url\" title=\"Jorge Bobadilla\" rel=\"nofollow noopener\"> <img decoding=\"async\" src=\"https:\/\/www.europesays.com\/es\/wp-content\/uploads\/2026\/07\/jorge-bobadilla-2025-web-300x300-1.jpg\" class=\"photo\" width=\"250\" alt=\"Jorge Bobadilla\"\/><\/a> <\/p>\n<p>Llev\u00e1is ya m\u00e1s de veinte a\u00f1os ley\u00e9ndome por aqu\u00ed y por all\u00ed, as\u00ed que, vayamos al grano. En 2005 MariskalRock abri\u00f3 sus puertas a este humilde \u201cjuntaletras\u201d, y desde entonces el rock ha sido la punta del comp\u00e1s de mi vida. Aficionado tambi\u00e9n a atrapar im\u00e1genes (sean fijas o en movimiento), en estas dos d\u00e9cadas ser\u00eda raro que no nos hubi\u00e9ramos visto entre salas y festivales. Brindemos en la pr\u00f3xima.<\/p>\n<p> <a href=\"http:\/\/www.mariskalrock.com\" class=\"url\" target=\"_blank\" title=\"Jorge Bobadilla\" rel=\"nofollow noopener\"><img decoding=\"async\" src=\"https:\/\/www.europesays.com\/es\/wp-content\/uploads\/2026\/07\/jorge-bobadilla-2025-web-300x300-1.jpg\" class=\"photo\" width=\"250\" alt=\"Jorge Bobadilla\"\/><\/a>\u00daltimas entradas de Jorge Bobadilla (<a target=\"_blank\" href=\"https:\/\/mariskalrock.com\/author\/jorge-bobadilla\/\" rel=\"nofollow noopener\">ver todo<\/a>)  <\/p>\n<p>\t\t\t\t<script async src=\"\/\/www.instagram.com\/embed.js\"><\/script><\/p>\n","protected":false},"excerpt":{"rendered":"Una de las grandes dudas que surgieron alrededor del incidente que dej\u00f3 a Iron Maiden sin luz durante&hellip;\n","protected":false},"author":2,"featured_media":637189,"comment_status":"","ping_status":"","sticky":false,"template":"","format":"standard","meta":{"footnotes":""},"categories":[170],"tags":[8952,97514,146,147,25,24,477,117805,4622,184,185,4759,1257,89617,23,8948],"class_list":["post-637188","post","type-post","status-publish","format-standard","has-post-thumbnail","category-musica","tag-bruce-dickinson","tag-eddfest","tag-entertainment","tag-entretenimiento","tag-es","tag-espana","tag-iron-maiden","tag-knebworth","tag-mr2022","tag-music","tag-musica","tag-paris","tag-pelicula","tag-run-for-your-lives","tag-spain","tag-steve-harris"],"share_on_mastodon":{"url":"https:\/\/pubeurope.com\/@es\/116849967613314263","error":""},"_links":{"self":[{"href":"https:\/\/www.europesays.com\/es\/wp-json\/wp\/v2\/posts\/637188","targetHints":{"allow":["GET"]}}],"collection":[{"href":"https:\/\/www.europesays.com\/es\/wp-json\/wp\/v2\/posts"}],"about":[{"href":"https:\/\/www.europesays.com\/es\/wp-json\/wp\/v2\/types\/post"}],"author":[{"embeddable":true,"href":"https:\/\/www.europesays.com\/es\/wp-json\/wp\/v2\/users\/2"}],"replies":[{"embeddable":true,"href":"https:\/\/www.europesays.com\/es\/wp-json\/wp\/v2\/comments?post=637188"}],"version-history":[{"count":0,"href":"https:\/\/www.europesays.com\/es\/wp-json\/wp\/v2\/posts\/637188\/revisions"}],"wp:featuredmedia":[{"embeddable":true,"href":"https:\/\/www.europesays.com\/es\/wp-json\/wp\/v2\/media\/637189"}],"wp:attachment":[{"href":"https:\/\/www.europesays.com\/es\/wp-json\/wp\/v2\/media?parent=637188"}],"wp:term":[{"taxonomy":"category","embeddable":true,"href":"https:\/\/www.europesays.com\/es\/wp-json\/wp\/v2\/categories?post=637188"},{"taxonomy":"post_tag","embeddable":true,"href":"https:\/\/www.europesays.com\/es\/wp-json\/wp\/v2\/tags?post=637188"}],"curies":[{"name":"wp","href":"https:\/\/api.w.org\/{rel}","templated":true}]}}