{"id":63723,"date":"2025-08-22T02:23:13","date_gmt":"2025-08-22T02:23:13","guid":{"rendered":"https:\/\/www.europesays.com\/es\/63723\/"},"modified":"2025-08-22T02:23:13","modified_gmt":"2025-08-22T02:23:13","slug":"rafa-benitez-un-fichaje-tardio","status":"publish","type":"post","link":"https:\/\/www.europesays.com\/es\/63723\/","title":{"rendered":"Rafa Ben\u00edtez, un fichaje tard\u00edo"},"content":{"rendered":"<p class=\"parrafo\">El nombre de <strong>Rafa Ben\u00edtez<\/strong> va camino de permanecer m\u00e1s tiempo en paradero desconocido. El t\u00e9cnico madrile\u00f1o quiere volver a entrenar pero no lo har\u00e1 a cualquier precio. <a href=\"https:\/\/www.estadiodeportivo.com\/futbol\/celta\/oficial-celta-vigo-despide-rafa-benitez-20240312-445532.html\" target=\"_blank\" class=\"intext-link\" rel=\"nofollow noopener\">Su \u00faltimo equipo fue el <strong>Celta de Vigo<\/strong>, donde vivi\u00f3 una etapa convulsa marcada por los malos resultados. <\/a>Desde el tramo final de la temporada 23\/24 contin\u00faa esperando una nueva oportunidad que le satisfaga a todos los niveles. Ha estado en las quinielas de diferentes entidades y alguna que otra selecci\u00f3n nacional, sin embargo, no hay noticias de que vaya a volver a los banquillos con car\u00e1cter inmediato.<\/p>\n<p>Un fracaso en el Celta<\/p>\n<p class=\"parrafo\">No le acompa\u00f1\u00f3 la suerte a <strong>Rafa Ben\u00edtez<\/strong> en Vigo. Aterriz\u00f3 en el <strong>Celta<\/strong> en el a\u00f1o ilusionante del Centenario pero los resultados le dieron la espalda. Fue destituido en la recta final de la campa\u00f1a y reemplazado por <strong>Claudio Gir\u00e1ldez<\/strong>, quien a\u00fan contin\u00faa al frente de la escuadra ol\u00edvica.<\/p>\n<p><a class=\"elementos-rel-t2\" href=\"https:\/\/www.estadiodeportivo.com\/futbol\/fichajes\/adios-fichaje-rafa-benitez-20250513-494611.html\" title=\"El fichaje de Rafa Ben\u00edtez, cancelado\" rel=\"nofollow noopener\" target=\"_blank\">El fichaje de Rafa Ben\u00edtez, cancelado<img decoding=\"async\" src=\"https:\/\/www.europesays.com\/es\/wp-content\/uploads\/2025\/08\/cb9f962f-b27f-48b3-b824-efebb67fadb1_320x180.jpeg\" alt=\"El fichaje de Rafa Ben\u00edtez, cancelado\"\/><\/a><a class=\"elementos-rel-t2\" href=\"https:\/\/www.estadiodeportivo.com\/futbol\/fichajes\/rechazan-incorporacion-rafa-benitez-20250701-502032.html\" title=\"Rechazan la incorporaci\u00f3n de Rafa Ben\u00edtez\" rel=\"nofollow noopener\" target=\"_blank\">Rechazan la incorporaci\u00f3n de Rafa Ben\u00edtez<img decoding=\"async\" src=\"https:\/\/www.europesays.com\/es\/wp-content\/uploads\/2025\/08\/e5da2567-38f9-40b7-85ea-69d1c59367cc_320x180.jpeg\" alt=\"Rechazan la incorporaci\u00f3n de Rafa Ben\u00edtez\"\/><\/a><a class=\"elementos-rel-t2\" href=\"https:\/\/www.estadiodeportivo.com\/futbol\/fichajes\/rafa-benitez-descartado-20250611-499191.html\" title=\"Rafa Ben\u00edtez, descartado\" rel=\"nofollow noopener\" target=\"_blank\">Rafa Ben\u00edtez, descartado<img decoding=\"async\" src=\"https:\/\/www.europesays.com\/es\/wp-content\/uploads\/2025\/08\/1e5d088e-530b-4c20-995f-86730854dce4_320x180.jpeg\" alt=\"Rafa Ben\u00edtez, descartado\"\/><\/a><\/p>\n<p class=\"parrafo\">Su balance en Bala\u00eddos fue de <strong>nueve triunfos, nueve empates y 15 derrotas<\/strong> entre competici\u00f3n liguera y Copa del Rey. N\u00fameros muy pobres que tuvieron al equipo gallego acariciando los puestos de descenso. <\/p>\n<p><img decoding=\"async\" src=\"https:\/\/www.europesays.com\/es\/wp-content\/uploads\/2025\/08\/7b00982a-ae35-451a-af21-ffce412df5b7_800x450.jpeg\" loading=\"lazy\"\/>Las ofertas de Rafa Ben\u00edtez<\/p>\n<p class=\"parrafo\">Recientemente el t\u00e9cnico espa\u00f1ol se pronunci\u00f3 con respecto a su futuro y afirm\u00f3 que su vuelta a los banquillos es cuesti\u00f3n de tiempo: <strong><a href=\"https:\/\/www.estadiodeportivo.com\/futbol\/fichajes\/oponen-fichaje-rafa-benitez-20250430-492769.html\" target=\"_blank\" data-mrf-recirculation=\"Enlace Cuerpo Noticia\" data-mrf-link=\"https:\/\/www.estadiodeportivo.com\/futbol\/fichajes\/oponen-fichaje-rafa-benitez-20250430-492769.html\" cmp-ltrk=\"Enlace Cuerpo Noticia\" cmp-ltrk-idx=\"1\" mrfobservableid=\"e571f17c-9f22-4469-a09f-84b04dbb1db0\" class=\"intext-link\" rel=\"nofollow noopener\">\u00abHe recibido ofertas de clubes en los Emiratos \u00c1rabes Unidos y Arabia Saud\u00ed. Podr\u00eda volver a entrenar pronto, quiz\u00e1s tambi\u00e9n en China\u00bb<\/a><\/strong>, dijo en MBC Masr 2 de Egipto. Pa\u00edses al que se unen otros como <strong>Brasil<\/strong>,<strong> Grecia<\/strong> o <strong>Escocia<\/strong>.<\/p>\n<p class=\"parrafo\">Mientras llega una propuesta que le interese, <strong>Rafa Ben\u00edtez<\/strong> se deja ver de manera asidua por diferentes medios de comunicaci\u00f3n de Inglaterra. Comenta partidos para canales de televisi\u00f3n y tambi\u00e9n trabaja para la <strong>UEFA<\/strong>. No deja de ver f\u00fatbol en lo que prepara su regreso como t\u00e9cnico.<\/p>\n<p>Vinculado con Botafogo, Rangers o AEK Atenas<\/p>\n<p class=\"parrafo\">M\u00e1s all\u00e1 de las supuestas ofertas recibidas de Emiratos \u00c1rabes Unidos, Arabia Saud\u00ed o China, <strong>Ben\u00edtez<\/strong> tambi\u00e9n dijo no a una oferta del <strong>Botafogo<\/strong> brasile\u00f1o. <a href=\"https:\/\/www.estadiodeportivo.com\/futbol\/fichajes\/razon-del-rechazo-rafa-benitez-botafogo-20250201-480655.html\" target=\"_blank\" class=\"intext-link\" rel=\"nofollow noopener\">Un inter\u00e9s que se dio antes de la disputa del <strong>Mundial de Clubes<\/strong> y al que rechaz\u00f3 por razones familiares.<\/a><\/p>\n<p class=\"parrafo\"><a href=\"https:\/\/www.estadiodeportivo.com\/futbol\/fichajes\/fichaje-rafa-benitez-prioritario-20250520-495691.html\" target=\"_blank\" class=\"intext-link\" rel=\"nofollow noopener\">Tambi\u00e9n se le vincul\u00f3 con el<strong> AEK de Atenas<\/strong>.<\/a> Los griegos sondearon su nombre para esta temporada e incluso se lleg\u00f3 a especular que era la opci\u00f3n preferida del presidente y propietario<strong> Iliopoulos<\/strong>. Sin embargo, este sondeo no pas\u00f3 a mayores y los helenos se decantaron por el fichaje de <strong>Marko Nikolic<\/strong>, ex del CSKA Mosc\u00fa.<\/p>\n<p class=\"parrafo\">Otras &#8216;plazas&#8217; a las que estuvo ligado fue la del <strong>Rangers<\/strong>.<a href=\"https:\/\/www.estadiodeportivo.com\/futbol\/fichajes\/rafa-benitez-descartado-20250611-499191.html\" target=\"_blank\" class=\"intext-link\" rel=\"nofollow noopener\"> El equipo escoc\u00e9s pens\u00f3 en <strong>Rafa Ben\u00edte<\/strong>z tras la marcha de <strong>Philippe Clement<\/strong>.<\/a> <strong>Barry Ferguson<\/strong> se hizo cargo de manera interina del club y este nuevo campeonato lleg\u00f3 <strong>Russell Martin<\/strong>. Discrepancias econ\u00f3micas frenaron el fichaje del espa\u00f1ol. <\/p>\n<p class=\"parrafo\">Por \u00faltimo, <strong>Ben\u00edtez<\/strong> prob\u00f3 sin suerte su candidatura para hacerse cargo de la <strong>Selecci\u00f3n italiana<\/strong> tras la destituci\u00f3n de <strong>Luciano Spalletti<\/strong> en junio. <a href=\"https:\/\/www.estadiodeportivo.com\/futbol\/fichajes\/rechazan-incorporacion-rafa-benitez-20250701-502032.html\" target=\"_blank\" class=\"intext-link\" rel=\"nofollow noopener\">Un ofrecimiento desestimado por la federaci\u00f3n transalpina.<\/a> que se decant\u00f3 por la incorporaci\u00f3n de <strong>Gennaro Gattuso<\/strong>. El espa\u00f1ol deber\u00e1 seguir esperando su oportunidad.<\/p>\n","protected":false},"excerpt":{"rendered":"El nombre de Rafa Ben\u00edtez va camino de permanecer m\u00e1s tiempo en paradero desconocido. El t\u00e9cnico madrile\u00f1o quiere&hellip;\n","protected":false},"author":2,"featured_media":63724,"comment_status":"","ping_status":"","sticky":false,"template":"","format":"standard","meta":{"footnotes":""},"categories":[268],"tags":[168,25,24,284,285,280,282,1698,26199,281,23,167],"class_list":{"0":"post-63723","1":"post","2":"type-post","3":"status-publish","4":"format-standard","5":"has-post-thumbnail","7":"category-futbol","8":"tag-deportes","9":"tag-es","10":"tag-espana","11":"tag-estadio-deportivo","12":"tag-fichajes","13":"tag-football","14":"tag-futbol","15":"tag-futbol-internacional","16":"tag-rafa-benitez","17":"tag-soccer","18":"tag-spain","19":"tag-sports"},"share_on_mastodon":{"url":"","error":""},"_links":{"self":[{"href":"https:\/\/www.europesays.com\/es\/wp-json\/wp\/v2\/posts\/63723","targetHints":{"allow":["GET"]}}],"collection":[{"href":"https:\/\/www.europesays.com\/es\/wp-json\/wp\/v2\/posts"}],"about":[{"href":"https:\/\/www.europesays.com\/es\/wp-json\/wp\/v2\/types\/post"}],"author":[{"embeddable":true,"href":"https:\/\/www.europesays.com\/es\/wp-json\/wp\/v2\/users\/2"}],"replies":[{"embeddable":true,"href":"https:\/\/www.europesays.com\/es\/wp-json\/wp\/v2\/comments?post=63723"}],"version-history":[{"count":0,"href":"https:\/\/www.europesays.com\/es\/wp-json\/wp\/v2\/posts\/63723\/revisions"}],"wp:featuredmedia":[{"embeddable":true,"href":"https:\/\/www.europesays.com\/es\/wp-json\/wp\/v2\/media\/63724"}],"wp:attachment":[{"href":"https:\/\/www.europesays.com\/es\/wp-json\/wp\/v2\/media?parent=63723"}],"wp:term":[{"taxonomy":"category","embeddable":true,"href":"https:\/\/www.europesays.com\/es\/wp-json\/wp\/v2\/categories?post=63723"},{"taxonomy":"post_tag","embeddable":true,"href":"https:\/\/www.europesays.com\/es\/wp-json\/wp\/v2\/tags?post=63723"}],"curies":[{"name":"wp","href":"https:\/\/api.w.org\/{rel}","templated":true}]}}