{"id":637280,"date":"2026-07-02T11:56:14","date_gmt":"2026-07-02T11:56:14","guid":{"rendered":"https:\/\/www.europesays.com\/es\/637280\/"},"modified":"2026-07-02T11:56:14","modified_gmt":"2026-07-02T11:56:14","slug":"julia-otero-recuerda-en-el-intermedio-sus-inicios-y-reflexiona-se-atreven-a-decir-que-el-feminismo-ha-llegado-demasiado-lejos","status":"publish","type":"post","link":"https:\/\/www.europesays.com\/es\/637280\/","title":{"rendered":"Julia Otero recuerda en &#8216;El Intermedio&#8217; sus inicios y reflexiona: \u00abSe atreven a decir que el feminismo ha llegado demasiado lejos\u00bb"},"content":{"rendered":"<p class=\"article-text\">\n        Este mi\u00e9rcoles,<strong> Sandra Sabat\u00e9s<\/strong> sent\u00f3 en su secci\u00f3n de &#8216;<strong>Mujer ten\u00eda que ser&#8217;<\/strong> en <strong>El Intermedio <\/strong>a una de las \u201cvoces m\u00e1s reconocibles de los medios de comunicaci\u00f3n\u201d: <strong>Julia Otero<\/strong>. La periodista agradeci\u00f3 la invitaci\u00f3n subrayando su admiraci\u00f3n por el formato: \u201cMe hace much\u00edsima ilusi\u00f3n estar contigo en <strong>uno de los mejores programas de televisi\u00f3n que se hacen en nuestro pa\u00eds\u201d. <\/strong>\n    <\/p>\n<p>    <a href=\"https:\/\/www.eldiario.es\/vertele\/noticias\/julia-otero-critica-david-broncano-conexion-revuelta-afganistan-mal-feo_1_12977660.html\" data-mrf-recirculation=\"saber-mas\" data-dl-event=\"saber-mas\" rel=\"nofollow noopener\" target=\"_blank\"><\/p>\n<p class=\"know-more__title\">Julia Otero critica a David Broncano por una conexi\u00f3n de &#8216;La Revuelta&#8217; con Afganist\u00e1n: \u00abQu\u00e9 mal y qu\u00e9 feo\u00bb<\/p>\n<p>            <img decoding=\"async\" class=\"lazy\" loading=\"lazy\" data-src=\"https:\/\/static.eldiario.es\/clip\/26d151c1-1ccd-4d59-a83d-32421a523ba1_16-9-aspect-ratio_default_0.jpg\" src=\"data:image\/svg+xml,%3Csvg xmlns=\" http:=\"\" viewbox=\"0 0 880 495\" alt=\"Julia Otero critica a David Broncano por una conexi\u00f3n de 'La Revuelta' con Afganist\u00e1n: &quot;Qu\u00e9 mal y qu\u00e9 feo&quot;\"\/><\/p>\n<p>                        <\/a><\/p>\n<p class=\"article-text\">\n        Sabat\u00e9s quiso saber si, despu\u00e9s de cuatro d\u00e9cadas en la profesi\u00f3n, hace balance de su trayectoria, a lo que Otero respondi\u00f3 que no sol\u00eda mirar al pasado: \u201cNo soy nada nost\u00e1lgica, no suelo pasearme por mi pasado profesional salvo en<strong> reconocer los cimientos de la mujer y la periodista que soy hoy, en la jovencita que empez\u00f3 hace 40 a\u00f1os\u201d. <\/strong>\n    <\/p>\n<p class=\"article-text\">\n        Adem\u00e1s, la catalana advirti\u00f3 de que no sirve de nada estar halagando una trayectoria: \u201cTrabajamos en un oficio en que <strong>todo el pasado por deslumbrante, premiado, laureado que sea se puede desvanecer en un instante.<\/strong> El pasado es una mochila de la que he aprendido cosas, pero yo pienso en el d\u00eda a d\u00eda, ni siquiera pienso demasiado en el futuro\u201d, asegur\u00f3.\n    <\/p>\n<p class=\"article-text\">\n        La presentadora se\u00f1al\u00f3 que Julia es una de las \u201cpocas mujeres influyentes\u201d de los medios de comunicaci\u00f3n y le pregunt\u00f3 c\u00f3mo vivi\u00f3 el haber abierto camino. \u201cNo fue f\u00e1cil\u201d, empez\u00f3 respondiendo Otero. \u201cCuando empec\u00e9, tanto en radio como en televisi\u00f3n, me ve\u00eda en mesas debatiendo con 7 u 8 hombres, yo era la \u00fanica mujer. <strong>Eso te daba un elemento en minor\u00eda que te jugaba a la contra, pero hab\u00eda que seguir pele\u00e1ndolo\u201d. <\/strong>\n    <\/p>\n<p class=\"article-text\">\n        Observ\u00f3 que \u201ctodas las que estamos ahora en medios de comunicaci\u00f3n nos lo hemos currado, y aun as\u00ed <strong>el reconocimiento recibido probablemente hubiera sido diferente si hubi\u00e9ramos sido hombres\u201d. <\/strong>\n    <\/p>\n<p class=\"article-text\">\n        A lo que Otero a\u00f1adi\u00f3 que \u201cni A d\u00eda de hoy sigue siendo f\u00e1cil\u201d y puso de ejemplo las <a href=\"https:\/\/www.eldiario.es\/vertele\/noticias\/mara-torres-lamenta-salida-barcelo-no-debia-permitirse-perder-alguien_1_13252993.html\" target=\"_blank\" data-mrf-recirculation=\"links-noticia\" class=\"link\" rel=\"nofollow noopener\">\u00faltimas salidas de la cadena SER<\/a>: \u201cEstamos viendo como en una cadena de radio donde hab\u00eda muchas mujeres, en la SER, <strong>de pronto en todo el d\u00eda no va a haber una sola voz femenina.<\/strong> No es verdad que lo tengamos todo\u201d.\n    <\/p>\n<p>    <a href=\"https:\/\/www.eldiario.es\/vertele\/noticias\/pablo-motos-cierra-temporada-hormiguero-doble-mensaje-futuro-antena-3-protector-solar_1_13350216.html\" data-mrf-recirculation=\"saber-mas-abajo\" data-dl-event=\"saber-mas-abajo\" rel=\"nofollow noopener\" target=\"_blank\"><\/p>\n<p class=\"know-more__title\">Pablo Motos cierra la temporada de &#8216;El Hormiguero&#8217; con doble mensaje: de su futuro en Antena 3 al protector solar<\/p>\n<p>            <img decoding=\"async\" class=\"lazy\" loading=\"lazy\" data-src=\"https:\/\/static.eldiario.es\/clip\/d74890a1-c51c-4818-8e0b-6d29ecc73659_16-9-aspect-ratio_default_0.jpg\" src=\"data:image\/svg+xml,%3Csvg xmlns=\" http:=\"\" viewbox=\"0 0 880 495\" alt=\"Pablo Motos cierra la temporada de 'El Hormiguero' con doble mensaje: de su futuro en Antena 3 al protector solar\"\/><\/p>\n<p>                        <\/a><\/p>\n<p class=\"article-text\">\n        Para finalizar puso el siguiente ejemplo: \u201c<strong>Es curioso, nadie dice el antirracismo ha llegado demasiado lejos, pero s\u00ed se atreven a decir que el feminismo ha llegado demasiado lejos<\/strong>. Es un poco la prueba del algod\u00f3n de que no todo est\u00e1 alcanzado. Habr\u00e1 que estar muy expectante y en los a\u00f1os que llegan habr\u00e1 que pelearlo muy duro cada d\u00eda. Si nos dejan\u201d, zanj\u00f3.\n    <\/p>\n","protected":false},"excerpt":{"rendered":"Este mi\u00e9rcoles, Sandra Sabat\u00e9s sent\u00f3 en su secci\u00f3n de &#8216;Mujer ten\u00eda que ser&#8217; en El Intermedio a una&hellip;\n","protected":false},"author":2,"featured_media":637281,"comment_status":"","ping_status":"","sticky":false,"template":"","format":"standard","meta":{"footnotes":""},"categories":[171],"tags":[7283,29448,146,147,25,24,4910,43468,36161,18772,21819,5136,16458,7197,37413,23,214],"class_list":["post-637280","post","type-post","status-publish","format-standard","has-post-thumbnail","category-tv","tag-atreven","tag-decir","tag-entertainment","tag-entretenimiento","tag-es","tag-espana","tag-feminismo","tag-inicios","tag-intermedio","tag-julia","tag-lejos","tag-llegado","tag-otero","tag-recuerda","tag-reflexiona","tag-spain","tag-tv"],"share_on_mastodon":{"url":"https:\/\/pubeurope.com\/@es\/116850261197160499","error":""},"_links":{"self":[{"href":"https:\/\/www.europesays.com\/es\/wp-json\/wp\/v2\/posts\/637280","targetHints":{"allow":["GET"]}}],"collection":[{"href":"https:\/\/www.europesays.com\/es\/wp-json\/wp\/v2\/posts"}],"about":[{"href":"https:\/\/www.europesays.com\/es\/wp-json\/wp\/v2\/types\/post"}],"author":[{"embeddable":true,"href":"https:\/\/www.europesays.com\/es\/wp-json\/wp\/v2\/users\/2"}],"replies":[{"embeddable":true,"href":"https:\/\/www.europesays.com\/es\/wp-json\/wp\/v2\/comments?post=637280"}],"version-history":[{"count":0,"href":"https:\/\/www.europesays.com\/es\/wp-json\/wp\/v2\/posts\/637280\/revisions"}],"wp:featuredmedia":[{"embeddable":true,"href":"https:\/\/www.europesays.com\/es\/wp-json\/wp\/v2\/media\/637281"}],"wp:attachment":[{"href":"https:\/\/www.europesays.com\/es\/wp-json\/wp\/v2\/media?parent=637280"}],"wp:term":[{"taxonomy":"category","embeddable":true,"href":"https:\/\/www.europesays.com\/es\/wp-json\/wp\/v2\/categories?post=637280"},{"taxonomy":"post_tag","embeddable":true,"href":"https:\/\/www.europesays.com\/es\/wp-json\/wp\/v2\/tags?post=637280"}],"curies":[{"name":"wp","href":"https:\/\/api.w.org\/{rel}","templated":true}]}}