{"id":637325,"date":"2026-07-02T12:45:07","date_gmt":"2026-07-02T12:45:07","guid":{"rendered":"https:\/\/www.europesays.com\/es\/637325\/"},"modified":"2026-07-02T12:45:07","modified_gmt":"2026-07-02T12:45:07","slug":"benjamin-noval-se-une-al-surne-bilbao-la-joya-del-ciclismo-espanol-debuta-en-sub-23-antes-de-su-salto-a-ineos","status":"publish","type":"post","link":"https:\/\/www.europesays.com\/es\/637325\/","title":{"rendered":"Benjam\u00edn Noval se une al Surne Bilbao: la joya del ciclismo espa\u00f1ol debuta en Sub-23 antes de su salto a Ineos"},"content":{"rendered":"<p style=\"\">El Surne Bilbao Cycling persigue la guinda de su primer a\u00f1o en el pelot\u00f3n sub-23. El club del proyecto multidisciplinar de Miribilla ha logrado  &#8230; un acuerdo de colaboraci\u00f3n con el Alimco-Campagnolo alav\u00e9s y el MMR Cycling Academy de Samuel S\u00e1nchez, una alianza que le va a permitir tutelar durante los pr\u00f3ximos meses a la joya del ciclismo nacional. Seg\u00fan ha podido saber este peri\u00f3dico, Benjam\u00edn Noval, el joven ciclista de Pola de Laviana (Asturias), flamante doble campe\u00f3n de Espa\u00f1a j\u00fanior, ser\u00e1 uno de los corredores en edad juvenil que vestir\u00e1 los colores del conjunto vizca\u00edno hasta final de temporada. <\/p>\n<p class=\"v-d-p\" style=\"\">El asturiano, hijo del exciclista que trabaj\u00f3 para Lance Armstrong y Alberto Contador, experimentar\u00e1 en el Surne un proceso de madurez y campo de pruebas para dar en 2027 el salto al World Tour. Noval tiene desde el curso pasado sellado su futuro con el Ineos. Desde cadetes, su nombre no para de resonar como uno de los mayores talentos sobre la bicicleta surgidos en la pen\u00ednsula. Dominador en todas las disciplinas, es el vigente campe\u00f3n de Espa\u00f1a j\u00fanior de ciclocross, XCO (monta\u00f1a) y carretera, hacia la que encaminar\u00e1 ahora su prometedora carrera. <\/p>\n<p class=\"v-d-p\" style=\"\">El pasado fin de semana en Sabi\u00f1\u00e1nigo complet\u00f3 una haza\u00f1a nunca vista hasta la fecha. El ciclista de 17 a\u00f1os todav\u00eda, generaci\u00f3n 2008, revalid\u00f3 tanto el t\u00edtulo de campe\u00f3n nacional en ruta como el de contrarreloj, algo que ni Alejandro Valverde ni Juan Ayuso consiguieron. La categor\u00eda j\u00fanior se le queda peque\u00f1a. Entre \u00e9l y el resto hay un mundo. En tierras oscenses se impuso con m\u00e1s de cuatro minutos de ventaja. Despierta admiraci\u00f3n con un motor poderoso que le permite soportar ser el favorito en cada prueba nacional y ganar por aplastamiento. Molde de buen escalador y piernas poderosas para contrarrelojear, la explosividad al sprint es la \u00fanica cualidad en la que no se ha mostrado dominador. <\/p>\n<blockquote class=\"twitter-tweet\" data-media-max-width=\"560\">\n<p lang=\"es\" dir=\"ltr\"><a href=\"https:\/\/x.com\/hashtag\/CESabi%C3%B1anigo26?src=hash&amp;ref_src=twsrc%5Etfw\" rel=\"nofollow\">#CESabi\u00f1anigo26<\/a> | \ud83d\udd25 As\u00ed ha sido el ataque que est\u00e1 decidiendo la carrera j\u00fanior\ud83d\udd25<\/p>\n<p>\ud83d\udc49Benjam\u00edn Noval (Asturias) soltando a un gran Dar\u00edo Gimeno (Cantabria) que en su primer a\u00f1o j\u00fanior est\u00e1 dejando enormes sensaciones.<\/p>\n<p>\u00a1Grandes los dos!\ud83d\ude80 <a href=\"https:\/\/t.co\/AneYNz0Yom\" rel=\"nofollow\">pic.twitter.com\/AneYNz0Yom<\/a><\/p>\n<p>\u2014 Real Federaci\u00f3n Espa\u00f1ola de Ciclismo (@RFECiclismo) <a href=\"https:\/\/x.com\/RFECiclismo\/status\/2070529231055135189?ref_src=twsrc%5Etfw\" rel=\"nofollow\">June 26, 2026<\/a><\/p><\/blockquote>\n<p class=\"v-d-p\" style=\"\">Para mantener la cabeza serena cuenta su padre y el excorredor del Euskaltel, Samuel S\u00e1nchez. Entre los dos, directores del asturiano MMR Cycling Academy, que solo tiene equipo hasta la categor\u00eda j\u00fanior, han asesorado los primeros pasos de una trayectoria encaminada hacia el profesionalismo desde 2025. Esta temporada ha competido menos de lo habitual para un corredor de su edad, enfocado a realizar entrenamientos exigentes y de calidad para mejorar su fondo y tambi\u00e9n para terminar sus estudios de bachillerato. <\/p>\n<p class=\"v-d-p\" style=\"\">Ahora se enfocar\u00e1 en el Valmorey galo, una especie de Tour de Francia j\u00fanior de cinco etapas que arrancar\u00e1 el 10 de julio. Despu\u00e9s se estrenar\u00e1 con el Surne Bilbao, que le permitir\u00e1 formar parte de la categor\u00eda sub-23. El conjunto de Miribilla le servir\u00e1 de trampol\u00edn para evitar dar el salto directo de juvenil al profesionalismo, como hicieron Evenepoel, Markel Beloki o Juan Ayuso. Tendr\u00e1 pruebas con m\u00e1s kil\u00f3metros, m\u00e1s exigentes y con m\u00e1s rivales para preparar sus dos \u00faltimos objetivos como j\u00fanior. El Europeo (Eslovenia) y el Mundial (Canad\u00e1), en el que quiere quitarse la espina del a\u00f1o pasado en Ruanda, donde una ca\u00edda le alej\u00f3 del podio. <\/p>\n<p class=\"v-d-p\" style=\"\">Noval reforzar\u00e1 la estrategia de crecimiento y expansi\u00f3n del Miribilla Cycling Club. Formado en 2015, acoge a un total de 190 j\u00f3venes entre escolares, cadetes y j\u00faniors que compiten en varias disciplinas.Este 2026 ha puesto en marcha el equipo Sub-23, con el s\u00f3lido apoyo de la aseguradora Surne, con resultados destacados como la victoria del vitoriano Eduardo de la Hoz en el prestigioso Circuito Monta\u00f1\u00e9s o los podios de Neriah Muenier, flamante campe\u00f3n de Senegal que acudir\u00e1 a finales de agosto al Tour del Porvenir, prueba de referencia del ciclismo internacional para corredores sub-23. <\/p>\n<p class=\"v-d-p\" style=\"\">Junto a los 18 ciclistas de la plantilla, el Surne recibir\u00e1 otros ocho &#8216;stagiaires&#8217; (ciclistas aprendices de una categor\u00eda inferior) adem\u00e1s de Noval. Desde el MMR llegan Mart\u00edn Fern\u00e1ndez, Juan Murujosa, \u00d3liver Losas y Nicol\u00e1s Fern\u00e1ndez, mientras que el acuerdo con Alimco-Campagnolo saltar\u00e1n el alav\u00e9s Jokin Gonz\u00e1lez de Heredia, el vizca\u00edno Danel Gorostiaga, el madrile\u00f1o Mauro Ib\u00e1\u00f1ez (ganador del Gran Premio Primavera de Amorebieta) y el burgal\u00e9s Alberto Ponce.<\/p>\n<p><script async src=\"https:\/\/platform.twitter.com\/widgets.js\" charset=\"utf-8\"><\/script><\/p>\n","protected":false},"excerpt":{"rendered":"El Surne Bilbao Cycling persigue la guinda de su primer a\u00f1o en el pelot\u00f3n sub-23. El club del&hellip;\n","protected":false},"author":2,"featured_media":637326,"comment_status":"","ping_status":"","sticky":false,"template":"","format":"standard","meta":{"footnotes":""},"categories":[273],"tags":[1611,28980,2601,313,8062,312,168,25,24,1489,1058,4020,31573,23,167,40205],"class_list":["post-637325","post","type-post","status-publish","format-standard","has-post-thumbnail","category-ciclismo","tag-ano","tag-benjamin","tag-bilbao","tag-ciclismo","tag-correra","tag-cycling","tag-deportes","tag-es","tag-espana","tag-espanol","tag-final","tag-joya","tag-noval","tag-spain","tag-sports","tag-surne"],"share_on_mastodon":{"url":"https:\/\/pubeurope.com\/@es\/116850453809563718","error":""},"_links":{"self":[{"href":"https:\/\/www.europesays.com\/es\/wp-json\/wp\/v2\/posts\/637325","targetHints":{"allow":["GET"]}}],"collection":[{"href":"https:\/\/www.europesays.com\/es\/wp-json\/wp\/v2\/posts"}],"about":[{"href":"https:\/\/www.europesays.com\/es\/wp-json\/wp\/v2\/types\/post"}],"author":[{"embeddable":true,"href":"https:\/\/www.europesays.com\/es\/wp-json\/wp\/v2\/users\/2"}],"replies":[{"embeddable":true,"href":"https:\/\/www.europesays.com\/es\/wp-json\/wp\/v2\/comments?post=637325"}],"version-history":[{"count":0,"href":"https:\/\/www.europesays.com\/es\/wp-json\/wp\/v2\/posts\/637325\/revisions"}],"wp:featuredmedia":[{"embeddable":true,"href":"https:\/\/www.europesays.com\/es\/wp-json\/wp\/v2\/media\/637326"}],"wp:attachment":[{"href":"https:\/\/www.europesays.com\/es\/wp-json\/wp\/v2\/media?parent=637325"}],"wp:term":[{"taxonomy":"category","embeddable":true,"href":"https:\/\/www.europesays.com\/es\/wp-json\/wp\/v2\/categories?post=637325"},{"taxonomy":"post_tag","embeddable":true,"href":"https:\/\/www.europesays.com\/es\/wp-json\/wp\/v2\/tags?post=637325"}],"curies":[{"name":"wp","href":"https:\/\/api.w.org\/{rel}","templated":true}]}}