{"id":637453,"date":"2026-07-02T14:28:13","date_gmt":"2026-07-02T14:28:13","guid":{"rendered":"https:\/\/www.europesays.com\/es\/637453\/"},"modified":"2026-07-02T14:28:13","modified_gmt":"2026-07-02T14:28:13","slug":"la-aplaudida-reflexion-de-isabelle-junot-con-sus-hijas-en-brazos-tu-cuerpo-no-es-el-problema","status":"publish","type":"post","link":"https:\/\/www.europesays.com\/es\/637453\/","title":{"rendered":"La aplaudida reflexi\u00f3n de Isabelle Junot con sus hijas en brazos: \u00abTu cuerpo no es el problema\u00bb"},"content":{"rendered":"<p id=\"elyEVBQUKP\" data-wc=\"74\">Isabelle Junot est\u00e1 viviendo su primer verano como madre de dos ni\u00f1as <a class=\"hm-link ho-link\" href=\"https:\/\/www.hola.com\/actualidad\/20260415895913\/isabelle-junot-ya-ha-dado-a-luz-a-su-segunda-hija-con-alvaro-falco\/\" data-mrf-recirculation=\"article-body-link\" rel=\"nofollow noopener\" target=\"_blank\">tras el reciente nacimiento de su segunda hija<\/a>. La peque\u00f1a Simona, fruto de su matrimonio con \u00c1lvaro Falc\u00f3, vino al mundo el pasado 14 de abril, uni\u00e9ndose a Philippa, su primog\u00e9nita, que acaba de cumplir tres a\u00f1os. Sus ni\u00f1as son su prioridad, e Isabelle compagina su papel como mam\u00e1 con su trabajo como coach nutricional, dos facetas que, en ocasiones, se solapan.<\/p>\n<p> <img src=\"https:\/\/www.europesays.com\/es\/wp-content\/uploads\/2026\/07\/c07f529589be-foto1-ig.jpg\"   width=\"819\" height=\"1024\" loading=\"lazy\" decoding=\"async\" alt=\"La 'coach', con sus dos hijas\" fetchpriority=\"auto\" class=\"image ho-image\"\/>\u00a9 isa.healthy.lifeLa &#8216;coach&#8217;, con sus dos hijas<br \/>\nLo que \u00abno es normal\u00bb<\/p>\n<p id=\"eEz62PzhpL\" data-wc=\"39\">Publicando nuevas fotograf\u00edas en las que aparece con sus dos hijas en brazos, Isabelle ha compartido sus pensamientos m\u00e1s sinceros y profundos sobre algunos h\u00e1bitos que se han normalizado, relacionados, principalmente, con nutrici\u00f3n, estilo de vida, entrenamiento y autopercepci\u00f3n.\u00a0<\/p>\n<p id=\"eJMrBxhxfyM\" data-wc=\"69\">\u00abY aqu\u00ed est\u00e1 la parte inc\u00f3moda: muchos de estos comportamientos no normales los hemos normalizado tanto que ya ni los cuestionamos. La culpa post-carbohidratos se siente como responsabilidad. El cardio de castigo se disfraza de disciplina. Cancelar planes por la b\u00e1scula parece razonable cuando llevas a\u00f1os haci\u00e9ndolo.Pero hay una diferencia enorme entre lo que es com\u00fan y lo que es sano. Y reconocerla es el primer paso\u00bb, ha escrito.\u00a0<\/p>\n<p> <img src=\"https:\/\/www.europesays.com\/es\/wp-content\/uploads\/2026\/07\/207e4b07f037-foto12-ig.jpg\"   width=\"819\" height=\"1024\" loading=\"lazy\" decoding=\"async\" alt=\"Isabelle Junot se ha sincerado con sus seguidores con algunas confesiones\" fetchpriority=\"auto\" class=\"image ho-image\"\/>\u00a9 isa.healthy.lifeIsabelle Junot se ha sincerado con sus seguidores con algunas confesiones<br \/>\nLas confesiones que m\u00e1s le cuestan<\/p>\n<p id=\"emS4FJ7G8g\" data-wc=\"69\">Aunque Isabelle Junot siempre se muestra muy abierta y honesta con sus seguidores, hay algunos detalles que no le gusta reconocer. Y los ha recopilado bajo el t\u00edtulo: \u00abCosas que me da pena admitir\u00bb. \u00abAunque siempre intente ir a mejor hay que aceptar que todo es un proceso y toma su tiempo, tanto para mi como para otros. No te dejes llevar solo por lo que ves\u00bb, ha recordado.<\/p>\n<p id=\"eK9YiA-1Pe\" data-wc=\"71\">Entre las confesiones que ha compartido, algunas relacionadas con la desconexi\u00f3n digital y la maternidad, admitiendo que a veces se sorprende \u00abperdi\u00e9ndose en las redes\u00bb teniendo a su beb\u00e9 delante, la presi\u00f3n de los retoques est\u00e9ticos, que en alguna ocasi\u00f3n le ha resultado tentador, o la realidad de su d\u00eda a d\u00eda actual, que poco tiene que ver con las vidas perfectas que, muchas veces, se proyectan en las redes sociales.\u00a0<\/p>\n<p>Te recomendamosSeguir leyendo<\/p>\n","protected":false},"excerpt":{"rendered":"Isabelle Junot est\u00e1 viviendo su primer verano como madre de dos ni\u00f1as tras el reciente nacimiento de su&hellip;\n","protected":false},"author":2,"featured_media":637454,"comment_status":"","ping_status":"","sticky":false,"template":"","format":"standard","meta":{"footnotes":""},"categories":[174],"tags":[517,255,146,147,25,24,256,39747,23],"class_list":["post-637453","post","type-post","status-publish","format-standard","has-post-thumbnail","category-famosos","tag-actualidad","tag-celebrities","tag-entertainment","tag-entretenimiento","tag-es","tag-espana","tag-famosos","tag-isabelle-junot","tag-spain"],"share_on_mastodon":{"url":"https:\/\/pubeurope.com\/@es\/116850859652820954","error":""},"_links":{"self":[{"href":"https:\/\/www.europesays.com\/es\/wp-json\/wp\/v2\/posts\/637453","targetHints":{"allow":["GET"]}}],"collection":[{"href":"https:\/\/www.europesays.com\/es\/wp-json\/wp\/v2\/posts"}],"about":[{"href":"https:\/\/www.europesays.com\/es\/wp-json\/wp\/v2\/types\/post"}],"author":[{"embeddable":true,"href":"https:\/\/www.europesays.com\/es\/wp-json\/wp\/v2\/users\/2"}],"replies":[{"embeddable":true,"href":"https:\/\/www.europesays.com\/es\/wp-json\/wp\/v2\/comments?post=637453"}],"version-history":[{"count":0,"href":"https:\/\/www.europesays.com\/es\/wp-json\/wp\/v2\/posts\/637453\/revisions"}],"wp:featuredmedia":[{"embeddable":true,"href":"https:\/\/www.europesays.com\/es\/wp-json\/wp\/v2\/media\/637454"}],"wp:attachment":[{"href":"https:\/\/www.europesays.com\/es\/wp-json\/wp\/v2\/media?parent=637453"}],"wp:term":[{"taxonomy":"category","embeddable":true,"href":"https:\/\/www.europesays.com\/es\/wp-json\/wp\/v2\/categories?post=637453"},{"taxonomy":"post_tag","embeddable":true,"href":"https:\/\/www.europesays.com\/es\/wp-json\/wp\/v2\/tags?post=637453"}],"curies":[{"name":"wp","href":"https:\/\/api.w.org\/{rel}","templated":true}]}}