{"id":637474,"date":"2026-07-02T14:42:33","date_gmt":"2026-07-02T14:42:33","guid":{"rendered":"https:\/\/www.europesays.com\/es\/637474\/"},"modified":"2026-07-02T14:42:33","modified_gmt":"2026-07-02T14:42:33","slug":"la-abogacia-del-estado-afirma-que-kitchen-buscaba-proteger-a-rajoy-y-quitarle-a-barcenas-papeles-que-le-comprometian","status":"publish","type":"post","link":"https:\/\/www.europesays.com\/es\/637474\/","title":{"rendered":"La Abogac\u00eda del Estado afirma que Kitchen buscaba proteger a Rajoy y quitarle a B\u00e1rcenas \u00abpapeles que le compromet\u00edan\u00bb"},"content":{"rendered":"<p class=\"article-text\">\n        La Abogac\u00eda del Estado ha apuntado este jueves en su informe final del juicio <a href=\"https:\/\/www.eldiario.es\/politica\/juicio-final-guerra-sucia-pp-especial-eldiario-operacion-kitchen_1_13104422.html\" target=\"_blank\" data-mrf-recirculation=\"links-noticia\" class=\"link\" rel=\"nofollow noopener\">de la operaci\u00f3n Kitchen<\/a> a cu\u00e1l fue el origen del operativo: \u201cSe dirige esencialmente a torpedear una investigaci\u00f3n judicial\u201d. Esa investigaci\u00f3n era el caso G\u00fcrtel de corrupci\u00f3n y la \u201cpreocupaci\u00f3n\u201d que desencadena el operativo policial ilegal ten\u00eda origen \u201cen el entorno del Partido Popular y el Gobierno de Espa\u00f1a\u201d que <a href=\"https:\/\/www.eldiario.es\/politica\/caso-kitchen-juicio-guerra-sucia-partido-popular-x-banquillo_1_13091754.html\" target=\"_blank\" data-mrf-recirculation=\"links-noticia\" class=\"link\" rel=\"nofollow noopener\">en ese momento dirig\u00eda Mariano Rajoy<\/a>. No es cre\u00edble, ha dicho la Abogac\u00eda del Estado, que toda la operaci\u00f3n se montara solo para investigar el patrimonio de Luis B\u00e1rcenas. El objetivo de esta \u201coperaci\u00f3n parapolicial\u201d eran sus grabaciones.\n    <\/p>\n<p>    <a href=\"https:\/\/www.eldiario.es\/politica\/juicio-kitchen-encara-final-dura-peticion-carcel-fiscalia-pacto-no-agresion-acusados_1_13342494.html\" data-mrf-recirculation=\"saber-mas\" data-dl-event=\"saber-mas\" rel=\"nofollow noopener\" target=\"_blank\"><\/p>\n<p class=\"know-more__title\">El juicio de Kitchen encara su final con una dura petici\u00f3n de c\u00e1rcel por la Fiscal\u00eda y el pacto de no agresi\u00f3n entre acusados<\/p>\n<p>            <img decoding=\"async\" class=\"lazy\" loading=\"lazy\" data-src=\"https:\/\/static.eldiario.es\/clip\/4aec5fbc-9dae-4a52-a282-e1f8d27e358f_16-9-aspect-ratio_default_0.jpg\" src=\"data:image\/svg+xml,%3Csvg xmlns=\" http:=\"\" viewbox=\"0 0 880 495\" alt=\"El juicio de Kitchen encara su final con una dura petici\u00f3n de c\u00e1rcel por la Fiscal\u00eda y el pacto de no agresi\u00f3n entre acusados\"\/><\/p>\n<p>                        <\/a><\/p>\n<p class=\"article-text\">\n        El juicio por la operaci\u00f3n Kitchen est\u00e1 en su \u00faltima recta antes de quedar visto para sentencia con los informes finales de las partes. La Fiscal\u00eda Anticorrupci\u00f3n ya hizo definitivas hace unos d\u00edas sus peticiones de c\u00e1rcel y <a href=\"https:\/\/www.eldiario.es\/politica\/fiscal-concluye-operacion-kitchen-tenia-finalidad-bastarda-boicotear-caso-caja-b-proteger-dirigentes-pp_1_13343957.html\" target=\"_blank\" data-mrf-recirculation=\"links-noticia\" class=\"link\" rel=\"nofollow noopener\">apunt\u00f3 a la \u201cfinalidad bastarda\u201d<\/a> del operativo: \u201cBoicotear\u201d el caso G\u00fcrtel y \u201cproteger\u201d a dirigentes del Partido Popular. La Abogac\u00eda del Estado ha apuntado directamente al exministro del Interior, Jorge Fern\u00e1ndez D\u00edaz, como el m\u00e1ximo responsable del operativo: \u201cParticip\u00f3 en la planificaci\u00f3n, coordinaci\u00f3n y seguimiento constante de la evoluci\u00f3n y los objetivos\u201d de la trama Kitchen. \u201cQue se reprenda y se reaccione por la v\u00eda del derecho a que esta operaci\u00f3n careci\u00f3 de cobertura judicial, persigui\u00f3 fines ajenos a la investigaci\u00f3n penal, utiliz\u00f3 fondos y medios p\u00fablicos y se ejecut\u00f3 mediante una estructura paralela bajo directrices pol\u00edtico-operativas al margen de la autoridad judicial\u201d, ha dicho.\n    <\/p>\n<p class=\"article-text\">\n        Las notas y grabaciones del entonces comisario Jos\u00e9 Manuel Villarejo, ha dicho el primer Abogado del Estado en intervenir, son suficientes para rechazar las tesis de defensa de los acusados: que todo era legal y que el objetivo real era investigar el patrimonio de Luis B\u00e1rcenas. \u201cNo puede comprenderse sin tener en cuenta la preocupaci\u00f3n que en el entorno del PP y del Gobierno de Espa\u00f1a generaba la figura de Luis B\u00e1rcenas\u201d, ha explicado.\n    <\/p>\n<p class=\"article-text\">\n        Una preocupaci\u00f3n que, ha dicho, \u201cse acrecienta\u201d a finales de 2012 con la publicaci\u00f3n de la contabilidad paralela del PP por parte de El Pa\u00eds y las revelaciones judiciales de B\u00e1rcenas, de quien sospechaba que ten\u00eda grabaciones comprometedoras para Mariano Rajoy y Javier Arenas. \u201cSe dirige esencialmente a torpedear una investigaci\u00f3n judicial, tiene por objetivo encontrar esas grabaciones\u201d.\n    <\/p>\n<p class=\"article-text\">\n        \u201cLa finalidad esencial es la obtenci\u00f3n y destrucci\u00f3n de documentaci\u00f3n\u201d, ha dicho el Abogado del Estado antes de apuntar directamente a Jorge Fern\u00e1ndez D\u00edaz, ministro del Interior con Mariano Rajoy, como m\u00e1ximo responsable del operativo, se\u00f1alado por la declaraci\u00f3n de Francisco Mart\u00ednez, su mano derecha en ese momento. \u201cTen\u00eda por objetivo quitarle a B\u00e1rcenas esos papeles que compromet\u00edan al presidente\u201d. La Abogac\u00eda del Estado no encuentra pruebas de que el premio para Sergio R\u00edos, el ch\u00f3fer de B\u00e1rcenas que espi\u00f3 para la trama, fuera un puesto en la Polic\u00eda Nacional auspiciado por Villarejo, pero s\u00ed de que era consciente de que estaba cometiendo una ilegalidad. \u201cEra plenamente consciente de la ilicitud de al operaci\u00f3n\u201d.\n    <\/p>\n<p>    \u201cPresi\u00f3n e intimidaci\u00f3n\u201d al agente Morocho<\/p>\n<p class=\"article-text\">\n        La Abogac\u00eda del Estado ha aprovechado su informe final del juicio de la operaci\u00f3n Kitchen para denunciar la \u201cpresi\u00f3n constante e intimidaci\u00f3n\u201d que los mandos de Interior involucrados en el caso ejercieron <a href=\"https:\/\/www.eldiario.es\/politica\/agente-morocho-revela-acusados-kitchen-filtro-cospedal-documentacion-secreta-caso-gurtel_1_13183119.html\" target=\"_blank\" data-mrf-recirculation=\"links-noticia\" class=\"link\" rel=\"nofollow noopener\">sobre el inspector de polic\u00eda Manuel Morocho<\/a> para condicionar su papel en la investigaci\u00f3n del caso G\u00fcrtel. Existi\u00f3 una \u201crelevante presi\u00f3n ambiental, laboral y contextual\u201d sobre \u00e9l, ha dicho la Abogada del Estado, \u201ccon la \u00fanica y exclusiva finalidad de afectar a sus competencias como polic\u00eda judicial\u201d en el caso que investigaba las cuentas del Partido Popular.\n    <\/p>\n<p class=\"article-text\">\n        El propio Morocho ha testificado en varios juicios y ha relatado la presi\u00f3n que sufri\u00f3 de sus superiores para modificar sus informes sobre el caso y no ser tan duro con el PP. La \u201cpresi\u00f3n\u201d, ha dicho la Abogac\u00eda del Estado, vino directamente de Eugenio Pino, entonces Director Adjunto Operativo de la Polic\u00eda Nacional. \u201cSe produjo como consecuencia de las interferencias, mediante \u00f3rdenes directas que ven\u00edan de Eugenio Pino\u201d. Cambios de destino que, en contra de lo que dijeron algunos acusados <a href=\"https:\/\/www.eldiario.es\/politica\/ultima-hora-casos-leire-zapatero-kitchen-directo_6_13256059_1123173.html\" target=\"_blank\" data-mrf-recirculation=\"links-noticia\" class=\"link\" rel=\"nofollow noopener\">para desacreditar a Morocho<\/a>, no eran \u201cmeras tensiones propias del \u00e1mbito laboral\u201d.\n    <\/p>\n<p class=\"article-text\">\n        Existi\u00f3, ha a\u00f1adido la Abogada del Estado, una \u201cestrategia sistem\u00e1tica de presi\u00f3n dirigida a condicionar la actuaci\u00f3n procesal\u201d de este polic\u00eda. \u201cFue padecedor de un conjunto coordinado de actuaciones en un contexto de superioridad jer\u00e1rquica destinadas a generar un clima de presi\u00f3n constante e intimidaci\u00f3n impl\u00edcita en su intervenci\u00f3n en el proceso judicial\u201d.\n    <\/p>\n<p>    \u201c\u00bfNo le preocupaba que apareciera M. Rajoy?\u201d<\/p>\n<p class=\"article-text\">\n        La abogada que defiende en el caso Kitchen a Luis B\u00e1rcenas, su esposa y su hijo se ha referido a la estrategia de defensa del exministro Jorge Fern\u00e1ndez D\u00edaz, que durante el juicio lleg\u00f3 a decir que <a href=\"https:\/\/www.eldiario.es\/politica\/ultima-hora-casos-leire-zapatero-kitchen-directo_6_13256059_1123184.html\" target=\"_blank\" data-mrf-recirculation=\"links-noticia\" class=\"link\" rel=\"nofollow noopener\">no hab\u00eda preocupaci\u00f3n en el PP o el Gobierno<\/a> por las revelaciones que pudiera hacer el extesorero del partido. \u201cEso no es l\u00f3gico. Preocupaci\u00f3n tendr\u00edan que tener. \u00c9l, todo el partido y todo el Gobierno\u201d. La letrada se ha referido a los apuntes de la contabilidad B que llevaba B\u00e1rcenas mientras preguntaba directamente a Fern\u00e1ndez D\u00edaz, exministro de Mariano Rajoy sentado en el banquillo. \u201c\u00bfO nos va a decir que no le preocupaba que apareciera M. Rajoy, o un mont\u00f3n de miembros de su partido? Pues le tendr\u00eda que preocupar\u201d.\n    <\/p>\n<p class=\"article-text\">\n        La defensa de la esposa y el hijo de Luis B\u00e1rcenas, que ejerce la acusaci\u00f3n en el juicio por la operaci\u00f3n Kitchen, ha sido clara en el comienzo de su informe final sobre cu\u00e1l era el objetivo del operativo parapolicial: \u201cLo que pudiera saber Luis B\u00e1rcenas hubiera podido hacer caer a un Gobierno\u201d. El extesorero ten\u00eda informaci\u00f3n comprometedora para el PP y el Gobierno y el objetivo era quit\u00e1rsela. \u201cSe trataba de localizar documentaci\u00f3n, informaci\u00f3n, grabaciones y todo lo que pudiera ser que afectara al Gobierno y al Partido Popular\u201d.\n    <\/p>\n<p class=\"article-text\">\n        Rosal\u00eda Iglesias y Guillermo &#8216;Willy&#8217; B\u00e1rcenas, ha dicho, \u201cfueron sometidos a una extrema vigilancia policial il\u00edcita\u201d. \u201cUn Estado que deb\u00eda protegerles fue utilizado contra ellos, se han utilizado las instituciones para cometer delitos de los que ha sido v\u00edctima la familia B\u00e1rcenas\u201d. \u201cSon sucesos que pod\u00edan desestabilizar el Gobierno que ejerc\u00eda el Partido Popular\u201d, ha dicho sobre las noticias de 2013 que desencadenaron el operativo. \u201cLlevaba 30 a\u00f1os en el partido, ten\u00eda much\u00edsima informaci\u00f3n y no sabemos lo que pensaba que pod\u00eda llegar a tener para montar este operativo\u201d.\n    <\/p>\n<p class=\"article-text\">\n        La letrada tambi\u00e9n ha apuntado a trato \u201can\u00f3malo\u201d a B\u00e1rcenas en la prisi\u00f3n, incluso con lesiones en un traslado, tambi\u00e9n como medida de presi\u00f3n. El objetivo era, dice, \u201cque se callara, se ten\u00eda que callar, no pod\u00eda perjudicar al PP, al Gobierno\u201d. \u201cLes ten\u00edan p\u00e1nico o un miedo tremendo\u201d, ha dicho en el tramo final de su informe. \u201cEra para salvar al Gobierno\u201d.\n    <\/p>\n<p>    <a href=\"https:\/\/www.eldiario.es\/politica\/fiscal-concluye-operacion-kitchen-tenia-finalidad-bastarda-boicotear-caso-caja-b-proteger-dirigentes-pp_1_13343957.html\" data-mrf-recirculation=\"saber-mas-abajo\" data-dl-event=\"saber-mas-abajo\" rel=\"nofollow noopener\" target=\"_blank\"><\/p>\n<p class=\"know-more__title\">El fiscal concluye que Kitchen ten\u00eda \u201cuna finalidad bastarda\u201d: \u201cboicotear\u201d el caso de la caja B y \u201cproteger\u201d a dirigentes del PP<\/p>\n<p>            <\/a><\/p>\n<p class=\"article-text\">\n        Han cerrado la jornada los abogados de las acusaciones populares de PSOE y Podemos. Gloria Pascual, abogada de los socialistas, ha apuntado directamente a Fern\u00e1ndez D\u00edaz: \u201cEl ministro no es un mero receptor pasivo, participa activamente en la estrategia\u201d. El objetivo del operativo parapolicial, ha a\u00f1adido, era \u201cevitar da\u00f1os al Partido Popular, es de lo que se trataba\u201d. Gorka Vell\u00e9, abogado de Podemos, ha incidido c\u00f3mo la trama intent\u00f3 \u201ccaptar\u201d al agente Morocho para \u201cobstaculizar\u201d la causa de la G\u00fcrtel. El juicio seguir\u00e1 el 22 de julio con los informes finales de las defensas, los alegatos que quieran hacer los acusados y el juicio quedar\u00e1 visto para sentencia.\n    <\/p>\n","protected":false},"excerpt":{"rendered":"La Abogac\u00eda del Estado ha apuntado este jueves en su informe final del juicio de la operaci\u00f3n Kitchen&hellip;\n","protected":false},"author":2,"featured_media":637475,"comment_status":"","ping_status":"","sticky":false,"template":"","format":"standard","meta":{"footnotes":""},"categories":[5],"tags":[6982,78448,17,18,47286,117834,25,24,13,14,11,12795,19,20,3294,9,10,15,16,3338,40689,9660,42866,15178,16555,23,12,21,22],"class_list":["post-637474","post","type-post","status-publish","format-standard","has-post-thumbnail","category-titulares","tag-abogacia","tag-barcenas","tag-breaking-news","tag-breakingnews","tag-buscaba","tag-comprometian","tag-es","tag-espana","tag-featured-news","tag-featurednews","tag-headlines","tag-kitchen","tag-latest-news","tag-latestnews","tag-le","tag-news","tag-noticias","tag-noticias-destacadas","tag-noticiasdestacadas","tag-origen","tag-papeles","tag-proteger","tag-quitarle","tag-rajoy","tag-senala","tag-spain","tag-titulares","tag-ultimas-noticias","tag-ultimasnoticias"],"share_on_mastodon":{"url":"https:\/\/pubeurope.com\/@es\/116850913888819978","error":""},"_links":{"self":[{"href":"https:\/\/www.europesays.com\/es\/wp-json\/wp\/v2\/posts\/637474","targetHints":{"allow":["GET"]}}],"collection":[{"href":"https:\/\/www.europesays.com\/es\/wp-json\/wp\/v2\/posts"}],"about":[{"href":"https:\/\/www.europesays.com\/es\/wp-json\/wp\/v2\/types\/post"}],"author":[{"embeddable":true,"href":"https:\/\/www.europesays.com\/es\/wp-json\/wp\/v2\/users\/2"}],"replies":[{"embeddable":true,"href":"https:\/\/www.europesays.com\/es\/wp-json\/wp\/v2\/comments?post=637474"}],"version-history":[{"count":0,"href":"https:\/\/www.europesays.com\/es\/wp-json\/wp\/v2\/posts\/637474\/revisions"}],"wp:featuredmedia":[{"embeddable":true,"href":"https:\/\/www.europesays.com\/es\/wp-json\/wp\/v2\/media\/637475"}],"wp:attachment":[{"href":"https:\/\/www.europesays.com\/es\/wp-json\/wp\/v2\/media?parent=637474"}],"wp:term":[{"taxonomy":"category","embeddable":true,"href":"https:\/\/www.europesays.com\/es\/wp-json\/wp\/v2\/categories?post=637474"},{"taxonomy":"post_tag","embeddable":true,"href":"https:\/\/www.europesays.com\/es\/wp-json\/wp\/v2\/tags?post=637474"}],"curies":[{"name":"wp","href":"https:\/\/api.w.org\/{rel}","templated":true}]}}