{"id":637510,"date":"2026-07-02T15:15:20","date_gmt":"2026-07-02T15:15:20","guid":{"rendered":"https:\/\/www.europesays.com\/es\/637510\/"},"modified":"2026-07-02T15:15:20","modified_gmt":"2026-07-02T15:15:20","slug":"balcerowski-y-el-unicaja-todas-las-opciones-abiertas","status":"publish","type":"post","link":"https:\/\/www.europesays.com\/es\/637510\/","title":{"rendered":"Balcerowski y el Unicaja: todas las opciones abiertas"},"content":{"rendered":"<p style=\"\">La remodelaci\u00f3n de la plantilla en la que el Unicaja est\u00e1 trabajando podr\u00eda ir m\u00e1s all\u00e1 de lo esperado. El club trabaja en distintos frentes  &#8230; para incorporar jugadores, pero al mismo tiempo tambi\u00e9n podr\u00eda escuchar propuestas por alguno de los que tienen contrato en vigor. Despu\u00e9s de una temporada decepcionante, no hay muchos profesionales con buen cartel en el mercado. Entre los pocos que podr\u00eda tener salida est\u00e1n Tyson P\u00e9rez y Olek Balcerowski. <\/p>\n<p class=\"v-d-p\" style=\"\">La temporada del polaco no ha sido buena. Tuvo picos con partidos muy buenos, pero tambi\u00e9n desconexiones importantes que han acrecentado las dudas sobre \u00e9l, especialmente por su rendimiento en la segunda parte de la Liga. Distintas fuentes indicaron a SUR que el Unicaja habr\u00eda planteado la posibilidad de desprenderse del p\u00edvot de 2,19 metros y 25 a\u00f1os, que tiene condici\u00f3n de jugador formado localmente, lo que se conoce como cupo. <\/p>\n<p class=\"v-d-p\" style=\"\">Seguramente no hay un jugador en el mercado nacional con sus cualidades f\u00edsicas y esa licencia de cupo, pero el problema para que el Unicaja pueda resolver su salida es su elevado salario. El club cajista ampli\u00f3 el contrato de Balcerowski a comienzos de a\u00f1o hasta 2028, incrementando, adem\u00e1s, sus emolumentos. Coincidencia o no, a partir de ese momento, su rendimiento se desplom\u00f3 y aparecieron las dudas sobre si la decisi\u00f3n fue acertada. Algunas de sus actuaciones generaron descontento entre los dirigentes del club, a pesar de que el cuerpo t\u00e9cnico hizo un gran esfuerzo para que mantuviese la concentraci\u00f3n durante los partidos. Sus problemas con las faltas desesperaron a Ibon Navarro. <\/p>\n<ul class=\"v-cmp-rld__u\">\n<li class=\"v-cmp-rld__l\">\n<p><a class=\"v-a-lnk\" href=\"http:\/\/www.diariosur.es\/unicaja\/manu-trujillo-jugara-cedido-primera-feb-cordoba-20260701134031-nt.html#vtm_modulosEngag=noticiasrelacionadas-cmp-dos:unicaja:noticia:1\" data-voc-vtm-id=\"in-text-traffic\" rel=\"nofollow noopener\" target=\"_blank\"><br \/>\n<img decoding=\"async\" loading=\"lazy\" src=\"https:\/\/www.europesays.com\/es\/wp-content\/uploads\/2026\/07\/trujillo-U04436164171Pmy-366x256@Diario Sur.jpg\" class=\"v-a-img\" width=\"258\" height=\"180\" alt=\"Manu Trujillo jugar\u00e1 cedido en Primera FEB con el C\u00f3rdoba Basket\"\/><br \/>\n<\/a><\/p>\n<\/li>\n<li class=\"v-cmp-rld__l\">\n<p><a class=\"v-a-lnk\" href=\"http:\/\/www.diariosur.es\/unicaja\/nihad-djedovic-renovacion-automatica-unicaja-20260630222636-nt.html#vtm_modulosEngag=noticiasrelacionadas-cmp-dos:unicaja:noticia:2\" data-voc-vtm-id=\"in-text-traffic\" rel=\"nofollow noopener\" target=\"_blank\"><br \/>\n<img decoding=\"async\" loading=\"lazy\" src=\"https:\/\/www.europesays.com\/es\/wp-content\/uploads\/2026\/07\/djedovic-renovacion-unicaja-U70783651161Jmr-366x256@Diario Sur.jpg\" class=\"v-a-img\" width=\"258\" height=\"180\" alt=\"Nihad Djedovic, renovaci\u00f3n autom\u00e1tica con el Unicaja\"\/><br \/>\n<\/a><\/p>\n<\/li>\n<\/ul>\n<p class=\"v-d-p\" style=\"\">La llegada de Txus Vidorreta al banquillo del Unicaja tambi\u00e9n traer\u00e1 otro estilo de juego, aunque no ha trascendido si el t\u00e9cnico vasco ha influido en este aparente cambio de rumbo. S\u00ed es cierto que el bilba\u00edno apunt\u00f3 la posibilidad de que llegase un jugador para ayudar en el puesto de &#8216;cinco&#8217;, sin mencionar posibles salidas, porque incluso puede que s\u00f3lo se contemple si surge una opci\u00f3n real y firme. Hay que recordar que, independientemente de lo que pase con Balcerowski, el Unicaja tiene el &#8216;comod\u00edn&#8217; de Yannick Nzosa, que tambi\u00e9n es cupo. <\/p>\n<p class=\"v-d-p\" style=\"\">Las alternativas de Olek Balcerowski fuera del Unicaja son reducidas. S\u00f3lo un club de la Euroliga podr\u00eda asumir su ficha o quiz\u00e1 alguno de los equipos fuertes de la Eurocup (Aris, PAOK o Bahcesehir), que han entrado con fuerza en el mercado. Antes de que fichase por el Unicaja en el verano de 2024, el p\u00edvot estuvo muy cerca de acabar en el Besiktas, que ahora est\u00e1 en la Euroliga tras haberse hecho con la plaza del M\u00f3naco. En Espa\u00f1a, el abanico se reduce a los clubes que compiten en la Euroliga. <\/p>\n<p class=\"v-d-p\" style=\"\">Seg\u00fan explicaron distintos interlocutores, el Unicaja no forzar\u00e1 la situaci\u00f3n, pero es una de las variables que se plantean en la planificaci\u00f3n de la pr\u00f3xima temporada. La segunda parte ser\u00eda buscar un recambio de nivel.<\/p>\n","protected":false},"excerpt":{"rendered":"La remodelaci\u00f3n de la plantilla en la que el Unicaja est\u00e1 trabajando podr\u00eda ir m\u00e1s all\u00e1 de lo&hellip;\n","protected":false},"author":2,"featured_media":637511,"comment_status":"","ping_status":"","sticky":false,"template":"","format":"standard","meta":{"footnotes":""},"categories":[269],"tags":[3127,5102,299,298,168,25,24,1173,23,167,2246],"class_list":["post-637510","post","type-post","status-publish","format-standard","has-post-thumbnail","category-baloncesto","tag-abiertas","tag-balcerowski","tag-baloncesto","tag-basketball","tag-deportes","tag-es","tag-espana","tag-opciones","tag-spain","tag-sports","tag-unicaja"],"share_on_mastodon":{"url":"https:\/\/pubeurope.com\/@es\/116851044743538273","error":""},"_links":{"self":[{"href":"https:\/\/www.europesays.com\/es\/wp-json\/wp\/v2\/posts\/637510","targetHints":{"allow":["GET"]}}],"collection":[{"href":"https:\/\/www.europesays.com\/es\/wp-json\/wp\/v2\/posts"}],"about":[{"href":"https:\/\/www.europesays.com\/es\/wp-json\/wp\/v2\/types\/post"}],"author":[{"embeddable":true,"href":"https:\/\/www.europesays.com\/es\/wp-json\/wp\/v2\/users\/2"}],"replies":[{"embeddable":true,"href":"https:\/\/www.europesays.com\/es\/wp-json\/wp\/v2\/comments?post=637510"}],"version-history":[{"count":0,"href":"https:\/\/www.europesays.com\/es\/wp-json\/wp\/v2\/posts\/637510\/revisions"}],"wp:featuredmedia":[{"embeddable":true,"href":"https:\/\/www.europesays.com\/es\/wp-json\/wp\/v2\/media\/637511"}],"wp:attachment":[{"href":"https:\/\/www.europesays.com\/es\/wp-json\/wp\/v2\/media?parent=637510"}],"wp:term":[{"taxonomy":"category","embeddable":true,"href":"https:\/\/www.europesays.com\/es\/wp-json\/wp\/v2\/categories?post=637510"},{"taxonomy":"post_tag","embeddable":true,"href":"https:\/\/www.europesays.com\/es\/wp-json\/wp\/v2\/tags?post=637510"}],"curies":[{"name":"wp","href":"https:\/\/api.w.org\/{rel}","templated":true}]}}