{"id":637516,"date":"2026-07-02T15:18:42","date_gmt":"2026-07-02T15:18:42","guid":{"rendered":"https:\/\/www.europesays.com\/es\/637516\/"},"modified":"2026-07-02T15:18:42","modified_gmt":"2026-07-02T15:18:42","slug":"una-obra-atribuida-al-pintor-rembrandt-se-vende-por-93-millones-de-euros-en-londres","status":"publish","type":"post","link":"https:\/\/www.europesays.com\/es\/637516\/","title":{"rendered":"Una obra atribuida al pintor Rembrandt se vende por 9,3 millones de euros en Londres"},"content":{"rendered":"<p class=\"c-paragraph\">Un cuadro atribuido recientemente al pintor barroco neerland\u00e9s Rembrandt tras ser restaurado fue vendido este mi\u00e9rcoles por 8 millones de libras (9,3 millones de euros) en una subasta celebrada en la casa Sotheby&#8217;s de Londres. La obra, titulada como Dejad que los ni\u00f1os se acerquen a m\u00ed (c.1627), era la estrella de la subasta &#8216;Maestros de la Antig\u00fcedad&#8217; celebrada por Sotheby\u00b4s, pero <b>qued\u00f3 por debajo de las expectativas iniciales<\/b>, que estimaban un precio de venta de hasta 12 millones de libras (14 millones de euros).\u00a0<\/p>\n<p class=\"c-paragraph\">Se trata de la <b>primera vez que la pintura<\/b>, que representa una escena del evangelio de Lucas y est\u00e1 parcialmente inacabada, sale al mercado despu\u00e9s de hab\u00e9rsela atribuido a Rembrandt (1606-1669) y datar\u00eda de su \u00e9poca de iniciaci\u00f3n en Leiden, su ciudad natal.<b> Fue descubierta en 2014 en otra subasta<\/b> en Colonia (Alemania), entonces catalogada como una pintura neerlandesa an\u00f3nima del siglo XVII y vendida por un mill\u00f3n y medio de euros.<\/p>\n<p class=\"c-paragraph\">Algunos expertos identificaron entonces algunos trazos en la parte superior del cuadro similares al estilo de Rembrandt, pero no fue hasta que se la someti\u00f3 a un <b>proceso de restauraci\u00f3n<\/b> y limpieza de cerca de una d\u00e9cada cuando se descubri\u00f3 que la obra hab\u00eda sido repintada y alterada posteriormente por alguien an\u00f3nimo. Se revel\u00f3 que esta mano ajena borr\u00f3 el turbante de una de las figuras para sustituirlo por un gorro tradicional holand\u00e9s y que, mientras que Rembrandt hab\u00eda pintado a un ni\u00f1o desnudo, el artista posterior lo hab\u00eda vestido.\u00a0<\/p>\n<p class=\"c-paragraph\">En declaraciones a Efe antes de la venta, la jefa de pintura de Sotheby\u00b4s en Londres, Elizabeth Lopkovitz, explic\u00f3 que lo m\u00e1s \u00abfascinante\u00bb de esta obra es que estar inacabada deja entrever el proceso de trabajo del maestro neerland\u00e9s, desde la composici\u00f3n, hasta el esbozo del color y la luz. Adem\u00e1s, Rembrandt<b> incluy\u00f3 retratos de su propia familia <\/b>\u2014como su padre, su madre y otros parientes\u2014 y en la esquina superior derecha se observa un autorretrato del propio pintor \u00abasom\u00e1ndose\u00bb a la composici\u00f3n, coment\u00f3 Lopkowitz.<\/p>\n","protected":false},"excerpt":{"rendered":"Un cuadro atribuido recientemente al pintor barroco neerland\u00e9s Rembrandt tras ser restaurado fue vendido este mi\u00e9rcoles por 8&hellip;\n","protected":false},"author":2,"featured_media":637517,"comment_status":"","ping_status":"","sticky":false,"template":"","format":"standard","meta":{"footnotes":""},"categories":[173],"tags":[229,233,231,230,117836,232,234,146,147,25,24,4125,475,57667,23,20877],"class_list":["post-637516","post","type-post","status-publish","format-standard","has-post-thumbnail","category-arte-y-diseno","tag-arte","tag-arte-y-diseno","tag-arts","tag-arts-and-design","tag-atribuida","tag-design","tag-diseno","tag-entertainment","tag-entretenimiento","tag-es","tag-espana","tag-obra","tag-pintor","tag-rembrandt","tag-spain","tag-una"],"share_on_mastodon":{"url":"https:\/\/pubeurope.com\/@es\/116851055426659231","error":""},"_links":{"self":[{"href":"https:\/\/www.europesays.com\/es\/wp-json\/wp\/v2\/posts\/637516","targetHints":{"allow":["GET"]}}],"collection":[{"href":"https:\/\/www.europesays.com\/es\/wp-json\/wp\/v2\/posts"}],"about":[{"href":"https:\/\/www.europesays.com\/es\/wp-json\/wp\/v2\/types\/post"}],"author":[{"embeddable":true,"href":"https:\/\/www.europesays.com\/es\/wp-json\/wp\/v2\/users\/2"}],"replies":[{"embeddable":true,"href":"https:\/\/www.europesays.com\/es\/wp-json\/wp\/v2\/comments?post=637516"}],"version-history":[{"count":0,"href":"https:\/\/www.europesays.com\/es\/wp-json\/wp\/v2\/posts\/637516\/revisions"}],"wp:featuredmedia":[{"embeddable":true,"href":"https:\/\/www.europesays.com\/es\/wp-json\/wp\/v2\/media\/637517"}],"wp:attachment":[{"href":"https:\/\/www.europesays.com\/es\/wp-json\/wp\/v2\/media?parent=637516"}],"wp:term":[{"taxonomy":"category","embeddable":true,"href":"https:\/\/www.europesays.com\/es\/wp-json\/wp\/v2\/categories?post=637516"},{"taxonomy":"post_tag","embeddable":true,"href":"https:\/\/www.europesays.com\/es\/wp-json\/wp\/v2\/tags?post=637516"}],"curies":[{"name":"wp","href":"https:\/\/api.w.org\/{rel}","templated":true}]}}