{"id":637604,"date":"2026-07-02T16:23:15","date_gmt":"2026-07-02T16:23:15","guid":{"rendered":"https:\/\/www.europesays.com\/es\/637604\/"},"modified":"2026-07-02T16:23:15","modified_gmt":"2026-07-02T16:23:15","slug":"tour-de-francia-movistar-acento-colombiano-esciclismo","status":"publish","type":"post","link":"https:\/\/www.europesays.com\/es\/637604\/","title":{"rendered":"Tour de Francia: Movistar, acento colombiano &#8211; Esciclismo"},"content":{"rendered":"<ol>\n<li><a href=\"https:\/\/news.google.com\/rss\/articles\/CBMiakFVX3lxTE9SN0hWaTV0U3hxbnpfUy1fU3h3OW81WUVwWHF1MklYaG9mUUtJazNBWEQ4OERIZzVJdXhyYmQwR3lGX3JONTJtM3NoMjA5dDVJQlItMjdaanBVNTV2bXRpakRjdC1qR2lqdUE?oc=5\" target=\"_blank\" rel=\"nofollow noopener\">Tour de Francia: Movistar, acento colombiano<\/a>&nbsp;&nbsp;Esciclismo<\/li>\n<li><a href=\"https:\/\/news.google.com\/rss\/articles\/CBMitAFBVV95cUxQTV9CUUlFMGIxZktqVmUzR01YZ190bzNVS3FYRGVlMHJfQ2RKUUVmbHJBZDZiN1RuVmhRMTRDcXc5TkYzQWdOWVJLRjNUbHZidkx3a2tMYTkzREp3VEpHZXRLbU5vbWotU0I2aldYcDdVRUd0Q0J3a2gwTmhPMzNJOUVObWFjSE9ld3VSdTJtUkFsaVdIdkxTcTU3ZW8tLThGWUFqQWxERVdPOWszeEc4Yks0M3rSAbQBQVVfeXFMTkdEMGlDLVlTZUhJSkxVekUxWjlScWVXaHpUQnBBU2w4WDk1cU9WWmdLYU9IREdVaTdaRFVyQjUxcjRRYjhqRjVXOHFDYjkwZ05mU3pxZHhoeTY2ZDJpT1drcXpLbjh5NmxaT21XYVpPNkN6eEw0ZXMyMFNFTnV3amZ1Q3NRVzZ1TmhiTVdwMzlpb2w0R0IyWVFGTm5Jb3NfeThvYWVUSzZibzZWSnJmVGVTN3Jr?oc=5\" target=\"_blank\" rel=\"nofollow noopener\">Eusebio Unzu\u00e9: \u00abMovistar estar\u00e1 al menos tres a\u00f1os m\u00e1s, hay que ser optimistas\u00bb<\/a>&nbsp;&nbsp;MARCA<\/li>\n<li><a href=\"https:\/\/news.google.com\/rss\/articles\/CBMiogFBVV95cUxOSHhEV0VrdUdoSkNiX1JaMmVsbDZ3QjR6ZFBSUXZjQkh6VVJvajJ5dUJkZU5zcUU4ME1TOThuYXdkVHRfZjJxTVNYRktPTXBoV2hPbXVHR3BwUWp3VGI0Y0dWTk8xdDAzMmRYMC1jUjBZVlRpZzJncWJIVEtVVHJDaHVoWDl0WEhWQUg0OG1PbC1WekZvbEplVmttNHR0SWlMNGc?oc=5\" target=\"_blank\" rel=\"nofollow noopener\">Cian Uijtdebroeks liderar\u00e1 al Movistar Team en el Tour de Francia<\/a>&nbsp;&nbsp;Movistar Team<\/li>\n<li><a href=\"https:\/\/news.google.com\/rss\/articles\/CBMiwAFBVV95cUxQeTdFc0w2SHE2TG03ZmZ5eDhHVTZkNjJFNnlrdUphTVV2WWdJdno2YkxQSmhIYTVubjRXcTJwNnRueE1NSFRHS0VUdS1JeF9lVlFudF9CSDBxN0RZVWhtZEI3R2R1N3lScjlrVk9TUTBNX0U4Nm80RnFvNDdINHlFS2dSRzFLak9mbGJIMHhjLU5SQ0VFMTlSLXg1d1JPamlwUE1vcWhZbnhMbGpaZHc1Xy1qNWtkMzJjS2htTVZTcjc?oc=5\" target=\"_blank\" rel=\"nofollow noopener\">Eusebio Unzue: \u00abConsolidar a Uijtdebroeks como l\u00edder y ganar una etapa son los objetivos\u00bb<\/a>&nbsp;&nbsp;EFE &#8211; Agencia de noticias<\/li>\n<li><a href=\"https:\/\/news.google.com\/rss\/articles\/CBMi5wFBVV95cUxQelo4OU5OM3d2ZXRaT1U4Q3N5dURFTGlvTjF5Z1NUUTluNXc4ZXZncFNvTXFQM3dxQ3JTbTJZaHFxc3VGOXNRLTR6aE9VV1UxaVlvWDNzWmpkTl9rVVgtcjNJeXEyOEVabkNUaXhRbm8zSjVod2lvYWNVeUJwdEpnMWNrd1hjY3NVRzJERXRMS2gwWFZUMHRsUktnalJUTlF0czJvenZtM1F4MUZyUllQVVhpd1ZnRjVBUWxIWTRjTHA4WlM5am51Sm4tQzRpOWVpUjVTcGwwMDN3a19WZ05oQjdESVlFN2fSAfsBQVVfeXFMUFFTRUJKY0tFcnVpRW12UV9ZYV9wYmxXOTdaNjE0OGY0QmFnWUJ6bGlRMDdEY2RKcVpYcmRzMG9JRXFmcy1EUFZNeTJKcDZmOUNUN3Y0ZjdEcDNxRU50MnNIWEk0bUlRWF9xVU85cEZrSWZubjE1NkZpU09MVXAzc3BYQkNNWUNsSWZaekxlYk1TcjVLQTZPeU5pUlYzQnVncHlYZlV4RDBrd1h5R1BvMDF5SC16UldRYllTRUlRSm44alFkanRWWTdWT1pqalFhRjY4Q1dHZWJuUlJaQjN4SXZkdWtsQzl3dTRyQ2l1V1NqdGhwcGVPbmhKbzQ?oc=5\" target=\"_blank\" rel=\"nofollow noopener\">Pablo Castrillo afronta su segundo Tour de Francia con el sue\u00f1o de conquistar una etapa<\/a>&nbsp;&nbsp;Cadena SER<\/li>\n<\/ol>\n","protected":false},"excerpt":{"rendered":"Tour de Francia: Movistar, acento colombiano&nbsp;&nbsp;Esciclismo Eusebio Unzu\u00e9: \u00abMovistar estar\u00e1 al menos tres a\u00f1os m\u00e1s, hay que ser&hellip;\n","protected":false},"author":2,"featured_media":633703,"comment_status":"","ping_status":"","sticky":false,"template":"","format":"standard","meta":{"footnotes":""},"categories":[273],"tags":[16850,57928,988,7569,13281,11953,313,1757,53639,10084,21491,312,117871,168,11956,411,111938,158,5558,622,25,24,2501,87583,8201,317,21440,23392,5968,303,35511,41433,28168,79297,10747,5118,14346,523,23,167,316,31929],"class_list":["post-637604","post","type-post","status-publish","format-standard","has-post-thumbnail","category-ciclismo","tag-acento","tag-acudido","tag-anos","tag-bajo","tag-bandera","tag-belga","tag-ciclismo","tag-ciclista","tag-colom","tag-colombiano","tag-corre","tag-cycling","tag-defienda","tag-deportes","tag-desde","tag-director","tag-einer","tag-el","tag-ensena","tag-equipo","tag-es","tag-espana","tag-espanola","tag-eusebio","tag-filas","tag-francia","tag-hace","tag-jefe","tag-mantiene","tag-movistar","tag-nacionalidad","tag-ocasion","tag-olvidar","tag-practicamente","tag-quien","tag-reconoce","tag-rubio","tag-sera","tag-spain","tag-sports","tag-tour","tag-unzue"],"share_on_mastodon":{"url":"https:\/\/pubeurope.com\/@es\/116851310989898801","error":""},"_links":{"self":[{"href":"https:\/\/www.europesays.com\/es\/wp-json\/wp\/v2\/posts\/637604","targetHints":{"allow":["GET"]}}],"collection":[{"href":"https:\/\/www.europesays.com\/es\/wp-json\/wp\/v2\/posts"}],"about":[{"href":"https:\/\/www.europesays.com\/es\/wp-json\/wp\/v2\/types\/post"}],"author":[{"embeddable":true,"href":"https:\/\/www.europesays.com\/es\/wp-json\/wp\/v2\/users\/2"}],"replies":[{"embeddable":true,"href":"https:\/\/www.europesays.com\/es\/wp-json\/wp\/v2\/comments?post=637604"}],"version-history":[{"count":0,"href":"https:\/\/www.europesays.com\/es\/wp-json\/wp\/v2\/posts\/637604\/revisions"}],"wp:featuredmedia":[{"embeddable":true,"href":"https:\/\/www.europesays.com\/es\/wp-json\/wp\/v2\/media\/633703"}],"wp:attachment":[{"href":"https:\/\/www.europesays.com\/es\/wp-json\/wp\/v2\/media?parent=637604"}],"wp:term":[{"taxonomy":"category","embeddable":true,"href":"https:\/\/www.europesays.com\/es\/wp-json\/wp\/v2\/categories?post=637604"},{"taxonomy":"post_tag","embeddable":true,"href":"https:\/\/www.europesays.com\/es\/wp-json\/wp\/v2\/tags?post=637604"}],"curies":[{"name":"wp","href":"https:\/\/api.w.org\/{rel}","templated":true}]}}