{"id":637671,"date":"2026-07-02T17:13:11","date_gmt":"2026-07-02T17:13:11","guid":{"rendered":"https:\/\/www.europesays.com\/es\/637671\/"},"modified":"2026-07-02T17:13:11","modified_gmt":"2026-07-02T17:13:11","slug":"el-real-zaragoza-acelera-la-busqueda-de-un-portero-tras-despedirse-de-fuoli","status":"publish","type":"post","link":"https:\/\/www.europesays.com\/es\/637671\/","title":{"rendered":"El Real Zaragoza acelera la b\u00fasqueda de un portero tras despedirse de Fuoli"},"content":{"rendered":"<p class=\"c-paragraph\"><b>Diego Fuoli le ha comunicado al Sabadell su intenci\u00f3n de respetar su contrato y aceptar la decisi\u00f3n del club catal\u00e1n de no facilitar su traspaso al Real Zaragoza<\/b>. <a href=\"https:\/\/www.heraldo.es\/noticias\/deportes\/futbol\/real-zaragoza\/2026\/07\/01\/real-zaragoza-comienza-dar-por-perdido-fuoli-activa-alternativas-2033708.html\" title=\"El Real Zaragoza comienza a dar por perdido a Fuoli y activa alternativas\" rel=\"nofollow noopener\" target=\"_blank\">Como avanz\u00f3 ayer este diario, en la entidad aragonesa ya se empezaba a dar por perdido a su m\u00e1ximo objetivo para la porter\u00eda<\/a>, y la vuelta de llave definitiva a la operaci\u00f3n se la ha dado el propio Fuoli al trasladarle al Sabadell su voluntad de seguir en Segunda Divisi\u00f3n, ascenso de categor\u00eda que ha terminado de tumbarle sus deseos al Real Zaragoza. Como se preve\u00eda, Fuoli no ha querido intervenir en las negociaciones ni forzar su salida, pese a que quer\u00eda regresar a Zaragoza y ten\u00eda un contrato ya negociado. El portero, en este sentido, ha ejercido con profesionalidad y honestidad con el Sabadell. El club arlequinado se ha mostrado firme y ha remitido en todo momento a la cl\u00e1usula, pero el Zaragoza no iba a hacer locuras en Primera RFEF por un portero. Ten\u00eda fijados unos l\u00edmites econ\u00f3micos para el traspaso y para acomodar su amortizaci\u00f3n en su nueva realidad econ\u00f3mica y deportiva, y no preve\u00eda cruzarlos, menos tras el ascenso del Sabadell, <b>la ampliaci\u00f3n de Fuoli hasta 2028 y el incremento de la cl\u00e1usula de rescisi\u00f3n.\u00a0<\/b><\/p>\n","protected":false},"excerpt":{"rendered":"Diego Fuoli le ha comunicado al Sabadell su intenci\u00f3n de respetar su contrato y aceptar la decisi\u00f3n del&hellip;\n","protected":false},"author":2,"featured_media":637672,"comment_status":"","ping_status":"","sticky":false,"template":"","format":"standard","meta":{"footnotes":""},"categories":[268],"tags":[14603,20263,168,25,24,280,282,798,281,23,167,16743,491],"class_list":["post-637671","post","type-post","status-publish","format-standard","has-post-thumbnail","category-futbol","tag-acelera","tag-busqueda","tag-deportes","tag-es","tag-espana","tag-football","tag-futbol","tag-real","tag-soccer","tag-spain","tag-sports","tag-un","tag-zaragoza"],"share_on_mastodon":{"url":"https:\/\/pubeurope.com\/@es\/116851507825786863","error":""},"_links":{"self":[{"href":"https:\/\/www.europesays.com\/es\/wp-json\/wp\/v2\/posts\/637671","targetHints":{"allow":["GET"]}}],"collection":[{"href":"https:\/\/www.europesays.com\/es\/wp-json\/wp\/v2\/posts"}],"about":[{"href":"https:\/\/www.europesays.com\/es\/wp-json\/wp\/v2\/types\/post"}],"author":[{"embeddable":true,"href":"https:\/\/www.europesays.com\/es\/wp-json\/wp\/v2\/users\/2"}],"replies":[{"embeddable":true,"href":"https:\/\/www.europesays.com\/es\/wp-json\/wp\/v2\/comments?post=637671"}],"version-history":[{"count":0,"href":"https:\/\/www.europesays.com\/es\/wp-json\/wp\/v2\/posts\/637671\/revisions"}],"wp:featuredmedia":[{"embeddable":true,"href":"https:\/\/www.europesays.com\/es\/wp-json\/wp\/v2\/media\/637672"}],"wp:attachment":[{"href":"https:\/\/www.europesays.com\/es\/wp-json\/wp\/v2\/media?parent=637671"}],"wp:term":[{"taxonomy":"category","embeddable":true,"href":"https:\/\/www.europesays.com\/es\/wp-json\/wp\/v2\/categories?post=637671"},{"taxonomy":"post_tag","embeddable":true,"href":"https:\/\/www.europesays.com\/es\/wp-json\/wp\/v2\/tags?post=637671"}],"curies":[{"name":"wp","href":"https:\/\/api.w.org\/{rel}","templated":true}]}}