{"id":63770,"date":"2025-08-22T02:55:07","date_gmt":"2025-08-22T02:55:07","guid":{"rendered":"https:\/\/www.europesays.com\/es\/63770\/"},"modified":"2025-08-22T02:55:07","modified_gmt":"2025-08-22T02:55:07","slug":"el-conde-de-montecristo-la-serie-de-un-clasico-que-no-decepciona","status":"publish","type":"post","link":"https:\/\/www.europesays.com\/es\/63770\/","title":{"rendered":"&#8216;El conde de Montecristo&#8217;, la serie de un cl\u00e1sico que no decepciona"},"content":{"rendered":"<p class=\"voc-p\" style=\"\">Las novelas de <a href=\"https:\/\/www.abc.es\/play\/cine\/criticas\/critica-tres-mosqueteros-milady-alejandro-dumas-20240125200302-nt.html\" target=\"_self\" data-voc-vtm-id=\"in-text-traffic\" title=\"Alejandro Dumas\" data-mrf-link=\"www.abc.es\" rel=\"nofollow noopener\">Alejandro Dumas<\/a> triunfaron en el Siglo XIX -\u00e9poca en la que se publicaron- y, a d\u00eda de hoy, contin\u00faan con la estela de un cl\u00e1sico que nunca decepciona. &#8216;El conde de Montecristo&#8217; es una de estos exitosos libros (publicado entre 1844 y 1846 por entregas a modo follet\u00edn) que se ha versionado de mil formas. La \u00faltima es una serie de ocho cap\u00edtulos que ha conquistado, con casi 500 mil espectadores, <strong>las noches de los martes de La 2<\/strong> y que se puede ver cuando se quiera en RTVE Play. Aunque reci\u00e9n llega a Espa\u00f1a, se estren\u00f3 en 2024 y es una coproducida de Francia e Italia.<\/p>\n<p class=\"voc-p\" style=\"\">Como en el cl\u00e1sico, el marinero Edmundo Dant\u00e9s va a ser nombrado capit\u00e1n de un barco y se va a casar con Mercedes, la mujer de sus sue\u00f1os, en definitiva, la suerte le sonr\u00ede. Pero su fortuna levanta envidias y acaba siendo acusado de ser esp\u00eda bonapartista (enemigo del rey) y encarcelado en el <strong>Castillo de If<\/strong>. Pasa una d\u00e9cada encerrado junto a Abate Faria, un italiano que le ense\u00f1a las claves para sobrevivir a la prisi\u00f3n y una ruta que le guiar\u00e1 hasta un tesoro escondido. Cuando el protagonista se libera del encarcelamiento y, bajo una nueva identidad, emprende el camino de la venganza.<\/p>\n<p class=\"voc-p\" style=\"\">En esta nueva versi\u00f3n <strong>Sam Claflin<\/strong>, famoso por interpretar a Finnick Odair en la saga de &#8216;Los juegos del hambre&#8217;, interpreta al carism\u00e1tico y vengativo Dant\u00e9s. El actor brit\u00e1nico encabeza un elenco internacional que completan, entre otros, <a href=\"https:\/\/www.abc.es\/cultura\/toros\/jeremy-irons-fascinado-roca-rey-encuentro-dos-20250509120451-nt.html\" target=\"_self\" data-voc-vtm-id=\"in-text-traffic\" title=\"Jeremy Irons\" data-mrf-link=\"www.abc.es\" rel=\"nofollow noopener\">Jeremy Irons<\/a>, ganador de un Oscar a mejor actor y la voz original de Scar en &#8216;El rey le\u00f3n&#8217;, se mete en la piel de Abate Faria. Y la francesa <strong>Ana Girardot<\/strong>, conocida por sus papeles en &#8216;Tan cerca, tan lejos&#8217; y &#8216;Nuestra vida en la Borgo\u00f1a&#8217;, es Mercedes, la prometida de Claflin en la ficci\u00f3n. Una serie conducida por el dan\u00e9s Bille August, director de dramas como &#8216;Los miserables&#8217; de 1998 y &#8216;Pelle el Conquistador&#8217;, ti\u00f1endo la producci\u00f3n del drama digno de la novela de Dumas.<\/p>\n<p class=\"voc-p\" style=\"\">Las localizaciones son parte importante del ambiente m\u00edstico y de \u00e9poca de esta producci\u00f3n. <a href=\"https:\/\/www.abc.es\/cultura\/ultimo-voceador-periodicos-paris-continua-oficio-tras-20250820193007-vi.html\" target=\"_self\" data-voc-vtm-id=\"in-text-traffic\" title=\"Par\u00eds\" data-mrf-link=\"www.abc.es\" rel=\"nofollow noopener\">Par\u00eds<\/a><strong>, Tur\u00edn, Mil\u00e1n y Malta<\/strong> (Castillo de If) son algunos de los enclaves que han acogido el rodaje de esta adaptaci\u00f3n. El puerto, las calles y las casas han sido los escenarios perfectos. Irons, quien interpreta al sabio italiano, coment\u00f3 en un entrevista con Variety que este castillo, casi coprotagonista de la historia, tiene la misma edad que la descrita por Dumas en el texto original.<\/p>\n<p class=\"voc-p\" style=\"\">Un conjunto de actores que han llevado esta adaptaci\u00f3n del cl\u00e1sico de la literatura a un gran triunfo en la peque\u00f1a pantalla. <strong>Casi seis millones de espectadores conectaron con la serie mientras se emit\u00eda en RAI 1<\/strong>, la televisi\u00f3n italiana. Otros pa\u00edses como Reino Unido, Suiza, Hungr\u00eda y Estados Unidos, la han adquirido para emitirla.<\/p>\n<p>\nOtros condes de Montecristo\n<\/p>\n<p class=\"voc-p\" style=\"\">Sam Claflin no es el primero, ni ser\u00e1 el \u00faltimo, actor en interpretar al m\u00edtico personaje. Desde 1934, con la versi\u00f3n protagonizada por Robert Donat, fue una de las primeras y m\u00e1s ic\u00f3nicas. En 1969, <strong>Pepe Mart\u00edn<\/strong> se convirti\u00f3 en el conde de Montecristo m\u00e1s famoso de Espa\u00f1a; y en 2024, los franceses Matthieu Delaporte y Alexandre de La Patelli\u00e8re concibieron un nuevo enfoque consiguiendo un aclamado recibimiento. <strong>Pero el cine no es el \u00fanico medio audiovisual que ha presentado esta historia<\/strong>. En 1964, la BBC estren\u00f3 una serie de 12 episodios con Alan Badel como Dant\u00e9s. <\/p>\n<p class=\"voc-p\" style=\"\">Jap\u00f3n se sum\u00f3 a la fiebre de la adaptaci\u00f3n y en 2004 estrenaron &#8216;<strong>Gankutsuou: The Count of Monte Cristo<\/strong>&#8216;, un anime futurista que cuenta con una reinterpretaci\u00f3n art\u00edstica. Hasta el teatro y la novela gr\u00e1fica se unieron a la historia de un cl\u00e1sico que triunfa, aunque la historia siempre sea la misma, por la conexi\u00f3n del p\u00fablico con sus personajes y emociones.<\/p>\n<p>Reportar un error<\/p>\n","protected":false},"excerpt":{"rendered":"Las novelas de Alejandro Dumas triunfaron en el Siglo XIX -\u00e9poca en la que se publicaron- y, a&hellip;\n","protected":false},"author":2,"featured_media":63771,"comment_status":"","ping_status":"","sticky":false,"template":"","format":"standard","meta":{"footnotes":""},"categories":[91],"tags":[5145,6637,26203,146,147,25,24,26202,156,23],"class_list":{"0":"post-63770","1":"post","2":"type-post","3":"status-publish","4":"format-standard","5":"has-post-thumbnail","7":"category-entretenimiento","8":"tag-clasico","9":"tag-conde","10":"tag-decepciona","11":"tag-entertainment","12":"tag-entretenimiento","13":"tag-es","14":"tag-espana","15":"tag-montecristo","16":"tag-serie","17":"tag-spain"},"share_on_mastodon":{"url":"","error":""},"_links":{"self":[{"href":"https:\/\/www.europesays.com\/es\/wp-json\/wp\/v2\/posts\/63770","targetHints":{"allow":["GET"]}}],"collection":[{"href":"https:\/\/www.europesays.com\/es\/wp-json\/wp\/v2\/posts"}],"about":[{"href":"https:\/\/www.europesays.com\/es\/wp-json\/wp\/v2\/types\/post"}],"author":[{"embeddable":true,"href":"https:\/\/www.europesays.com\/es\/wp-json\/wp\/v2\/users\/2"}],"replies":[{"embeddable":true,"href":"https:\/\/www.europesays.com\/es\/wp-json\/wp\/v2\/comments?post=63770"}],"version-history":[{"count":0,"href":"https:\/\/www.europesays.com\/es\/wp-json\/wp\/v2\/posts\/63770\/revisions"}],"wp:featuredmedia":[{"embeddable":true,"href":"https:\/\/www.europesays.com\/es\/wp-json\/wp\/v2\/media\/63771"}],"wp:attachment":[{"href":"https:\/\/www.europesays.com\/es\/wp-json\/wp\/v2\/media?parent=63770"}],"wp:term":[{"taxonomy":"category","embeddable":true,"href":"https:\/\/www.europesays.com\/es\/wp-json\/wp\/v2\/categories?post=63770"},{"taxonomy":"post_tag","embeddable":true,"href":"https:\/\/www.europesays.com\/es\/wp-json\/wp\/v2\/tags?post=63770"}],"curies":[{"name":"wp","href":"https:\/\/api.w.org\/{rel}","templated":true}]}}