{"id":63781,"date":"2025-08-22T03:03:10","date_gmt":"2025-08-22T03:03:10","guid":{"rendered":"https:\/\/www.europesays.com\/es\/63781\/"},"modified":"2025-08-22T03:03:10","modified_gmt":"2025-08-22T03:03:10","slug":"vettori-vs-allen-pelea-de-la-noche","status":"publish","type":"post","link":"https:\/\/www.europesays.com\/es\/63781\/","title":{"rendered":"Vettori vs. Allen: Pelea De La Noche"},"content":{"rendered":"<p><strong>Islam Dulatov<\/strong> entr\u00f3 de lleno al radar de las promesas a seguir en el peso welter gracias a un debut de ensue\u00f1o. El striker desconect\u00f3 a Adam Fugitt con una combinaci\u00f3n de dos golpes precisos y cerr\u00f3 la pelea en el primer asalto. Luego de su presentaci\u00f3n majestuosa en DWCS, el guerrero alem\u00e1n increment\u00f3 su aura de noqueador cl\u00ednico y su performance fue premiada con un bono a la\u00a0<strong>Actuaci\u00f3n de la Noche<\/strong>.<\/p>\n","protected":false},"excerpt":{"rendered":"Islam Dulatov entr\u00f3 de lleno al radar de las promesas a seguir en el peso welter gracias a&hellip;\n","protected":false},"author":2,"featured_media":63782,"comment_status":"","ping_status":"","sticky":false,"template":"","format":"standard","meta":{"footnotes":""},"categories":[276],"tags":[168,25,24,23,167,343],"class_list":{"0":"post-63781","1":"post","2":"type-post","3":"status-publish","4":"format-standard","5":"has-post-thumbnail","7":"category-ufc","8":"tag-deportes","9":"tag-es","10":"tag-espana","11":"tag-spain","12":"tag-sports","13":"tag-ufc"},"share_on_mastodon":{"url":"","error":""},"_links":{"self":[{"href":"https:\/\/www.europesays.com\/es\/wp-json\/wp\/v2\/posts\/63781","targetHints":{"allow":["GET"]}}],"collection":[{"href":"https:\/\/www.europesays.com\/es\/wp-json\/wp\/v2\/posts"}],"about":[{"href":"https:\/\/www.europesays.com\/es\/wp-json\/wp\/v2\/types\/post"}],"author":[{"embeddable":true,"href":"https:\/\/www.europesays.com\/es\/wp-json\/wp\/v2\/users\/2"}],"replies":[{"embeddable":true,"href":"https:\/\/www.europesays.com\/es\/wp-json\/wp\/v2\/comments?post=63781"}],"version-history":[{"count":0,"href":"https:\/\/www.europesays.com\/es\/wp-json\/wp\/v2\/posts\/63781\/revisions"}],"wp:featuredmedia":[{"embeddable":true,"href":"https:\/\/www.europesays.com\/es\/wp-json\/wp\/v2\/media\/63782"}],"wp:attachment":[{"href":"https:\/\/www.europesays.com\/es\/wp-json\/wp\/v2\/media?parent=63781"}],"wp:term":[{"taxonomy":"category","embeddable":true,"href":"https:\/\/www.europesays.com\/es\/wp-json\/wp\/v2\/categories?post=63781"},{"taxonomy":"post_tag","embeddable":true,"href":"https:\/\/www.europesays.com\/es\/wp-json\/wp\/v2\/tags?post=63781"}],"curies":[{"name":"wp","href":"https:\/\/api.w.org\/{rel}","templated":true}]}}