{"id":637877,"date":"2026-07-02T19:37:18","date_gmt":"2026-07-02T19:37:18","guid":{"rendered":"https:\/\/www.europesays.com\/es\/637877\/"},"modified":"2026-07-02T19:37:18","modified_gmt":"2026-07-02T19:37:18","slug":"la-banda-que-disgustaba-a-george-harrison-son-egocentricos","status":"publish","type":"post","link":"https:\/\/www.europesays.com\/es\/637877\/","title":{"rendered":"La banda que disgustaba a George Harrison: \u00abSon egoc\u00e9ntricos\u00bb"},"content":{"rendered":"<p class=\"wp-block-paragraph\">A diferencia de sus compa\u00f1eros en <a href=\"https:\/\/indiehoy.com\/historias\/cancion-beatles-dos-significados-segun-john-lennon-paul-mccartney\/\" target=\"_blank\" rel=\"noreferrer noopener nofollow\">The Beatles<\/a>, <strong>George Harrison<\/strong> no sol\u00eda emitir juicio con respecto a sus colegas. Sin embargo, cuando abr\u00eda la boca, el guitarrista pod\u00eda usar su lengua tanto para tirar elogios como para defenestrar a colegas, tal y como hizo con <strong>U2<\/strong>. En 1997 habl\u00f3 con el medio franc\u00e9s Le Figaro y cuando se le pregunt\u00f3 por grupos destacados de la \u00e9poca, como <a href=\"https:\/\/indiehoy.com\/historias\/5-canciones-nacieron-en-broma-oasis-blur-the-beatles-red-hot-chili-peppers-blink-182\/\" target=\"_blank\" rel=\"noreferrer noopener nofollow\">Oasis<\/a> y Texas, afirm\u00f3: \u201c\u00a1Basura! No son muy interesantes. Est\u00e1 bien si tienes 14 a\u00f1os. Prefiero escuchar a Bob Dylan\u201d.<\/p>\n<p class=\"wp-block-paragraph\">Acto seguido, <strong>Harrison dispar\u00f3 contra <a href=\"https:\/\/indiehoy.com\/historias\/bono-elige-mejor-lider-bandas-historia\/\" target=\"_blank\" rel=\"noreferrer noopener nofollow\">Bono<\/a> y los suyos, a quienes tild\u00f3 de \u201cegoc\u00e9ntricos\u201d<\/strong>. \u201c\u00bfSabes qu\u00e9 es lo que me irrita de la m\u00fasica moderna? Que todo se basa en el ego. Mira un grupo como U2. <strong>Bono y su banda son tan egoc\u00e9ntricos. Cuanto m\u00e1s saltas, m\u00e1s grande es tu sombrero, m\u00e1s personas escuchan tu m\u00fasica. Lo \u00fanico importante es vender y ganar dinero. No tiene nada que ver con el talento<\/strong>\u201d.<\/p>\n<p class=\"wp-block-paragraph\">A pesar de haber recibido varios palitos de parte de Harrison, cuando este muri\u00f3 en 2001, Bono aprovech\u00f3 una entrevista con <a href=\"https:\/\/transcripts.cnn.com\/show\/pitn\/date\/2001-12-01\/segment\/00\" target=\"_blank\" rel=\"noreferrer noopener nofollow\">CNN<\/a> para manifestar su admiraci\u00f3n por el exBeatle:<\/p>\n<blockquote class=\"wp-block-quote is-layout-flow wp-block-quote-is-layout-flow\">\n<p class=\"wp-block-paragraph\">\u201cBueno, no le gustaba mucho U2. Pero lo amamos. Realmente lo amamos. Quiero decir, The Beatles escribieron el mapa para un grupo como U2 y \u00e9l era una parte esencial de eso. Trajo un genio especial para la composici\u00f3n de canciones que se pasa por alto f\u00e1cilmente. Creo que hay una especie de cualidad desconocida, una especie de cualidad misteriosa en su m\u00fasica que lo convirti\u00f3 en un personaje muy atractivo y le dio a The Beatles una dimensi\u00f3n extra, de verdad\u201d.<\/p>\n<\/blockquote>\n","protected":false},"excerpt":{"rendered":"A diferencia de sus compa\u00f1eros en The Beatles, George Harrison no sol\u00eda emitir juicio con respecto a sus&hellip;\n","protected":false},"author":2,"featured_media":637878,"comment_status":"","ping_status":"","sticky":false,"template":"","format":"standard","meta":{"footnotes":""},"categories":[170],"tags":[146,147,25,24,14966,184,185,23],"class_list":["post-637877","post","type-post","status-publish","format-standard","has-post-thumbnail","category-musica","tag-entertainment","tag-entretenimiento","tag-es","tag-espana","tag-george-harrison","tag-music","tag-musica","tag-spain"],"share_on_mastodon":{"url":"https:\/\/pubeurope.com\/@es\/116852073833439453","error":""},"_links":{"self":[{"href":"https:\/\/www.europesays.com\/es\/wp-json\/wp\/v2\/posts\/637877","targetHints":{"allow":["GET"]}}],"collection":[{"href":"https:\/\/www.europesays.com\/es\/wp-json\/wp\/v2\/posts"}],"about":[{"href":"https:\/\/www.europesays.com\/es\/wp-json\/wp\/v2\/types\/post"}],"author":[{"embeddable":true,"href":"https:\/\/www.europesays.com\/es\/wp-json\/wp\/v2\/users\/2"}],"replies":[{"embeddable":true,"href":"https:\/\/www.europesays.com\/es\/wp-json\/wp\/v2\/comments?post=637877"}],"version-history":[{"count":0,"href":"https:\/\/www.europesays.com\/es\/wp-json\/wp\/v2\/posts\/637877\/revisions"}],"wp:featuredmedia":[{"embeddable":true,"href":"https:\/\/www.europesays.com\/es\/wp-json\/wp\/v2\/media\/637878"}],"wp:attachment":[{"href":"https:\/\/www.europesays.com\/es\/wp-json\/wp\/v2\/media?parent=637877"}],"wp:term":[{"taxonomy":"category","embeddable":true,"href":"https:\/\/www.europesays.com\/es\/wp-json\/wp\/v2\/categories?post=637877"},{"taxonomy":"post_tag","embeddable":true,"href":"https:\/\/www.europesays.com\/es\/wp-json\/wp\/v2\/tags?post=637877"}],"curies":[{"name":"wp","href":"https:\/\/api.w.org\/{rel}","templated":true}]}}