{"id":637950,"date":"2026-07-02T20:31:19","date_gmt":"2026-07-02T20:31:19","guid":{"rendered":"https:\/\/www.europesays.com\/es\/637950\/"},"modified":"2026-07-02T20:31:19","modified_gmt":"2026-07-02T20:31:19","slug":"ultima-hora-de-los-terremotos-en-venezuela-exteriores-eleva-a-27-los-espanoles-muertos","status":"publish","type":"post","link":"https:\/\/www.europesays.com\/es\/637950\/","title":{"rendered":"\u00daltima hora de los terremotos en Venezuela: Exteriores eleva a 27 los espa\u00f1oles muertos"},"content":{"rendered":"<p class=\"article-text\">\n        Un superviviente de los terremotos en Venezuela fue rescatado en la ma\u00f1ana de este jueves, tras ocho d\u00edas bajo los escombros de un edificio en el estado de La Guaira (norte del pa\u00eds, aleda\u00f1o a Caracas) y una operaci\u00f3n de salvamento de casi 72 horas. Hern\u00e1n Gil hab\u00eda quedado atrapado en la garita de vigilancia del edificio ubicado en la localidad de Catia La Mar donde trabajaba, despu\u00e9s de los terremotos de magnitud 7,2 y 7,5 del pasado 24 de junio.\n    <\/p>\n<p class=\"article-text\">\n        Las labores de salvamento comenzaron formalmente a las 10:00 hora local del lunes y, desde entonces, el grupo de unos 100 rescatistas, entre ellos chilenos, estadounidenses, portugueses, costarricenses y salvadore\u00f1os, estuvo en constante comunicaci\u00f3n con \u00e9l, hidrat\u00e1ndolo y pas\u00e1ndole medicaci\u00f3n.\n    <\/p>\n<p class=\"article-text\">\n        El primer contacto con Gil por parte de equipos de salvamento se produjo el pasado domingo y, desde entonces, se hab\u00eda mantenido el contacto con \u00e9l. El vigilante se encontraba en \u201cun paso subterr\u00e1neo en una caseta de seguridad con 140 toneladas de escombros encima\u201d, seg\u00fan dijo a EFE un portavoz de la Cruz Roja de Costa Rica, involucrada tambi\u00e9n en el rescate, quien se\u00f1al\u00f3 que se hab\u00eda replanteado la estrategia y que se estaba \u201cbuscando un nuevo acceso\u201d.\n    <\/p>\n<p class=\"article-text\">\n        Seg\u00fan voluntarios de la Cruz Roja venezolana, Gil pudo preservar su vida gracias a la garita, que fue su escudo de protecci\u00f3n. Su esposa, Gusbimar Gonz\u00e1lez, estuvo frente al edificio desplomado desde el pasado jueves, un d\u00eda despu\u00e9s de los terremotos.\n    <\/p>\n<p class=\"article-text\">\n        Informa <strong>EFE<\/strong>\n    <\/p>\n","protected":false},"excerpt":{"rendered":"Un superviviente de los terremotos en Venezuela fue rescatado en la ma\u00f1ana de este jueves, tras ocho d\u00edas&hellip;\n","protected":false},"author":2,"featured_media":637951,"comment_status":"","ping_status":"","sticky":false,"template":"","format":"standard","meta":{"footnotes":""},"categories":[8],"tags":[11919,6815,17,18,20263,113828,25,24,13,14,11,11225,1458,6138,19,20,9,10,15,16,1262,23,8983,12,1885,21,22,1192,431],"class_list":["post-637950","post","type-post","status-publish","format-standard","has-post-thumbnail","category-espana","tag-11919","tag-6815","tag-breaking-news","tag-breakingnews","tag-busqueda","tag-colapsan","tag-es","tag-espana","tag-featured-news","tag-featurednews","tag-headlines","tag-heridos","tag-hora","tag-hospitales","tag-latest-news","tag-latestnews","tag-news","tag-noticias","tag-noticias-destacadas","tag-noticiasdestacadas","tag-sigue","tag-spain","tag-terremotos","tag-titulares","tag-ultima","tag-ultimas-noticias","tag-ultimasnoticias","tag-venezuela","tag-victimas"],"share_on_mastodon":{"url":"https:\/\/pubeurope.com\/@es\/116852286007876474","error":""},"_links":{"self":[{"href":"https:\/\/www.europesays.com\/es\/wp-json\/wp\/v2\/posts\/637950","targetHints":{"allow":["GET"]}}],"collection":[{"href":"https:\/\/www.europesays.com\/es\/wp-json\/wp\/v2\/posts"}],"about":[{"href":"https:\/\/www.europesays.com\/es\/wp-json\/wp\/v2\/types\/post"}],"author":[{"embeddable":true,"href":"https:\/\/www.europesays.com\/es\/wp-json\/wp\/v2\/users\/2"}],"replies":[{"embeddable":true,"href":"https:\/\/www.europesays.com\/es\/wp-json\/wp\/v2\/comments?post=637950"}],"version-history":[{"count":0,"href":"https:\/\/www.europesays.com\/es\/wp-json\/wp\/v2\/posts\/637950\/revisions"}],"wp:featuredmedia":[{"embeddable":true,"href":"https:\/\/www.europesays.com\/es\/wp-json\/wp\/v2\/media\/637951"}],"wp:attachment":[{"href":"https:\/\/www.europesays.com\/es\/wp-json\/wp\/v2\/media?parent=637950"}],"wp:term":[{"taxonomy":"category","embeddable":true,"href":"https:\/\/www.europesays.com\/es\/wp-json\/wp\/v2\/categories?post=637950"},{"taxonomy":"post_tag","embeddable":true,"href":"https:\/\/www.europesays.com\/es\/wp-json\/wp\/v2\/tags?post=637950"}],"curies":[{"name":"wp","href":"https:\/\/api.w.org\/{rel}","templated":true}]}}