{"id":637994,"date":"2026-07-02T21:10:16","date_gmt":"2026-07-02T21:10:16","guid":{"rendered":"https:\/\/www.europesays.com\/es\/637994\/"},"modified":"2026-07-02T21:10:16","modified_gmt":"2026-07-02T21:10:16","slug":"prime-video-apuesta-por-galicia-con-nuevas-peliculas-del-universo-zombie-de-manel-loureiro-al-mundo-de-espias-de-luis-zahera-y-mario-casas","status":"publish","type":"post","link":"https:\/\/www.europesays.com\/es\/637994\/","title":{"rendered":"Prime Video apuesta por Galicia con nuevas pel\u00edculas: del universo &#8216;zombie&#8217; de Manel Loureiro al mundo de esp\u00edas de Luis Zahera y Mario Casas"},"content":{"rendered":"<p class=\"ft-text\"><strong>Galicia y sus paisajes de pel\u00edcula siguen cautivando a las grandes plataformas de <\/strong><strong>streaming<\/strong>. Si a principios de a\u00f1o <a class=\"ft-link ft-link--decoration\" href=\"https:\/\/www.netflix.com\/\" target=\"_blank\" rel=\"nofollow noopener\"><strong>Netflix<\/strong><\/a><strong> <\/strong>anunciaba su firme compromiso por seguir creando historias locales desde la comunidad \u2014<a class=\"ft-link ft-link--decoration\" href=\"https:\/\/www.elcorreogallego.es\/galicia\/2026\/01\/31\/diego-avalos-vicepresidente-de-contenidos-de-netflix-en-espana-presencia-galicia-va-a-ir-a-mas-126286042.html\" target=\"_blank\" rel=\"nofollow noopener\"><strong>\u00abLa presencia de la plataforma roja en Galicia va a ir a m\u00e1s\u00bb, advirti\u00f3 a finales de enero a EL CORREO GALLEGO Diego \u00c1valos, vicepresidente de Contenidos de Netflix en Espa\u00f1a, Portugal y Turqu\u00eda<\/strong><\/a>\u2014, ahora es una de sus grandes rivales, <a class=\"ft-link ft-link--decoration\" href=\"https:\/\/www.primevideo.com\/offers\/nonprimehomepage\/ref=dv_web_force_root?irclickid=893c2122N764b11f1b7db634eb8a98d7&amp;afsrc=1&amp;gad_source=1&amp;irgwc=1\" target=\"_blank\" rel=\"nofollow noopener\"><strong>Prime Video<\/strong><\/a>, que cumple diez a\u00f1os en Espa\u00f1a, la que <strong>apuesta por el talento gallego y los paisajes que ofrece la comunidad<\/strong>.<\/p>\n<p class=\"ft-text\">Lo hace poniendo en marcha hasta cuatro secuelas de pel\u00edculas ya disponibles en la plataforma de streaming.<\/p>\n<p>\u2018Apocalipsis Z 2\u2019, el regreso del universo &#8216;zombie&#8217; del gallego Manel Loureiro<\/p>\n<p class=\"ft-text\">Nueva entrega de la <strong>adaptaci\u00f3n de la exitosa trilog\u00eda de novelas de literatura fant\u00e1stica del <\/strong><a class=\"ft-link ft-link--decoration\" href=\"https:\/\/www.elcorreogallego.es\/cultura\/2026\/04\/08\/manel-loureiro-sufre-error-estados-128888533.html\" target=\"_blank\" rel=\"nofollow noopener\"><strong>escritor gallego Manel Loureiro<\/strong><\/a> que <strong>llegar\u00e1 el pr\u00f3ximo 31 de octubre a Prime Video<\/strong> para que podamos pasar un Halloween de aut\u00e9ntico terror.<\/p>\n<p class=\"ft-text\"><strong>Apocalipsis Z 2<\/strong> contin\u00faa la historia de una de las pel\u00edculas m\u00e1s vistas del gigante del streaming hasta el momento, <strong>Apocalipsis Z: El principio del fin<\/strong>. Un t\u00edtulo que lleg\u00f3 a ser el m\u00e1s seguido en m\u00e1s de 90 pa\u00edses poco despu\u00e9s de su estreno el 31 de octubre de 2024 \u2014de hecho, se sigue encontrando en el Top 10 de pel\u00edculas originales de Prime Video de habla no inglesa\u2014 y en el que se puede ver como su protagonista, <strong>Manel (Francisco Ortiz), un abogado que no logra rehacer su vida tras sufrir una tragedia personal, se a\u00edsla en su casa de Galicia con su gato L\u00faculo<\/strong> ante la amenaza de una especie de rabia que transforma a las personas en zombies. <\/p>\n<p><img decoding=\"async\" src=\"https:\/\/www.europesays.com\/es\/wp-content\/uploads\/2026\/07\/e4cce225-018c-4291-abd7-3e98edea7b99_alta-libre-aspect-ratio_default_0_x1024y384.jpg\" width=\"1200\" height=\"675\" alt=\"Cartel promocional de 'Apocalipsis Z: El principio del fin', pel\u00edcula rodada en Galicia y basada en el universo 'zombie' de Manel Loureiro.\" class=\"ft-helper-img-rd\" loading=\"lazy\" fetchpriority=\"auto\"\/><\/p>\n<p class=\"ft-helper-fontColor-quaternary ft-helper-fontSize-body-S ft-helper-spacer-t-xxs\">Cartel promocional de &#8216;Apocalipsis Z: El principio del fin&#8217;, pel\u00edcula rodada en Galicia y basada en el universo &#8216;zombie&#8217; de Manel Loureiro.  \/ Prime Video<\/p>\n<p class=\"ft-text\">Sin embargo, Manel pronto tiene que abandonar su hogar para salir en busca de la comida que le permita seguir con vida. Ello le obliga a iniciar, junto a su inseparable gato, un viaje de supervivencia lleno de peligros que le lleve a reencontrarse con la familia que le queda en Canarias.<\/p>\n<p class=\"ft-text\">Precisamente, en esta segunda pel\u00edcula apocal\u00edptica basada en los libros de Manel Loureiro, <strong>la acci\u00f3n se trasladar\u00e1 de lleno al archipi\u00e9lago canario<\/strong> \u2014aunque, adem\u00e1s de en Gran Canaria, el largometraje tambi\u00e9n se rod\u00f3 en localizaciones de Barcelona y Lleida\u2014, convertido ahora en uno de los \u00faltimos bastiones de Europa de resistencia frente a los zombies y el virus TSJ que los infecta.<\/p>\n<p class=\"ft-text\">El problema es que la isla ha dejado de ser segura para convertirse en un campo de batalla donde se entrecruzan el miedo, la supervivencia y los dilemas morales de una comunidad cercada por el caos global.<\/p>\n<p class=\"ft-text\">Este nuevo filme, <a class=\"ft-link ft-link--decoration\" href=\"https:\/\/www.nostromopictures.com\/movies\/coming-soon\/apocalipsis-z-parte-ii\" target=\"_blank\" rel=\"nofollow noopener\"><strong>Apocalipsis Z 2<\/strong><\/a>, dirigido nuevamente por Carles Torrens, tambi\u00e9n cuenta con la presencia de actores de la talla de Carlos Alcaide, Jos\u00e9 Mar\u00eda Yazpik, M\u00f3nica L\u00f3pez, Julia Mart\u00ednez, Tamara Casellas, Berta V\u00e1zquez, Santiago Vaca y Javier Godino, entre otros.<\/p>\n<p>\u2018D\u00edmelo en secreto\u2019, un tri\u00e1ngulo amoroso adolescente desde Galicia<\/p>\n<p class=\"ft-text\">Segunda parte de la <strong>adaptaci\u00f3n de la reconocida trilog\u00eda rom\u00e1ntica de Mercedes Ron<\/strong> que acerca el tri\u00e1ngulo amoroso de dos hermanos, Thiago y Taylor Di Bianco (Fernando Lindez y Diego Vidales), y una amiga de la infancia, Kamila Hamilton (Alicia Falc\u00f3), a la que vuelven a ver tras mucho tiempo que tanto nos recuerda a <strong>la popular serie <\/strong><strong>El verano en que me enamor\u00e9<\/strong>.<\/p>\n<p class=\"ft-text\">Una pel\u00edcula <a class=\"ft-link ft-link--decoration\" href=\"https:\/\/www.vacafilms.com\/\" target=\"_blank\" rel=\"nofollow noopener\"><strong>producida por la coru\u00f1esa Vaca Films<\/strong><\/a> que espera, a partir de principios de 2027, repetir el \u00e9xito del primer largometraje de la saga, <strong>D\u00edmelo Bajito<\/strong>, el cual todav\u00eda se mantiene, desde su estreno el pasado 12 de diciembre, en el Top 10 de pel\u00edculas originales de Prime Video de habla no inglesa.<\/p>\n<p class=\"ft-text\">Un nuevo proyecto rodado a finales del pasado a\u00f1o, entre los meses de octubre y diciembre, que <a class=\"ft-link ft-link--decoration\" href=\"https:\/\/industriasculturais.xunta.gal\/gl\/actualidade\/rodaxe-dimelo-en-secreto\" target=\"_blank\" rel=\"nofollow noopener\"><strong>moviliz\u00f3 a m\u00e1s de 800 figurantes en localizaciones gallegas como Bergondo, Ferrol, Monfero, Ourol, As Pontes de Garc\u00eda Rodr\u00edguez y A Coru\u00f1a<\/strong><\/a>.<\/p>\n<p>\u2018D\u00edmelo con besos\u2019, el gran final de la trilog\u00eda de Mercedes Ron adaptada por Vaca Films<\/p>\n<p class=\"ft-text\">Esperado <strong>desenlace de la historia amorosa <\/strong>en la que Kamila Hamilton, a la que volver\u00e1 a dar vida en pantalla Alicia Falc\u00f3, deber\u00e1 decidir con cual de los dos hermanos Di Bianco se queda finalmente: Thiago (Fernando Lindez) o Taylor (Diego Vidales). El problema es que escoger a uno significa renunciar al otro.<\/p>\n<p class=\"ft-text\">El proyecto, todav\u00eda sin previsi\u00f3n de estreno, se encuentra, seg\u00fan Prime Video, en fase de producci\u00f3n, pero <a class=\"ft-link ft-link--decoration\" href=\"https:\/\/www.elcorreogallego.es\/santiago\/2026\/06\/15\/buscan-figurantes-santiago-de-compostela-nueva-pelicula-131425813.html\" target=\"_blank\" rel=\"nofollow noopener\"><strong>alguno de los <\/strong><\/a><a class=\"ft-link ft-link--decoration\" href=\"https:\/\/www.elcorreogallego.es\/santiago\/2026\/06\/15\/buscan-figurantes-santiago-de-compostela-nueva-pelicula-131425813.html\" target=\"_blank\" rel=\"nofollow noopener\"><strong>castings <\/strong><\/a><a class=\"ft-link ft-link--decoration\" href=\"https:\/\/www.elcorreogallego.es\/santiago\/2026\/06\/15\/buscan-figurantes-santiago-de-compostela-nueva-pelicula-131425813.html\" target=\"_blank\" rel=\"nofollow noopener\"><strong>abiertos recientemente para participar como figurantes en Galicia da a entender que los rodajes ya han comenzado y se extender\u00e1n hasta agosto en zonas de A Coru\u00f1a, Santiago y alrededores<\/strong><\/a>.<\/p>\n<p><img decoding=\"async\" src=\"https:\/\/www.europesays.com\/es\/wp-content\/uploads\/2026\/07\/f7a8a5b6-4d7b-4f85-8557-0431c8ab23af_alta-libre-aspect-ratio_default_0_x500y203.jpg\" width=\"1200\" height=\"732\" alt=\"Fotograma de 'D\u00edmelo bajito'.\" class=\"ft-helper-img-rd\" loading=\"lazy\" fetchpriority=\"auto\"\/><\/p>\n<p class=\"ft-helper-fontColor-quaternary ft-helper-fontSize-body-S ft-helper-spacer-t-xxs\">Fotograma de &#8216;D\u00edmelo bajito&#8217;.  \/ Vaca Films<\/p>\n<p>\u2018Zeta 2\u2019, el regreso del mundo de esp\u00edas de Luis Zahera y Mario Casas<\/p>\n<p class=\"ft-text\">Secuela de la <a class=\"ft-link ft-link--decoration\" href=\"https:\/\/www.elcorreogallego.es\/galicia\/2026\/03\/23\/mario-casas-luis-zahera-pelicula-rodada-en-galicia-mas-vista-de-prime-video-128316791.html\" target=\"_blank\" rel=\"nofollow noopener\"><strong>pel\u00edcula m\u00e1s vista en Prime Video en lo que llevamos de 2026, <\/strong><\/a><a class=\"ft-link ft-link--decoration\" href=\"https:\/\/www.elcorreogallego.es\/galicia\/2026\/03\/23\/mario-casas-luis-zahera-pelicula-rodada-en-galicia-mas-vista-de-prime-video-128316791.html\" target=\"_blank\" rel=\"nofollow noopener\"><strong>Zeta<\/strong><\/a>, la obra sobre esp\u00edas protagonizada por los gallegos <strong>Mario Casas<\/strong> y <a class=\"ft-link ft-link--decoration\" href=\"https:\/\/www.elcorreogallego.es\/ocio\/tv\/2026\/06\/30\/luis-zahera-pasado-drogas-universo-calleja-131963988.amp.html\" target=\"_blank\" rel=\"nofollow noopener\"><strong>Luis Zahera<\/strong><\/a> que el cineasta lucense Dani de la Torre rod\u00f3 en Monforte de Lemos y localizaciones de la Ribeira Sacra como O Savi\u00f1ao, Chantada y Sober.<\/p>\n<p class=\"ft-text\">Un nuevo proyecto \u2014que ya se encuentra en producci\u00f3n y cuyas grabaciones, seg\u00fan la productora Fonte Films, \u00abcomenzar\u00e1n en septiembre de este a\u00f1o\u00bb\u2014 que, a buen seguro, entusiasma al <a class=\"ft-link ft-link--decoration\" href=\"https:\/\/www.elcorreogallego.es\/galicia\/2026\/03\/19\/dani-de-la-torre-zeta-rodajes-en-galicia-mario-casas-luis-zahera-pelicula-de-accion-espana-128147495.html\" target=\"_blank\" rel=\"nofollow noopener\"><strong>director gallego Dani de la Torre<\/strong><\/a>, quien, al igual que en el filme original, se situar\u00e1 al frente de este largometraje que puede suponer el inicio de la primera franquicia de pel\u00edculas sobre esp\u00edas espa\u00f1oles.<\/p>\n<p class=\"ft-text\">Seg\u00fan ha anunciado Prime Video, en esta segunda entrega, un grupo de turistas espa\u00f1oles es detenido en Tailandia en una operaci\u00f3n contra el tr\u00e1fico de drogas y, pese a declararse inocentes, todos se enfrentan a la pena de muerte. <\/p>\n<p><img decoding=\"async\" src=\"https:\/\/www.europesays.com\/es\/wp-content\/uploads\/2026\/07\/d98185f3-2520-42b9-9130-a2e5c52d9bf8_alta-libre-aspect-ratio_default_0_x435y193.jpg\" width=\"1200\" height=\"801\" alt=\"Rodada en Galicia y protagonizada por Mario Casas y Luis Zahera as\u00ed es la nueva pel\u00edcula de acci\u00f3n de Prime Video.\" class=\"ft-helper-img-rd\" loading=\"lazy\" fetchpriority=\"auto\"\/><\/p>\n<p class=\"ft-helper-fontColor-quaternary ft-helper-fontSize-body-S ft-helper-spacer-t-xxs\">Mario Casas y Luis Zahera, en la pel\u00edcula de acci\u00f3n de Prime Video &#8216;Zeta&#8217;.  \/ Prime Video<\/p>\n<p class=\"ft-text\">Ser\u00e1 entonces cuando el Centro Nacional de Inteligencia (CNI) decida enviar a su mejor agente, Zeta (Mario Casas), sobre el terreno para descubrir qu\u00e9 hay realmente detr\u00e1s de esta operaci\u00f3n. <\/p>\n<p class=\"ft-text\">El compostelano <strong>Luis Zahera<\/strong> \u2014que en Zeta nos record\u00f3 al Robert Redford de Spy Game al dar vida a Ancares, esp\u00eda del CNI retirado capaz de manejar todo desde las sombras\u2014 volver\u00e1 a situarse, con permiso del coru\u00f1\u00e9s <strong>Mario Casas<\/strong>, al frente del reparto de un <a class=\"ft-link ft-link--decoration\" href=\"https:\/\/www.elcorreogallego.es\/galicia\/2026\/06\/24\/prime-video-confirma-segunda-parte-pelicula-mas-vista-del-ano-rodada-en-galicia-mario-casas-luis-zahera-espias-cni-zeta-131780405.html\" target=\"_blank\" rel=\"nofollow noopener\"><strong>proyecto que promete repetir los grandes momentos de intriga y acci\u00f3n al m\u00e1s puro estilo Hollywood que tanto cautivaron en la pel\u00edcula original<\/strong><\/a> y que esperamos ver a trav\u00e9s de nuestras pantallas m\u00e1s pronto que tarde.<\/p>\n","protected":false},"excerpt":{"rendered":"Galicia y sus paisajes de pel\u00edcula siguen cautivando a las grandes plataformas de streaming. Si a principios de&hellip;\n","protected":false},"author":2,"featured_media":637995,"comment_status":"","ping_status":"","sticky":false,"template":"","format":"standard","meta":{"footnotes":""},"categories":[169],"tags":[304,177,146,147,25,24,176,816,175,2860,753,521,23,9911,2338],"class_list":["post-637994","post","type-post","status-publish","format-standard","has-post-thumbnail","category-cine","tag-apuesta","tag-cine","tag-entertainment","tag-entretenimiento","tag-es","tag-espana","tag-film","tag-galicia","tag-movies","tag-nuevas","tag-peliculas","tag-prime","tag-spain","tag-universo","tag-video"],"share_on_mastodon":{"url":"https:\/\/pubeurope.com\/@es\/116852440762792034","error":""},"_links":{"self":[{"href":"https:\/\/www.europesays.com\/es\/wp-json\/wp\/v2\/posts\/637994","targetHints":{"allow":["GET"]}}],"collection":[{"href":"https:\/\/www.europesays.com\/es\/wp-json\/wp\/v2\/posts"}],"about":[{"href":"https:\/\/www.europesays.com\/es\/wp-json\/wp\/v2\/types\/post"}],"author":[{"embeddable":true,"href":"https:\/\/www.europesays.com\/es\/wp-json\/wp\/v2\/users\/2"}],"replies":[{"embeddable":true,"href":"https:\/\/www.europesays.com\/es\/wp-json\/wp\/v2\/comments?post=637994"}],"version-history":[{"count":0,"href":"https:\/\/www.europesays.com\/es\/wp-json\/wp\/v2\/posts\/637994\/revisions"}],"wp:featuredmedia":[{"embeddable":true,"href":"https:\/\/www.europesays.com\/es\/wp-json\/wp\/v2\/media\/637995"}],"wp:attachment":[{"href":"https:\/\/www.europesays.com\/es\/wp-json\/wp\/v2\/media?parent=637994"}],"wp:term":[{"taxonomy":"category","embeddable":true,"href":"https:\/\/www.europesays.com\/es\/wp-json\/wp\/v2\/categories?post=637994"},{"taxonomy":"post_tag","embeddable":true,"href":"https:\/\/www.europesays.com\/es\/wp-json\/wp\/v2\/tags?post=637994"}],"curies":[{"name":"wp","href":"https:\/\/api.w.org\/{rel}","templated":true}]}}