{"id":638210,"date":"2026-07-02T23:49:10","date_gmt":"2026-07-02T23:49:10","guid":{"rendered":"https:\/\/www.europesays.com\/es\/638210\/"},"modified":"2026-07-02T23:49:10","modified_gmt":"2026-07-02T23:49:10","slug":"muere-el-pintor-manolo-cuervo-autor-del-cartel-de-la-macarena-de-2019-y-del-de-semana-santa-en-2022","status":"publish","type":"post","link":"https:\/\/www.europesays.com\/es\/638210\/","title":{"rendered":"Muere el pintor Manolo Cuervo, autor del cartel de la Macarena de 2019 y del de Semana Santa en 2022"},"content":{"rendered":"<p class=\"c-paragraph\">El <a href=\"https:\/\/www.20minutos.es\/tags\/temas\/pintura.html\" rel=\"nofollow noopener\" target=\"_blank\">artista<\/a> <b>Manolo Cuervo<\/b> ha fallecido a los 70 a\u00f1os. \u00abCon \u00e9l se marcha un artista incontestable, un <a href=\"https:\/\/www.20minutos.es\/andalucia\/sevilla\/\" title=\"--Sevilla\" rel=\"nofollow noopener\" target=\"_blank\">sevillano<\/a> que hizo de la pintura su mejor herramienta para mostrar al mundo que la belleza tiene mil colores y formas\u00bb. \u00abDescansa en paz. <b>La ciudad te estar\u00e1 eternamente agradecida por todo el legado que le dejas<\/b>\u00ab, ha expresado en sus redes el alcalde de Sevilla, Jos\u00e9 Luis Sanz.<\/p>\n<p class=\"c-paragraph\">Sanz ha trasladado sus condolencias por el fallecimiento de quien fue el autor del cartel de la Macarena en 2019, el de la Semana Santa de Sevilla, en 2022; el cartel del II Congreso Internacional de Hermandades, dos a\u00f1os m\u00e1s tarde, y el de la Esperanza de Triana en su Misi\u00f3n al Pol\u00edgono Sur, entre otros muchos.<\/p>\n<p class=\"c-paragraph\">Cuervo era un artista influido por la <b>est\u00e9tica pop<\/b>, la t\u00e9cnica del expresionismo abstracto y \u00ablas m\u00e1s avanzadas corrientes de dise\u00f1o gr\u00e1fico\u00bb. Entre su producci\u00f3n, series muy conocidas como Tratamiento de choque, Ventana al mar, La Mirada indiscreta, Help o\u00a0Jazz, por citar tan solo algunas.<\/p>\n<p class=\"c-paragraph\">Sus obras est\u00e1n realizadas con t\u00e9cnicas que abarcan el <b>acr\u00edlico sobre papel, lienzo<\/b> y tambi\u00e9n<b> serigraf\u00eda<\/b>s, rescata piezas en las que \u00abdesfilan im\u00e1genes, personajes, mitos e iconos de una vida entregada al color y a la m\u00fasica\u00bb, tales como Miles Davis, Jane Birkin, Amy Winehouse, Bob Dylan, Tom Waitts y Mick Jagger.<\/p>\n<p class=\"c-paragraph\">Aunque naci\u00f3 en Isla Cristina (Huelva, 1955), Cuervo viv\u00eda en Sevilla desde la infancia. Ha sido el autor de la imagen de los principales acontecimientos culturales de Sevilla de las \u00faltimas d\u00e9cadas. <b>Son<\/b> ya <b>historia<\/b> <b>sus carteles<\/b> para los conciertos de Cita en Sevilla, Festivales de Jazz, Festival de It\u00e1lica, Festival de Nueva M\u00fasica y Festival New Age (Universidad de Sevilla), la Expo 92, el Rising Stars (Fundaci\u00f3n Cajasol), Territorios Sevilla, Festival de Jazz de Cicus y el Festival Nocturama.<\/p>\n","protected":false},"excerpt":{"rendered":"El artista Manolo Cuervo ha fallecido a los 70 a\u00f1os. \u00abCon \u00e9l se marcha un artista incontestable, un&hellip;\n","protected":false},"author":2,"featured_media":638211,"comment_status":"","ping_status":"","sticky":false,"template":"","format":"standard","meta":{"footnotes":""},"categories":[173],"tags":[229,233,231,230,1697,17465,232,234,146,147,25,24,24370,8938,475,23],"class_list":["post-638210","post","type-post","status-publish","format-standard","has-post-thumbnail","category-arte-y-diseno","tag-arte","tag-arte-y-diseno","tag-arts","tag-arts-and-design","tag-autor","tag-cuervo","tag-design","tag-diseno","tag-entertainment","tag-entretenimiento","tag-es","tag-espana","tag-manolo","tag-muere","tag-pintor","tag-spain"],"share_on_mastodon":{"url":"https:\/\/pubeurope.com\/@es\/116853064688424701","error":""},"_links":{"self":[{"href":"https:\/\/www.europesays.com\/es\/wp-json\/wp\/v2\/posts\/638210","targetHints":{"allow":["GET"]}}],"collection":[{"href":"https:\/\/www.europesays.com\/es\/wp-json\/wp\/v2\/posts"}],"about":[{"href":"https:\/\/www.europesays.com\/es\/wp-json\/wp\/v2\/types\/post"}],"author":[{"embeddable":true,"href":"https:\/\/www.europesays.com\/es\/wp-json\/wp\/v2\/users\/2"}],"replies":[{"embeddable":true,"href":"https:\/\/www.europesays.com\/es\/wp-json\/wp\/v2\/comments?post=638210"}],"version-history":[{"count":0,"href":"https:\/\/www.europesays.com\/es\/wp-json\/wp\/v2\/posts\/638210\/revisions"}],"wp:featuredmedia":[{"embeddable":true,"href":"https:\/\/www.europesays.com\/es\/wp-json\/wp\/v2\/media\/638211"}],"wp:attachment":[{"href":"https:\/\/www.europesays.com\/es\/wp-json\/wp\/v2\/media?parent=638210"}],"wp:term":[{"taxonomy":"category","embeddable":true,"href":"https:\/\/www.europesays.com\/es\/wp-json\/wp\/v2\/categories?post=638210"},{"taxonomy":"post_tag","embeddable":true,"href":"https:\/\/www.europesays.com\/es\/wp-json\/wp\/v2\/tags?post=638210"}],"curies":[{"name":"wp","href":"https:\/\/api.w.org\/{rel}","templated":true}]}}