{"id":63832,"date":"2025-08-22T03:37:11","date_gmt":"2025-08-22T03:37:11","guid":{"rendered":"https:\/\/www.europesays.com\/es\/63832\/"},"modified":"2025-08-22T03:37:11","modified_gmt":"2025-08-22T03:37:11","slug":"carly-rae-jepsen-celebra-una-decada-de-emotion-con-6-canciones-nuevas-en-una-edicion-especial-novedades","status":"publish","type":"post","link":"https:\/\/www.europesays.com\/es\/63832\/","title":{"rendered":"Carly Rae Jepsen celebra una d\u00e9cada de &#8216;Emotion&#8217; con 6 canciones nuevas en una edici\u00f3n especial | Novedades"},"content":{"rendered":"<p>Diez a\u00f1os despu\u00e9s de haber lanzado su aclamado disco Emotion, <a href=\"https:\/\/los40.com\/tag\/carly_rae_jepsen\/a\/\" target=\"_blank\" rel=\"nofollow noopener\" title=\"https:\/\/los40.com\/tag\/carly_rae_jepsen\/a\/\"><b>Carly Rae Jepsen<\/b><\/a>, vuelve a poner en el centro del escenario su aclamado \u00e1lbum. La artista canadiense ha anunciado una edici\u00f3n conmemorativa que no solo <a href=\"https:\/\/los40.com\/los40\/2021\/09\/20\/musica\/1632157586_914287.html\" target=\"_blank\" rel=\"nofollow noopener\" title=\"https:\/\/los40.com\/los40\/2021\/09\/20\/musica\/1632157586_914287.html\">revive el esp\u00edritu del proyecto original, <\/a>sino que lo expande con seis nuevas canciones que prometen emocionar a sus seguidores m\u00e1s fieles.<\/p>\n<p>La edici\u00f3n aniversario, que ver\u00e1 la luz el pr\u00f3ximo 17 de octubre, incluir\u00e1 cuatro canciones in\u00e9ditas y dos remezclas del ic\u00f3nico sencillo <b>Run Away With Me <\/b>reinterpretadas por los productores <b>Kyle Shearer y Rostam<\/b>. Entre los nuevos temas se encuentran <b>More <\/b>junto a<b> Guardian Angel, Back Of My Heart y Lost In Devotion<\/b>, t\u00edtulos que sugieren una exploraci\u00f3n m\u00e1s \u00edntima y mel\u00f3dica del universo sonoro de Jepsen.<\/p>\n<p>Desde su lanzamiento en junio de 2015, Emotion ha sido considerado por cr\u00edticos y fans como una obra de referencia del pop alternativo del siglo XXI. Aunque no alcanz\u00f3 los primeros puestos en las listas de \u00e9xitos, su impacto cultural ha sido profundo. El \u00e1lbum logr\u00f3 posicionarse en el n\u00famero 16 la lista de EE UU y fue incluido en m\u00faltiples rankings de lo mejor de la d\u00e9cada, consolidando a Jepsen como una artista con visi\u00f3n propia y sensibilidad \u00fanica.<\/p>\n<p><img decoding=\"async\" src=\"https:\/\/los40.com\/pf\/resources\/img\/logo-40-v-c.svg?d=857\" alt=\"LOS40\" class=\"i-pro\" width=\"68\" height=\"68\" loading=\"lazy\"\/><\/p>\n<p>La cantante, que <a href=\"https:\/\/los40.com\/los40\/2022\/07\/16\/actualidad\/1657876988_433118.html\" target=\"_blank\" rel=\"nofollow noopener\" title=\"https:\/\/los40.com\/los40\/2022\/07\/16\/actualidad\/1657876988_433118.html\">salt\u00f3 a la fama mundial en 2012 con el hit Call Me Maybe<\/a>, utiliz\u00f3 Emotion como una plataforma para redefinir su estilo. Con influencias del synth-pop ochentero y colaboraciones con <b>productores como Dev Hynes y Ariel Rechtshaid<\/b>, el disco marc\u00f3 un giro art\u00edstico que la alej\u00f3 del molde comercial y la acerc\u00f3 a una est\u00e9tica m\u00e1s sofisticada y emocional.<\/p>\n<p>En los a\u00f1os posteriores, Jepsen ha mantenido una trayectoria coherente, lanzando \u00e1lbumes como<b> Dedicated, The Loneliest Time y su secuela The Loveliest Time<\/b>, este \u00faltimo publicado en 2023. Cada proyecto ha sido una extensi\u00f3n de la narrativa iniciada con Emotion, explorando temas como el amor, la nostalgia y la b\u00fasqueda de conexi\u00f3n.<\/p>\n<p>La edici\u00f3n especial de Emotion no solo estar\u00e1 disponible en formato digital, sino tambi\u00e9n en vinilos exclusivos que podr\u00e1n adquirirse a trav\u00e9s de su sitio web oficial. Con esta nueva entrega, Carly Rae Jepsen rinde homenaje a uno de sus trabajos m\u00e1s queridos.<\/p>\n","protected":false},"excerpt":{"rendered":"Diez a\u00f1os despu\u00e9s de haber lanzado su aclamado disco Emotion, Carly Rae Jepsen, vuelve a poner en el&hellip;\n","protected":false},"author":2,"featured_media":63833,"comment_status":"","ping_status":"","sticky":false,"template":"","format":"standard","meta":{"footnotes":""},"categories":[170],"tags":[146,147,25,24,184,185,23],"class_list":{"0":"post-63832","1":"post","2":"type-post","3":"status-publish","4":"format-standard","5":"has-post-thumbnail","7":"category-musica","8":"tag-entertainment","9":"tag-entretenimiento","10":"tag-es","11":"tag-espana","12":"tag-music","13":"tag-musica","14":"tag-spain"},"share_on_mastodon":{"url":"","error":""},"_links":{"self":[{"href":"https:\/\/www.europesays.com\/es\/wp-json\/wp\/v2\/posts\/63832","targetHints":{"allow":["GET"]}}],"collection":[{"href":"https:\/\/www.europesays.com\/es\/wp-json\/wp\/v2\/posts"}],"about":[{"href":"https:\/\/www.europesays.com\/es\/wp-json\/wp\/v2\/types\/post"}],"author":[{"embeddable":true,"href":"https:\/\/www.europesays.com\/es\/wp-json\/wp\/v2\/users\/2"}],"replies":[{"embeddable":true,"href":"https:\/\/www.europesays.com\/es\/wp-json\/wp\/v2\/comments?post=63832"}],"version-history":[{"count":0,"href":"https:\/\/www.europesays.com\/es\/wp-json\/wp\/v2\/posts\/63832\/revisions"}],"wp:featuredmedia":[{"embeddable":true,"href":"https:\/\/www.europesays.com\/es\/wp-json\/wp\/v2\/media\/63833"}],"wp:attachment":[{"href":"https:\/\/www.europesays.com\/es\/wp-json\/wp\/v2\/media?parent=63832"}],"wp:term":[{"taxonomy":"category","embeddable":true,"href":"https:\/\/www.europesays.com\/es\/wp-json\/wp\/v2\/categories?post=63832"},{"taxonomy":"post_tag","embeddable":true,"href":"https:\/\/www.europesays.com\/es\/wp-json\/wp\/v2\/tags?post=63832"}],"curies":[{"name":"wp","href":"https:\/\/api.w.org\/{rel}","templated":true}]}}