{"id":638332,"date":"2026-07-03T01:29:02","date_gmt":"2026-07-03T01:29:02","guid":{"rendered":"https:\/\/www.europesays.com\/es\/638332\/"},"modified":"2026-07-03T01:29:02","modified_gmt":"2026-07-03T01:29:02","slug":"marta-penate-aclara-su-estado-de-salud-para-evitar-especulaciones-tengo-una-enfermedad-trofoblastica-gestacional","status":"publish","type":"post","link":"https:\/\/www.europesays.com\/es\/638332\/","title":{"rendered":"Marta Pe\u00f1ate aclara su estado de salud para evitar especulaciones: \u00abTengo una enfermedad trofobl\u00e1stica gestacional\u00bb"},"content":{"rendered":"<p class=\"article-text\">\n        Tras anunciar hace solo un par de d\u00edas que tiene que someterse a<strong> \u201cuna o dos sesiones\u201d de quimioterapia<\/strong> por una \u201ccomplicaci\u00f3n\u201d de su embarazo ect\u00f3pico, <strong>Marta Pe\u00f1ate<\/strong> ha querido aclarar sus palabras para evitar que sigan form\u00e1ndose \u201cespeculaciones\u201d acerca de su estado de salud.\n    <\/p>\n<p>    <a href=\"https:\/\/www.eldiario.es\/vertele\/noticias\/supremo-condena-cuarzo-jose-antonio-aviles-pagar-30-000-euros-casillas-audios-aireados-viva-vida_1_13350455.html\" data-mrf-recirculation=\"saber-mas\" data-dl-event=\"saber-mas\" rel=\"nofollow noopener\" target=\"_blank\"><\/p>\n<p class=\"know-more__title\">El Supremo condena a Cuarzo y a Jos\u00e9 Antonio Avil\u00e9s a pagar 30.000 euros a Casillas por unos audios aireados en &#8216;Viva la vida&#8217;<\/p>\n<p>            <img decoding=\"async\" class=\"lazy\" loading=\"lazy\" data-src=\"https:\/\/static.eldiario.es\/clip\/18f11d7d-50f7-4304-b318-84f5959c2aba_16-9-aspect-ratio_default_0.jpg\" src=\"data:image\/svg+xml,%3Csvg xmlns=\" http:=\"\" viewbox=\"0 0 880 495\" alt=\"El Supremo condena a Cuarzo y a Jos\u00e9 Antonio Avil\u00e9s a pagar 30.000 euros a Casillas por unos audios aireados en 'Viva la vida'\"\/><\/p>\n<p>                        <\/a><\/p>\n<p class=\"article-text\">\n        La exconcursante de Gran Hermano asegura que <strong>padece una \u201cenfermedad trofobl\u00e1stica gestacional\u201d<\/strong> que se encuentra en \u201cgrado I\u201d. Esta enfermedad podr\u00eda derivar de alg\u00fan tipo de c\u00e1ncer, de ah\u00ed que se vayan a tomar las medidas necesarias para evitar que esto ocurra.\n    <\/p>\n<p class=\"article-text\">\n        Pe\u00f1ate niega que esta enfermedad est\u00e9 relacionada con la fecundaci\u00f3n in vitro porque, en definitiva, es algo que \u201cle puede pasar a cualquier mujer que quiera buscar un hijo, tambi\u00e9n las que lo buscan de forma natural\u201d. Y tampoco es algo que est\u00e9 relacionado con los \u201cproblemas de fertilidad\u201d. <strong>\u201cSe llama mala suerte, ya que encima hay un 0,1% de posibilidades de que esto pase. La vida me dio a m\u00ed todas las batallas para ser el 0,1 y que las dem\u00e1s se salven\u201d<\/strong>, lamenta la canaria en el comunicado que ha compartido a trav\u00e9s de las redes sociales.\n    <\/p>\n<p>    <a href=\"https:\/\/www.eldiario.es\/vertele\/noticias\/jueces-condenan-atresmedia-pagar-50-000-euros-socorrista-he-liado-parda_1_13347043.html\" data-mrf-recirculation=\"saber-mas-abajo\" data-dl-event=\"saber-mas-abajo\" rel=\"nofollow noopener\" target=\"_blank\"><\/p>\n<p class=\"know-more__title\">Los jueces condenan a Atresmedia a pagar 50.000 euros a la socorrista del \u201cla he liado parda\u201d<\/p>\n<p>            <img decoding=\"async\" class=\"lazy\" loading=\"lazy\" data-src=\"https:\/\/static.eldiario.es\/clip\/94f8e205-7a67-421e-9864-7340e97eaf8b_16-9-aspect-ratio_default_0.jpg\" src=\"data:image\/svg+xml,%3Csvg xmlns=\" http:=\"\" viewbox=\"0 0 880 495\" alt=\"Los jueces condenan a Atresmedia a pagar 50.000 euros a la socorrista del &quot;la he liado parda&quot;\"\/><\/p>\n<p>                        <\/a><\/p>\n<p class=\"article-text\">\n        Pe\u00f1ate aprovecha para zanjar ante sus seguidores algunas de las cl\u00e1sicas preguntas que le hacen llegar. Reconoce que en muchas ocasiones se plantea si realmente merece la pena atravesar un embarazo tan complicado como el suyo, aunque siempre termina pensando que es cuesti\u00f3n de superar cada uno de los obst\u00e1culos. \u201cAhora quiero pasar lo que estoy viviendo y luego ya veremos, ni preguntado si la quimio que me doy me afecta en algo de fertilidad, porque mi prioridad ahora mismo es mi salud\u201d, a\u00f1ade.\n    <\/p>\n<blockquote class=\"instagram-media\" data-instgrm-version=\"14\" data-instgrm-permalink=\"https:\/\/www.instagram.com\/reel\/DaLpQmRAWq7\/\" data-instgrm-captioned=\"\"\/>\n<p>                                    <script async src=\"\/\/www.instagram.com\/embed.js\"><\/script><\/p>\n","protected":false},"excerpt":{"rendered":"Tras anunciar hace solo un par de d\u00edas que tiene que someterse a \u201cuna o dos sesiones\u201d de&hellip;\n","protected":false},"author":2,"featured_media":638333,"comment_status":"","ping_status":"","sticky":false,"template":"","format":"standard","meta":{"footnotes":""},"categories":[91],"tags":[2825,2996,146,147,25,24,41650,6971,112425,14494,32154,166,23,117948],"class_list":["post-638332","post","type-post","status-publish","format-standard","has-post-thumbnail","category-entretenimiento","tag-aclara","tag-enfermedad","tag-entertainment","tag-entretenimiento","tag-es","tag-espana","tag-especulaciones","tag-evitar","tag-gestacional","tag-marta","tag-penate","tag-salud","tag-spain","tag-trofoblastica"],"share_on_mastodon":{"url":"https:\/\/pubeurope.com\/@es\/116853457858272786","error":""},"_links":{"self":[{"href":"https:\/\/www.europesays.com\/es\/wp-json\/wp\/v2\/posts\/638332","targetHints":{"allow":["GET"]}}],"collection":[{"href":"https:\/\/www.europesays.com\/es\/wp-json\/wp\/v2\/posts"}],"about":[{"href":"https:\/\/www.europesays.com\/es\/wp-json\/wp\/v2\/types\/post"}],"author":[{"embeddable":true,"href":"https:\/\/www.europesays.com\/es\/wp-json\/wp\/v2\/users\/2"}],"replies":[{"embeddable":true,"href":"https:\/\/www.europesays.com\/es\/wp-json\/wp\/v2\/comments?post=638332"}],"version-history":[{"count":0,"href":"https:\/\/www.europesays.com\/es\/wp-json\/wp\/v2\/posts\/638332\/revisions"}],"wp:featuredmedia":[{"embeddable":true,"href":"https:\/\/www.europesays.com\/es\/wp-json\/wp\/v2\/media\/638333"}],"wp:attachment":[{"href":"https:\/\/www.europesays.com\/es\/wp-json\/wp\/v2\/media?parent=638332"}],"wp:term":[{"taxonomy":"category","embeddable":true,"href":"https:\/\/www.europesays.com\/es\/wp-json\/wp\/v2\/categories?post=638332"},{"taxonomy":"post_tag","embeddable":true,"href":"https:\/\/www.europesays.com\/es\/wp-json\/wp\/v2\/tags?post=638332"}],"curies":[{"name":"wp","href":"https:\/\/api.w.org\/{rel}","templated":true}]}}