{"id":63848,"date":"2025-08-22T03:46:07","date_gmt":"2025-08-22T03:46:07","guid":{"rendered":"https:\/\/www.europesays.com\/es\/63848\/"},"modified":"2025-08-22T03:46:07","modified_gmt":"2025-08-22T03:46:07","slug":"revelaron-detalles-de-la-autopsia-del-streamer-frances-que-murio-durante-una-transmision-en-vivo","status":"publish","type":"post","link":"https:\/\/www.europesays.com\/es\/63848\/","title":{"rendered":"Revelaron detalles de la autopsia del streamer franc\u00e9s que muri\u00f3 durante una transmisi\u00f3n en vivo"},"content":{"rendered":"<p><img alt=\"El streamer franc\u00e9s Jean Pormanove\" class=\"global-image\" decoding=\"async\" fetchpriority=\"high\" height=\"840\" loading=\"eager\" src=\"https:\/\/www.europesays.com\/es\/wp-content\/uploads\/2025\/08\/KFSLCLQGHJDYZPTSVTG4FNI7TI.jpeg\" width=\"1200\"\/>El streamer franc\u00e9s Jean Pormanove fue hallado muerto durante una transmisi\u00f3n en vivo en su casa de Niza (Instagram)<\/p>\n<p class=\"paragraph\">La <b>autopsia<\/b> de <b>Raphael Graven<\/b>, el <a rel=\"noopener noreferrer nofollow\" href=\"https:\/\/www.infobae.com\/america\/mundo\/2025\/08\/20\/un-streamer-frances-fue-hallado-muerto-durante-una-transmision-en-vivo-hacia-violentos-desafios-de-humillaciones-online\/\" target=\"_blank\" title=\"https:\/\/www.infobae.com\/america\/mundo\/2025\/08\/20\/un-streamer-frances-fue-hallado-muerto-durante-una-transmision-en-vivo-hacia-violentos-desafios-de-humillaciones-online\/\">streamer franc\u00e9s que muri\u00f3 durante una transmisi\u00f3n en vivo<\/a>, determin\u00f3 que su fallecimiento <b>\u201cno fue de origen traum\u00e1tico y no estuvo relacionada con la intervenci\u00f3n de un tercero\u201d<\/b>, inform\u00f3 este jueves el <b>fiscal Damien Martinelli.<\/b><\/p>\n<p class=\"paragraph\">Graven, de <b>46 a\u00f1os<\/b>, conocido en internet como \u201cJean Pormanove\u201d o \u201cJP\u201d, falleci\u00f3 el lunes en la localidad de <b>Contes<\/b>, cerca de <b>Niza<\/b>. Durante la transmisi\u00f3n, en la <b>plataforma australiana Kick<\/b>, se lo ve\u00eda aparentemente <b>sometido a burlas y agresiones<\/b> por parte de otros participantes. En las im\u00e1genes, un hombre le arrojaba una botella de pl\u00e1stico mientras \u00e9l permanec\u00eda tumbado bajo una s\u00e1bana, lo que gener\u00f3 conmoci\u00f3n entre sus seguidores.<\/p>\n<p class=\"paragraph\"><b>\u201cLas causas probables de la muerte parecen ser m\u00e9dicas y\/o toxicol\u00f3gicas\u201d<\/b>, afirm\u00f3 Martinelli, quien a\u00f1adi\u00f3 que se hab\u00edan ordenado m\u00e1s pruebas.<\/p>\n<p class=\"paragraph\">El fiscal precis\u00f3 que los m\u00e9dicos forenses <b>no detectaron \u201clesiones internas ni externas\u201d significativas<\/b>, m\u00e1s all\u00e1 de algunos<b> hematomas y marcas antiguas<\/b>. Tampoco se hallaron signos de quemaduras. Graven, a\u00f1adi\u00f3, recib\u00eda tratamiento para la gl\u00e1ndula <b>tiroides<\/b> y <b>podr\u00eda haber tenido problemas card\u00edacos previos<\/b>.<\/p>\n<p class=\"paragraph\">Con cientos de miles de seguidores, el streamer hab\u00eda ganado notoriedad en Kick con transmisiones en las que era <b>objeto de humillaciones y maltratos<\/b>. Tras su muerte, la plataforma anunci\u00f3 la expulsi\u00f3n de todos los co-streamers que participaron en la emisi\u00f3n y asegur\u00f3 estar realizando una \u201creevaluaci\u00f3n completa\u201d de su contenido en franc\u00e9s.<\/p>\n<p><img alt=\"Foto de Raphael Graven, conocido\" class=\"global-image\" decoding=\"async\" fetchpriority=\"low\" height=\"1819\" loading=\"lazy\" src=\"https:\/\/www.europesays.com\/es\/wp-content\/uploads\/2025\/08\/JMZS5RMWGVFENOJO6CVSODXMNY.JPG\" width=\"3000\"\/>Foto de Raphael Graven, conocido en l\u00ednea como Jean Pormanove, y el logotipo de Kick en una ilustraci\u00f3n tomada el 21 de agosto de 2025. (REUTERS\/Dado Ruvic\/Illustration)<\/p>\n<p class=\"paragraph\">Kick, que suele ser cuestionada por sus pol\u00edticas de moderaci\u00f3n m\u00e1s laxas que las de su competidor Twitch, qued\u00f3 en el centro de la pol\u00e9mica mientras la justicia francesa espera los resultados de los an\u00e1lisis complementarios.<\/p>\n<p class=\"paragraph\">Los \u00faltimos mensajes que Raphael Graven envi\u00f3 a su madre reflejaban la desesperaci\u00f3n de alguien desbordado por una situaci\u00f3n que se le hab\u00eda ido de las manos. En uno de ellos, lleg\u00f3 a admitir que se sent\u00eda como un <b>\u201creh\u00e9n\u201d<\/b>, una confesi\u00f3n que, seg\u00fan inform\u00f3 Le Figaro, ofrece una imagen sombr\u00eda de sus \u00faltimos d\u00edas de vida.<\/p>\n<p class=\"paragraph\">Los desaf\u00edos espec\u00edficos que Graven supuestamente enfrent\u00f3 durante sus \u00faltimos 10 d\u00edas incluyeron <b>privaci\u00f3n del sue\u00f1o, violencia extrema y la ingesti\u00f3n de sustancias t\u00f3xicas.<\/b> Estas alegaciones provienen de medios locales franceses, aunque las autoridades a\u00fan no han confirmado oficialmente estos detalles.<\/p>\n<p class=\"paragraph\">Su colaborador de larga data, conocido online como \u00ab<b>Naruto<\/b>\u201c, anunci\u00f3 la noticia en Instagram y pidi\u00f3 a los fan\u00e1ticos que no compartieran clips de la perturbadora transmisi\u00f3n final, donde Graven apareci\u00f3 inconsciente antes de ser hallado muerto.<\/p>\n<p class=\"paragraph\">(Con informaci\u00f3n de AFP)<\/p>\n","protected":false},"excerpt":{"rendered":"El streamer franc\u00e9s Jean Pormanove fue hallado muerto durante una transmisi\u00f3n en vivo en su casa de Niza&hellip;\n","protected":false},"author":2,"featured_media":63849,"comment_status":"","ping_status":"","sticky":false,"template":"","format":"standard","meta":{"footnotes":""},"categories":[5],"tags":[17,18,404,25,24,406,13,14,11,26224,19,20,9,10,15,16,23,12,21,22,4510],"class_list":{"0":"post-63848","1":"post","2":"type-post","3":"status-publish","4":"format-standard","5":"has-post-thumbnail","7":"category-titulares","8":"tag-breaking-news","9":"tag-breakingnews","10":"tag-corporate-events","11":"tag-es","12":"tag-espana","13":"tag-europe","14":"tag-featured-news","15":"tag-featurednews","16":"tag-headlines","17":"tag-human-interest-brights-odd-news","18":"tag-latest-news","19":"tag-latestnews","20":"tag-news","21":"tag-noticias","22":"tag-noticias-destacadas","23":"tag-noticiasdestacadas","24":"tag-spain","25":"tag-titulares","26":"tag-ultimas-noticias","27":"tag-ultimasnoticias","28":"tag-zenica"},"share_on_mastodon":{"url":"","error":""},"_links":{"self":[{"href":"https:\/\/www.europesays.com\/es\/wp-json\/wp\/v2\/posts\/63848","targetHints":{"allow":["GET"]}}],"collection":[{"href":"https:\/\/www.europesays.com\/es\/wp-json\/wp\/v2\/posts"}],"about":[{"href":"https:\/\/www.europesays.com\/es\/wp-json\/wp\/v2\/types\/post"}],"author":[{"embeddable":true,"href":"https:\/\/www.europesays.com\/es\/wp-json\/wp\/v2\/users\/2"}],"replies":[{"embeddable":true,"href":"https:\/\/www.europesays.com\/es\/wp-json\/wp\/v2\/comments?post=63848"}],"version-history":[{"count":0,"href":"https:\/\/www.europesays.com\/es\/wp-json\/wp\/v2\/posts\/63848\/revisions"}],"wp:featuredmedia":[{"embeddable":true,"href":"https:\/\/www.europesays.com\/es\/wp-json\/wp\/v2\/media\/63849"}],"wp:attachment":[{"href":"https:\/\/www.europesays.com\/es\/wp-json\/wp\/v2\/media?parent=63848"}],"wp:term":[{"taxonomy":"category","embeddable":true,"href":"https:\/\/www.europesays.com\/es\/wp-json\/wp\/v2\/categories?post=63848"},{"taxonomy":"post_tag","embeddable":true,"href":"https:\/\/www.europesays.com\/es\/wp-json\/wp\/v2\/tags?post=63848"}],"curies":[{"name":"wp","href":"https:\/\/api.w.org\/{rel}","templated":true}]}}